{"id":33873,"date":"2025-06-26T10:58:35","date_gmt":"2025-06-26T08:58:35","guid":{"rendered":"https:\/\/hebergement2.ch\/?p=33873"},"modified":"2025-11-19T15:55:33","modified_gmt":"2025-11-19T14:55:33","slug":"rando-raquettes-apero","status":"publish","type":"post","link":"https:\/\/ess-villars.ch\/fr\/rando-raquettes-apero\/","title":{"rendered":"Rando raquettes ap\u00e9ro"},"content":{"rendered":"<h3 data-start=\"117\" data-end=\"173\">\ud83c\udf04 Balade magique au cr\u00e9puscule + ap\u00e9ro local \ud83c\udf77\ud83e\uddc0<\/h3>\n<p data-start=\"175\" data-end=\"349\">Envie de finir la journ\u00e9e en beaut\u00e9 ? Rejoignez un <strong data-start=\"226\" data-end=\"254\">guide pro de la montagne<\/strong> pour une balade tranquille\u2026 avec <strong data-start=\"288\" data-end=\"320\">vin, fromage et bonne humeur<\/strong> \u00e0 la tomb\u00e9e de la nuit ! \u2728<\/p>\n<p data-start=\"351\" data-end=\"476\">\u23f0 <strong data-start=\"353\" data-end=\"364\">Quand ?<\/strong> Tous les jours de 17h \u00e0 19h<br data-start=\"392\" data-end=\"395\" \/>\ud83d\udccd <strong data-start=\"398\" data-end=\"406\">O\u00f9 ?<\/strong> Au choix avec votre guide, selon vos envies et votre forme physique<\/p>\n<p data-start=\"478\" data-end=\"583\">\ud83c\udf7d <strong data-start=\"481\" data-end=\"497\">Option bonus<\/strong> : prolongez la soir\u00e9e dans un <strong data-start=\"528\" data-end=\"553\">restaurant d\u2019altitude<\/strong> pour un d\u00eener inoubliable !<\/p>\n<p data-start=\"585\" data-end=\"642\">\ud83d\udc68\u200d\ud83d\udc69\u200d\ud83d\udc67\u200d\ud83d\udc66 <strong data-start=\"597\" data-end=\"622\">Pour tous les niveaux<\/strong>, petits et grands<\/p>\n<p data-start=\"644\" data-end=\"764\">\ud83d\udcb0 <strong data-start=\"647\" data-end=\"670\">CHF 50.- \/ personne<\/strong> (\u00e0 partir de 4 participants)<br data-start=\"699\" data-end=\"702\" \/>\ud83d\udd26 <strong data-start=\"705\" data-end=\"731\">Lampe frontale fournie<\/strong> \u2013 ambiance nocturne garantie !<\/p>\n<p data-start=\"766\" data-end=\"853\">\ud83d\udce9 <strong data-start=\"769\" data-end=\"809\">R\u00e9servez vite aupr\u00e8s de notre bureau<\/strong> et vivez un moment magique en montagne \ud83c\udf1f<\/p>\n<form><\/form>\n","protected":false},"excerpt":{"rendered":"<p>\ud83c\udf04 Balade magique au cr\u00e9puscule + ap\u00e9ro local \ud83c\udf77\ud83e\uddc0 Envie de finir la journ\u00e9e en beaut\u00e9 ? Rejoignez un guide pro de la montagne pour une balade tranquille\u2026 avec vin, fromage et bonne humeur \u00e0 la tomb\u00e9e de la nuit ! \u2728 \u23f0 Quand ? Tous les jours de 17h \u00e0 19h\ud83d\udccd O\u00f9 ? Au [&hellip;]<\/p>\n","protected":false},"author":2,"featured_media":49825,"comment_status":"open","ping_status":"open","sticky":false,"template":"","format":"standard","meta":{"_acf_changed":false,"footnotes":""},"categories":[11],"tags":[],"class_list":["post-33873","post","type-post","status-publish","format-standard","has-post-thumbnail","hentry","category-animations"],"acf":[],"yoast_head":"<!-- This site is optimized with the Yoast SEO plugin v27.4 - https:\/\/yoast.com\/product\/yoast-seo-wordpress\/ -->\n<title>Rando Raquettes Ap\u00e9ro - ESS VILLARS<\/title>\n<meta name=\"description\" content=\"Balade en compagnie d\u2019un professionnel de la montagne avec ap\u00e9ritif \u00e0 la tomb\u00e9e de la nuit ou pour une soir\u00e9e dans un restaurant d\u2019altitude.\" \/>\n<meta name=\"robots\" content=\"index, follow, max-snippet:-1, max-image-preview:large, max-video-preview:-1\" \/>\n<link rel=\"canonical\" href=\"https:\/\/ess-villars.ch\/fr\/rando-raquettes-apero\/\" \/>\n<meta property=\"og:locale\" content=\"fr_FR\" \/>\n<meta property=\"og:type\" content=\"article\" \/>\n<meta property=\"og:title\" content=\"Rando Raquettes Ap\u00e9ro - ESS VILLARS\" \/>\n<meta property=\"og:description\" content=\"Balade en compagnie d\u2019un professionnel de la montagne avec ap\u00e9ritif \u00e0 la tomb\u00e9e de la nuit ou pour une soir\u00e9e dans un restaurant d\u2019altitude.\" \/>\n<meta property=\"og:url\" content=\"https:\/\/ess-villars.ch\/fr\/rando-raquettes-apero\/\" \/>\n<meta property=\"og:site_name\" content=\"ESS Villars\" \/>\n<meta property=\"article:published_time\" content=\"2025-06-26T08:58:35+00:00\" \/>\n<meta property=\"article:modified_time\" content=\"2025-11-19T14:55:33+00:00\" \/>\n<meta property=\"og:image\" content=\"https:\/\/ess-villars.ch\/wp-content\/uploads\/2025\/11\/photoapero_genereIA-683x1024.png\" \/>\n\t<meta property=\"og:image:width\" content=\"683\" \/>\n\t<meta property=\"og:image:height\" content=\"1024\" \/>\n\t<meta property=\"og:image:type\" content=\"image\/png\" \/>\n<meta name=\"author\" content=\"Admin_Staff\" \/>\n<meta name=\"twitter:card\" content=\"summary_large_image\" \/>\n<meta name=\"twitter:label1\" content=\"\u00c9crit par\" \/>\n\t<meta name=\"twitter:data1\" content=\"Admin_Staff\" \/>\n\t<meta name=\"twitter:label2\" content=\"Dur\u00e9e de lecture estim\u00e9e\" \/>\n\t<meta name=\"twitter:data2\" content=\"1 minute\" \/>\n<script type=\"application\/ld+json\" class=\"yoast-schema-graph\">{\"@context\":\"https:\\\/\\\/schema.org\",\"@graph\":[{\"@type\":\"Article\",\"@id\":\"https:\\\/\\\/ess-villars.ch\\\/fr\\\/rando-raquettes-apero\\\/#article\",\"isPartOf\":{\"@id\":\"https:\\\/\\\/ess-villars.ch\\\/fr\\\/rando-raquettes-apero\\\/\"},\"author\":{\"name\":\"Admin_Staff\",\"@id\":\"https:\\\/\\\/ess-villars.ch\\\/fr\\\/#\\\/schema\\\/person\\\/0fda72e009252fdc076e88918989ea53\"},\"headline\":\"Rando raquettes ap\u00e9ro\",\"datePublished\":\"2025-06-26T08:58:35+00:00\",\"dateModified\":\"2025-11-19T14:55:33+00:00\",\"mainEntityOfPage\":{\"@id\":\"https:\\\/\\\/ess-villars.ch\\\/fr\\\/rando-raquettes-apero\\\/\"},\"wordCount\":113,\"commentCount\":0,\"publisher\":{\"@id\":\"https:\\\/\\\/ess-villars.ch\\\/fr\\\/#organization\"},\"image\":{\"@id\":\"https:\\\/\\\/ess-villars.ch\\\/fr\\\/rando-raquettes-apero\\\/#primaryimage\"},\"thumbnailUrl\":\"https:\\\/\\\/ess-villars.ch\\\/wp-content\\\/uploads\\\/2025\\\/11\\\/photoapero_genereIA.png\",\"articleSection\":[\"Animations\"],\"inLanguage\":\"fr-FR\",\"potentialAction\":[{\"@type\":\"CommentAction\",\"name\":\"Comment\",\"target\":[\"https:\\\/\\\/ess-villars.ch\\\/fr\\\/rando-raquettes-apero\\\/#respond\"]}]},{\"@type\":\"WebPage\",\"@id\":\"https:\\\/\\\/ess-villars.ch\\\/fr\\\/rando-raquettes-apero\\\/\",\"url\":\"https:\\\/\\\/ess-villars.ch\\\/fr\\\/rando-raquettes-apero\\\/\",\"name\":\"Rando Raquettes Ap\u00e9ro - ESS VILLARS\",\"isPartOf\":{\"@id\":\"https:\\\/\\\/ess-villars.ch\\\/fr\\\/#website\"},\"primaryImageOfPage\":{\"@id\":\"https:\\\/\\\/ess-villars.ch\\\/fr\\\/rando-raquettes-apero\\\/#primaryimage\"},\"image\":{\"@id\":\"https:\\\/\\\/ess-villars.ch\\\/fr\\\/rando-raquettes-apero\\\/#primaryimage\"},\"thumbnailUrl\":\"https:\\\/\\\/ess-villars.ch\\\/wp-content\\\/uploads\\\/2025\\\/11\\\/photoapero_genereIA.png\",\"datePublished\":\"2025-06-26T08:58:35+00:00\",\"dateModified\":\"2025-11-19T14:55:33+00:00\",\"description\":\"Balade en compagnie d\u2019un professionnel de la montagne avec ap\u00e9ritif \u00e0 la tomb\u00e9e de la nuit ou pour une soir\u00e9e dans un restaurant d\u2019altitude.\",\"breadcrumb\":{\"@id\":\"https:\\\/\\\/ess-villars.ch\\\/fr\\\/rando-raquettes-apero\\\/#breadcrumb\"},\"inLanguage\":\"fr-FR\",\"potentialAction\":[{\"@type\":\"ReadAction\",\"target\":[\"https:\\\/\\\/ess-villars.ch\\\/fr\\\/rando-raquettes-apero\\\/\"]}]},{\"@type\":\"ImageObject\",\"inLanguage\":\"fr-FR\",\"@id\":\"https:\\\/\\\/ess-villars.ch\\\/fr\\\/rando-raquettes-apero\\\/#primaryimage\",\"url\":\"https:\\\/\\\/ess-villars.ch\\\/wp-content\\\/uploads\\\/2025\\\/11\\\/photoapero_genereIA.png\",\"contentUrl\":\"https:\\\/\\\/ess-villars.ch\\\/wp-content\\\/uploads\\\/2025\\\/11\\\/photoapero_genereIA.png\",\"width\":1024,\"height\":1536},{\"@type\":\"BreadcrumbList\",\"@id\":\"https:\\\/\\\/ess-villars.ch\\\/fr\\\/rando-raquettes-apero\\\/#breadcrumb\",\"itemListElement\":[{\"@type\":\"ListItem\",\"position\":1,\"name\":\"Home\",\"item\":\"https:\\\/\\\/ess-villars.ch\\\/fr\\\/\"},{\"@type\":\"ListItem\",\"position\":2,\"name\":\"Rando raquettes ap\u00e9ro\"}]},{\"@type\":\"WebSite\",\"@id\":\"https:\\\/\\\/ess-villars.ch\\\/fr\\\/#website\",\"url\":\"https:\\\/\\\/ess-villars.ch\\\/fr\\\/\",\"name\":\"ESS Villars\",\"description\":\"Join the red legend !\",\"publisher\":{\"@id\":\"https:\\\/\\\/ess-villars.ch\\\/fr\\\/#organization\"},\"potentialAction\":[{\"@type\":\"SearchAction\",\"target\":{\"@type\":\"EntryPoint\",\"urlTemplate\":\"https:\\\/\\\/ess-villars.ch\\\/fr\\\/?s={search_term_string}\"},\"query-input\":{\"@type\":\"PropertyValueSpecification\",\"valueRequired\":true,\"valueName\":\"search_term_string\"}}],\"inLanguage\":\"fr-FR\"},{\"@type\":\"Organization\",\"@id\":\"https:\\\/\\\/ess-villars.ch\\\/fr\\\/#organization\",\"name\":\"ESS Villars\",\"url\":\"https:\\\/\\\/ess-villars.ch\\\/fr\\\/\",\"logo\":{\"@type\":\"ImageObject\",\"inLanguage\":\"fr-FR\",\"@id\":\"https:\\\/\\\/ess-villars.ch\\\/fr\\\/#\\\/schema\\\/logo\\\/image\\\/\",\"url\":\"https:\\\/\\\/ess-villars.ch\\\/wp-content\\\/uploads\\\/2023\\\/08\\\/ESS_Villars_logo_png.png\",\"contentUrl\":\"https:\\\/\\\/ess-villars.ch\\\/wp-content\\\/uploads\\\/2023\\\/08\\\/ESS_Villars_logo_png.png\",\"width\":1181,\"height\":1181,\"caption\":\"ESS Villars\"},\"image\":{\"@id\":\"https:\\\/\\\/ess-villars.ch\\\/fr\\\/#\\\/schema\\\/logo\\\/image\\\/\"}},{\"@type\":\"Person\",\"@id\":\"https:\\\/\\\/ess-villars.ch\\\/fr\\\/#\\\/schema\\\/person\\\/0fda72e009252fdc076e88918989ea53\",\"name\":\"Admin_Staff\",\"image\":{\"@type\":\"ImageObject\",\"inLanguage\":\"fr-FR\",\"@id\":\"https:\\\/\\\/secure.gravatar.com\\\/avatar\\\/adac45573ab92aa3bf45233e45766560ef9ab74196ee07d953add1d303d23c89?s=96&d=mm&r=g\",\"url\":\"https:\\\/\\\/secure.gravatar.com\\\/avatar\\\/adac45573ab92aa3bf45233e45766560ef9ab74196ee07d953add1d303d23c89?s=96&d=mm&r=g\",\"contentUrl\":\"https:\\\/\\\/secure.gravatar.com\\\/avatar\\\/adac45573ab92aa3bf45233e45766560ef9ab74196ee07d953add1d303d23c89?s=96&d=mm&r=g\",\"caption\":\"Admin_Staff\"}}]}<\/script>\n<!-- \/ Yoast SEO plugin. -->","yoast_head_json":{"title":"Rando Raquettes Ap\u00e9ro - ESS VILLARS","description":"Balade en compagnie d\u2019un professionnel de la montagne avec ap\u00e9ritif \u00e0 la tomb\u00e9e de la nuit ou pour une soir\u00e9e dans un restaurant d\u2019altitude.","robots":{"index":"index","follow":"follow","max-snippet":"max-snippet:-1","max-image-preview":"max-image-preview:large","max-video-preview":"max-video-preview:-1"},"canonical":"https:\/\/ess-villars.ch\/fr\/rando-raquettes-apero\/","og_locale":"fr_FR","og_type":"article","og_title":"Rando Raquettes Ap\u00e9ro - ESS VILLARS","og_description":"Balade en compagnie d\u2019un professionnel de la montagne avec ap\u00e9ritif \u00e0 la tomb\u00e9e de la nuit ou pour une soir\u00e9e dans un restaurant d\u2019altitude.","og_url":"https:\/\/ess-villars.ch\/fr\/rando-raquettes-apero\/","og_site_name":"ESS Villars","article_published_time":"2025-06-26T08:58:35+00:00","article_modified_time":"2025-11-19T14:55:33+00:00","og_image":[{"width":683,"height":1024,"url":"https:\/\/ess-villars.ch\/wp-content\/uploads\/2025\/11\/photoapero_genereIA-683x1024.png","type":"image\/png"}],"author":"Admin_Staff","twitter_card":"summary_large_image","twitter_misc":{"\u00c9crit par":"Admin_Staff","Dur\u00e9e de lecture estim\u00e9e":"1 minute"},"schema":{"@context":"https:\/\/schema.org","@graph":[{"@type":"Article","@id":"https:\/\/ess-villars.ch\/fr\/rando-raquettes-apero\/#article","isPartOf":{"@id":"https:\/\/ess-villars.ch\/fr\/rando-raquettes-apero\/"},"author":{"name":"Admin_Staff","@id":"https:\/\/ess-villars.ch\/fr\/#\/schema\/person\/0fda72e009252fdc076e88918989ea53"},"headline":"Rando raquettes ap\u00e9ro","datePublished":"2025-06-26T08:58:35+00:00","dateModified":"2025-11-19T14:55:33+00:00","mainEntityOfPage":{"@id":"https:\/\/ess-villars.ch\/fr\/rando-raquettes-apero\/"},"wordCount":113,"commentCount":0,"publisher":{"@id":"https:\/\/ess-villars.ch\/fr\/#organization"},"image":{"@id":"https:\/\/ess-villars.ch\/fr\/rando-raquettes-apero\/#primaryimage"},"thumbnailUrl":"https:\/\/ess-villars.ch\/wp-content\/uploads\/2025\/11\/photoapero_genereIA.png","articleSection":["Animations"],"inLanguage":"fr-FR","potentialAction":[{"@type":"CommentAction","name":"Comment","target":["https:\/\/ess-villars.ch\/fr\/rando-raquettes-apero\/#respond"]}]},{"@type":"WebPage","@id":"https:\/\/ess-villars.ch\/fr\/rando-raquettes-apero\/","url":"https:\/\/ess-villars.ch\/fr\/rando-raquettes-apero\/","name":"Rando Raquettes Ap\u00e9ro - ESS VILLARS","isPartOf":{"@id":"https:\/\/ess-villars.ch\/fr\/#website"},"primaryImageOfPage":{"@id":"https:\/\/ess-villars.ch\/fr\/rando-raquettes-apero\/#primaryimage"},"image":{"@id":"https:\/\/ess-villars.ch\/fr\/rando-raquettes-apero\/#primaryimage"},"thumbnailUrl":"https:\/\/ess-villars.ch\/wp-content\/uploads\/2025\/11\/photoapero_genereIA.png","datePublished":"2025-06-26T08:58:35+00:00","dateModified":"2025-11-19T14:55:33+00:00","description":"Balade en compagnie d\u2019un professionnel de la montagne avec ap\u00e9ritif \u00e0 la tomb\u00e9e de la nuit ou pour une soir\u00e9e dans un restaurant d\u2019altitude.","breadcrumb":{"@id":"https:\/\/ess-villars.ch\/fr\/rando-raquettes-apero\/#breadcrumb"},"inLanguage":"fr-FR","potentialAction":[{"@type":"ReadAction","target":["https:\/\/ess-villars.ch\/fr\/rando-raquettes-apero\/"]}]},{"@type":"ImageObject","inLanguage":"fr-FR","@id":"https:\/\/ess-villars.ch\/fr\/rando-raquettes-apero\/#primaryimage","url":"https:\/\/ess-villars.ch\/wp-content\/uploads\/2025\/11\/photoapero_genereIA.png","contentUrl":"https:\/\/ess-villars.ch\/wp-content\/uploads\/2025\/11\/photoapero_genereIA.png","width":1024,"height":1536},{"@type":"BreadcrumbList","@id":"https:\/\/ess-villars.ch\/fr\/rando-raquettes-apero\/#breadcrumb","itemListElement":[{"@type":"ListItem","position":1,"name":"Home","item":"https:\/\/ess-villars.ch\/fr\/"},{"@type":"ListItem","position":2,"name":"Rando raquettes ap\u00e9ro"}]},{"@type":"WebSite","@id":"https:\/\/ess-villars.ch\/fr\/#website","url":"https:\/\/ess-villars.ch\/fr\/","name":"ESS Villars","description":"Join the red legend !","publisher":{"@id":"https:\/\/ess-villars.ch\/fr\/#organization"},"potentialAction":[{"@type":"SearchAction","target":{"@type":"EntryPoint","urlTemplate":"https:\/\/ess-villars.ch\/fr\/?s={search_term_string}"},"query-input":{"@type":"PropertyValueSpecification","valueRequired":true,"valueName":"search_term_string"}}],"inLanguage":"fr-FR"},{"@type":"Organization","@id":"https:\/\/ess-villars.ch\/fr\/#organization","name":"ESS Villars","url":"https:\/\/ess-villars.ch\/fr\/","logo":{"@type":"ImageObject","inLanguage":"fr-FR","@id":"https:\/\/ess-villars.ch\/fr\/#\/schema\/logo\/image\/","url":"https:\/\/ess-villars.ch\/wp-content\/uploads\/2023\/08\/ESS_Villars_logo_png.png","contentUrl":"https:\/\/ess-villars.ch\/wp-content\/uploads\/2023\/08\/ESS_Villars_logo_png.png","width":1181,"height":1181,"caption":"ESS Villars"},"image":{"@id":"https:\/\/ess-villars.ch\/fr\/#\/schema\/logo\/image\/"}},{"@type":"Person","@id":"https:\/\/ess-villars.ch\/fr\/#\/schema\/person\/0fda72e009252fdc076e88918989ea53","name":"Admin_Staff","image":{"@type":"ImageObject","inLanguage":"fr-FR","@id":"https:\/\/secure.gravatar.com\/avatar\/adac45573ab92aa3bf45233e45766560ef9ab74196ee07d953add1d303d23c89?s=96&d=mm&r=g","url":"https:\/\/secure.gravatar.com\/avatar\/adac45573ab92aa3bf45233e45766560ef9ab74196ee07d953add1d303d23c89?s=96&d=mm&r=g","contentUrl":"https:\/\/secure.gravatar.com\/avatar\/adac45573ab92aa3bf45233e45766560ef9ab74196ee07d953add1d303d23c89?s=96&d=mm&r=g","caption":"Admin_Staff"}}]}},"_links":{"self":[{"href":"https:\/\/ess-villars.ch\/fr\/wp-json\/wp\/v2\/posts\/33873","targetHints":{"allow":["GET"]}}],"collection":[{"href":"https:\/\/ess-villars.ch\/fr\/wp-json\/wp\/v2\/posts"}],"about":[{"href":"https:\/\/ess-villars.ch\/fr\/wp-json\/wp\/v2\/types\/post"}],"author":[{"embeddable":true,"href":"https:\/\/ess-villars.ch\/fr\/wp-json\/wp\/v2\/users\/2"}],"replies":[{"embeddable":true,"href":"https:\/\/ess-villars.ch\/fr\/wp-json\/wp\/v2\/comments?post=33873"}],"version-history":[{"count":7,"href":"https:\/\/ess-villars.ch\/fr\/wp-json\/wp\/v2\/posts\/33873\/revisions"}],"predecessor-version":[{"id":49829,"href":"https:\/\/ess-villars.ch\/fr\/wp-json\/wp\/v2\/posts\/33873\/revisions\/49829"}],"wp:featuredmedia":[{"embeddable":true,"href":"https:\/\/ess-villars.ch\/fr\/wp-json\/wp\/v2\/media\/49825"}],"wp:attachment":[{"href":"https:\/\/ess-villars.ch\/fr\/wp-json\/wp\/v2\/media?parent=33873"}],"wp:term":[{"taxonomy":"category","embeddable":true,"href":"https:\/\/ess-villars.ch\/fr\/wp-json\/wp\/v2\/categories?post=33873"},{"taxonomy":"post_tag","embeddable":true,"href":"https:\/\/ess-villars.ch\/fr\/wp-json\/wp\/v2\/tags?post=33873"}],"curies":[{"name":"wp","href":"https:\/\/api.w.org\/{rel}","templated":true}]}}