{"id":29684,"date":"2023-08-30T17:00:30","date_gmt":"2023-08-30T15:00:30","guid":{"rendered":"https:\/\/hebergement2.ch\/?p=29684"},"modified":"2025-09-25T12:25:34","modified_gmt":"2025-09-25T10:25:34","slug":"la-naissance-de-lecole-suisse-de-ski-de-villars","status":"publish","type":"post","link":"https:\/\/ess-villars.ch\/fr\/blogs\/item\/2535-episode-1-la-naissance-de-l-ecole-suisse-de-ski-de-villars","title":{"rendered":"Episode 1: La naissance de L&rsquo;\u00e9cole Suisse de Ski de Villars"},"content":{"rendered":"<h2>La naissance de L&rsquo;\u00e9cole Suisse de Ski de Villars<\/h2>\n<p>En 1936, la premi\u00e8re \u00e9preuve de ski alpin aux Jeux Olympiques de Garmisch-Partenkirchen s\u2019ouvre sur une vive pol\u00e9mique : Le CIO interdit aux moniteurs de ski, consid\u00e9r\u00e9s comme professionnels, de participer aux \u00e9preuves de ski alpin, discipline nouvellement introduite au programme olympique. Cette d\u00e9cision provoqua la col\u00e8re des skieurs suisses et autrichiens qui boycott\u00e8rent les \u00e9preuves.<\/p>\n<p>La grande d\u00e9pression des ann\u00e9es 30 ne semble toutefois pas entraver le d\u00e9veloppement du ski en g\u00e9n\u00e9ral et l\u2019activit\u00e9 touristique foisonnante de Villars en particulier.<\/p>\n<p>Ce soudain essor du ski conjugu\u00e9 au fort d\u00e9veloppement du tourisme hivernal entra\u00eene une augmentation importante du nombre de pratiquants et le besoin de structurer l\u2019enseignement du ski ne tarde pas \u00e0 se faire sentir. La premi\u00e8re \u00e9cole de ski en Suisse voit le jour \u00e0 St. Moritz en 1929, tandis qu\u2019en hiver 1931, Andermatt accueillait les premiers candidats au brevet d\u2019instructeur suisse de ski. Les villardous Robert Follin, Hans Flotron, Jean-Louis Chable ainsi que Reynold et Edmond Dubi \u00e9taient de la partie.<\/p>\n<p><img fetchpriority=\"high\" decoding=\"async\" class=\"aligncenter size-large wp-image-29687\" src=\"https:\/\/ess-villars.ch\/wp-content\/uploads\/2023\/08\/Affiche-ESS-30-40-722x1024.jpg\" alt=\"\" width=\"722\" height=\"1024\" srcset=\"https:\/\/ess-villars.ch\/wp-content\/uploads\/2023\/08\/Affiche-ESS-30-40-722x1024.jpg 722w, https:\/\/ess-villars.ch\/wp-content\/uploads\/2023\/08\/Affiche-ESS-30-40-212x300.jpg 212w, https:\/\/ess-villars.ch\/wp-content\/uploads\/2023\/08\/Affiche-ESS-30-40-768x1089.jpg 768w, https:\/\/ess-villars.ch\/wp-content\/uploads\/2023\/08\/Affiche-ESS-30-40-1084x1536.jpg 1084w, https:\/\/ess-villars.ch\/wp-content\/uploads\/2023\/08\/Affiche-ESS-30-40-1445x2048.jpg 1445w, https:\/\/ess-villars.ch\/wp-content\/uploads\/2023\/08\/Affiche-ESS-30-40.jpg 1744w\" sizes=\"(max-width: 722px) 100vw, 722px\" \/><\/p>\n<p>A Villars, c\u2019est durant l\u2019hiver 1933 que sept passionn\u00e9s de ski, R. Tissot, A. Bonzon, H. Bohren, R. Ruchet, A. Andenmatten et H. Flotron fondent l\u2019Ecole Suisse de Ski de Villars-Bretaye sous la direction d\u2019Otto Schaer. Les fr\u00e8res Dubi et Jean-Louis Chable les rejoindront l\u2019ann\u00e9e suivante. La m\u00eame ann\u00e9e voit le jour l\u2019organisation fa\u00eeti\u00e8re pour l\u2019enseignement du ski en Suisse : L\u2019Inter-association Suisse pour le Ski (IASS). En 1932, il n\u2019existait pas encore de moyens de remont\u00e9e m\u00e9canique \u00e0 Bretaye et la plupart des le\u00e7ons se donnaient sur l\u2019emplacement de l\u2019ancien terrain de golf, derri\u00e8re le Palace. Les classes pouvaient se composer de plus de cinquante personnes. Parfois, il arrivait que lors- que le dernier \u00e9l\u00e8ve \ufb01nissait de \ufb01xer ses skis, la le\u00e7on soit termin\u00e9e. La demi-journ\u00e9e \u00e9tait factur\u00e9e cinq francs par personne en cours collectifs ou quinze francs pour la semaine. Les cours priv\u00e9s revenaient \u00e0 six francs l\u2019heure, soit le tiers environ d\u2019une nuit\u00e9e au Palace ou une fois et demie le prix d\u2019un \u00ab billet sport \u00bb, carte journali\u00e8re du train Villars-Les Bouquetins. On constate que ces proportions n\u2019ont gu\u00e8re chang\u00e9 jusqu\u2019\u00e0 nos jours.<\/p>\n<p><img decoding=\"async\" class=\"aligncenter size-large wp-image-29686\" src=\"https:\/\/ess-villars.ch\/wp-content\/uploads\/2023\/08\/Classe-nombreuse-1024x711.jpg\" alt=\"\" width=\"800\" height=\"555\" srcset=\"https:\/\/ess-villars.ch\/wp-content\/uploads\/2023\/08\/Classe-nombreuse-1024x711.jpg 1024w, https:\/\/ess-villars.ch\/wp-content\/uploads\/2023\/08\/Classe-nombreuse-300x208.jpg 300w, https:\/\/ess-villars.ch\/wp-content\/uploads\/2023\/08\/Classe-nombreuse-768x533.jpg 768w, https:\/\/ess-villars.ch\/wp-content\/uploads\/2023\/08\/Classe-nombreuse-1536x1067.jpg 1536w, https:\/\/ess-villars.ch\/wp-content\/uploads\/2023\/08\/Classe-nombreuse-2048x1422.jpg 2048w\" sizes=\"(max-width: 800px) 100vw, 800px\" \/><\/p>\n<p>Les touristes, principalement anglais et fran\u00e7ais, s\u00e9journaient en famille dans les luxueux h\u00f4tels du plateau et restaient un mois ou deux, parfois la saison enti\u00e8re\u2026 Il n\u2019\u00e9tait donc pas rare de voir un instructeur rester toute la saison avec la m\u00eame famille.<\/p>\n<p>Le but ultime des le\u00e7ons de ski \u00e9tait la mont\u00e9e au Chamossaire depuis le terminus du train aux Bouquetins. \u00ab On montait avec des Anglais, pr\u00e9cise l\u2019instructeur Jean-Louis Chable, \u00e0 peaux de phoque pour 10 francs la mont\u00e9e. Comme certains ne savaient pas bien skier, on leur laissait les peaux pour la descente. Lorsque nous pouvions faire deux mont\u00e9es, nous avions bien gagn\u00e9 notre journ\u00e9e\u00bb<\/p>\n<p><img decoding=\"async\" class=\"aligncenter size-large wp-image-29685\" src=\"https:\/\/ess-villars.ch\/wp-content\/uploads\/2023\/08\/ESS-004_01B-1024x620.jpg\" alt=\"\" width=\"800\" height=\"484\" srcset=\"https:\/\/ess-villars.ch\/wp-content\/uploads\/2023\/08\/ESS-004_01B-1024x620.jpg 1024w, https:\/\/ess-villars.ch\/wp-content\/uploads\/2023\/08\/ESS-004_01B-300x182.jpg 300w, https:\/\/ess-villars.ch\/wp-content\/uploads\/2023\/08\/ESS-004_01B-768x465.jpg 768w, https:\/\/ess-villars.ch\/wp-content\/uploads\/2023\/08\/ESS-004_01B-1536x930.jpg 1536w, https:\/\/ess-villars.ch\/wp-content\/uploads\/2023\/08\/ESS-004_01B.jpg 1629w\" sizes=\"(max-width: 800px) 100vw, 800px\" \/><\/p>\n","protected":false},"excerpt":{"rendered":"<p>La naissance de L&rsquo;\u00e9cole Suisse de Ski de Villars En 1936, la premi\u00e8re \u00e9preuve de ski alpin aux Jeux Olympiques de Garmisch-Partenkirchen s\u2019ouvre sur une vive pol\u00e9mique : Le CIO interdit aux moniteurs de ski, consid\u00e9r\u00e9s comme professionnels, de participer aux \u00e9preuves de ski alpin, discipline nouvellement introduite au programme olympique. Cette d\u00e9cision provoqua la [&hellip;]<\/p>\n","protected":false},"author":1,"featured_media":29686,"comment_status":"open","ping_status":"open","sticky":false,"template":"","format":"standard","meta":{"_acf_changed":false,"footnotes":""},"categories":[9],"tags":[],"class_list":["post-29684","post","type-post","status-publish","format-standard","has-post-thumbnail","hentry","category-histoire"],"acf":[],"yoast_head":"<!-- This site is optimized with the Yoast SEO plugin v27.5 - https:\/\/yoast.com\/product\/yoast-seo-wordpress\/ -->\n<title>Episode 1: La naissance de L&#039;\u00e9cole Suisse de Ski de Villars - ESS Villars<\/title>\n<meta name=\"description\" content=\"La naissance de L&#039;\u00e9cole Suisse de Ski de Villars En 1936, la premi\u00e8re \u00e9preuve de ski alpin aux Jeux Olympiques de Garmisch-Parten...\" \/>\n<meta name=\"robots\" content=\"index, follow, max-snippet:-1, max-image-preview:large, max-video-preview:-1\" \/>\n<link rel=\"canonical\" href=\"https:\/\/ess-villars.ch\/fr\/blogs\/item\/2535-episode-1-la-naissance-de-l-ecole-suisse-de-ski-de-villars\/\" \/>\n<meta property=\"og:locale\" content=\"fr_FR\" \/>\n<meta property=\"og:type\" content=\"article\" \/>\n<meta property=\"og:title\" content=\"Episode 1: La naissance de L&#039;\u00e9cole Suisse de Ski de Villars - ESS Villars\" \/>\n<meta property=\"og:description\" content=\"La naissance de L&#039;\u00e9cole Suisse de Ski de Villars En 1936, la premi\u00e8re \u00e9preuve de ski alpin aux Jeux Olympiques de Garmisch-Parten...\" \/>\n<meta property=\"og:url\" content=\"https:\/\/ess-villars.ch\/fr\/blogs\/item\/2535-episode-1-la-naissance-de-l-ecole-suisse-de-ski-de-villars\" \/>\n<meta property=\"og:site_name\" content=\"ESS Villars\" \/>\n<meta property=\"article:published_time\" content=\"2023-08-30T15:00:30+00:00\" \/>\n<meta property=\"article:modified_time\" content=\"2025-09-25T10:25:34+00:00\" \/>\n<meta property=\"og:image\" content=\"https:\/\/ess-villars.ch\/wp-content\/uploads\/2023\/08\/Classe-nombreuse.jpg\" \/>\n\t<meta property=\"og:image:width\" content=\"2252\" \/>\n\t<meta property=\"og:image:height\" content=\"1564\" \/>\n\t<meta property=\"og:image:type\" content=\"image\/jpeg\" \/>\n<meta name=\"author\" content=\"Admin_ess_1234\" \/>\n<meta name=\"twitter:card\" content=\"summary_large_image\" \/>\n<meta name=\"twitter:label1\" content=\"\u00c9crit par\" \/>\n\t<meta name=\"twitter:data1\" content=\"Admin_ess_1234\" \/>\n\t<meta name=\"twitter:label2\" content=\"Dur\u00e9e de lecture estim\u00e9e\" \/>\n\t<meta name=\"twitter:data2\" content=\"4 minutes\" \/>\n<script type=\"application\/ld+json\" class=\"yoast-schema-graph\">{\"@context\":\"https:\\\/\\\/schema.org\",\"@graph\":[{\"@type\":\"Article\",\"@id\":\"https:\\\/\\\/ess-villars.ch\\\/fr\\\/blogs\\\/item\\\/2535-episode-1-la-naissance-de-l-ecole-suisse-de-ski-de-villars#article\",\"isPartOf\":{\"@id\":\"https:\\\/\\\/ess-villars.ch\\\/fr\\\/blogs\\\/item\\\/2535-episode-1-la-naissance-de-l-ecole-suisse-de-ski-de-villars\"},\"author\":{\"name\":\"Admin_ess_1234\",\"@id\":\"https:\\\/\\\/ess-villars.ch\\\/fr\\\/#\\\/schema\\\/person\\\/0f30ecd734c125feb7718cb834b17b33\"},\"headline\":\"Episode 1: La naissance de L&rsquo;\u00e9cole Suisse de Ski de Villars\",\"datePublished\":\"2023-08-30T15:00:30+00:00\",\"dateModified\":\"2025-09-25T10:25:34+00:00\",\"mainEntityOfPage\":{\"@id\":\"https:\\\/\\\/ess-villars.ch\\\/fr\\\/blogs\\\/item\\\/2535-episode-1-la-naissance-de-l-ecole-suisse-de-ski-de-villars\"},\"wordCount\":530,\"commentCount\":0,\"publisher\":{\"@id\":\"https:\\\/\\\/ess-villars.ch\\\/fr\\\/#organization\"},\"image\":{\"@id\":\"https:\\\/\\\/ess-villars.ch\\\/fr\\\/blogs\\\/item\\\/2535-episode-1-la-naissance-de-l-ecole-suisse-de-ski-de-villars#primaryimage\"},\"thumbnailUrl\":\"https:\\\/\\\/ess-villars.ch\\\/wp-content\\\/uploads\\\/2023\\\/08\\\/Classe-nombreuse.jpg\",\"articleSection\":[\"Histoire\"],\"inLanguage\":\"fr-FR\",\"potentialAction\":[{\"@type\":\"CommentAction\",\"name\":\"Comment\",\"target\":[\"https:\\\/\\\/ess-villars.ch\\\/fr\\\/blogs\\\/item\\\/2535-episode-1-la-naissance-de-l-ecole-suisse-de-ski-de-villars#respond\"]}]},{\"@type\":\"WebPage\",\"@id\":\"https:\\\/\\\/ess-villars.ch\\\/fr\\\/blogs\\\/item\\\/2535-episode-1-la-naissance-de-l-ecole-suisse-de-ski-de-villars\",\"url\":\"https:\\\/\\\/ess-villars.ch\\\/fr\\\/blogs\\\/item\\\/2535-episode-1-la-naissance-de-l-ecole-suisse-de-ski-de-villars\",\"name\":\"Episode 1: La naissance de L'\u00e9cole Suisse de Ski de Villars - ESS Villars\",\"isPartOf\":{\"@id\":\"https:\\\/\\\/ess-villars.ch\\\/fr\\\/#website\"},\"primaryImageOfPage\":{\"@id\":\"https:\\\/\\\/ess-villars.ch\\\/fr\\\/blogs\\\/item\\\/2535-episode-1-la-naissance-de-l-ecole-suisse-de-ski-de-villars#primaryimage\"},\"image\":{\"@id\":\"https:\\\/\\\/ess-villars.ch\\\/fr\\\/blogs\\\/item\\\/2535-episode-1-la-naissance-de-l-ecole-suisse-de-ski-de-villars#primaryimage\"},\"thumbnailUrl\":\"https:\\\/\\\/ess-villars.ch\\\/wp-content\\\/uploads\\\/2023\\\/08\\\/Classe-nombreuse.jpg\",\"datePublished\":\"2023-08-30T15:00:30+00:00\",\"dateModified\":\"2025-09-25T10:25:34+00:00\",\"description\":\"La naissance de L'\u00e9cole Suisse de Ski de Villars En 1936, la premi\u00e8re \u00e9preuve de ski alpin aux Jeux Olympiques de Garmisch-Parten...\",\"breadcrumb\":{\"@id\":\"https:\\\/\\\/ess-villars.ch\\\/fr\\\/blogs\\\/item\\\/2535-episode-1-la-naissance-de-l-ecole-suisse-de-ski-de-villars#breadcrumb\"},\"inLanguage\":\"fr-FR\",\"potentialAction\":[{\"@type\":\"ReadAction\",\"target\":[\"https:\\\/\\\/ess-villars.ch\\\/fr\\\/blogs\\\/item\\\/2535-episode-1-la-naissance-de-l-ecole-suisse-de-ski-de-villars\"]}]},{\"@type\":\"ImageObject\",\"inLanguage\":\"fr-FR\",\"@id\":\"https:\\\/\\\/ess-villars.ch\\\/fr\\\/blogs\\\/item\\\/2535-episode-1-la-naissance-de-l-ecole-suisse-de-ski-de-villars#primaryimage\",\"url\":\"https:\\\/\\\/ess-villars.ch\\\/wp-content\\\/uploads\\\/2023\\\/08\\\/Classe-nombreuse.jpg\",\"contentUrl\":\"https:\\\/\\\/ess-villars.ch\\\/wp-content\\\/uploads\\\/2023\\\/08\\\/Classe-nombreuse.jpg\",\"width\":2252,\"height\":1564},{\"@type\":\"BreadcrumbList\",\"@id\":\"https:\\\/\\\/ess-villars.ch\\\/fr\\\/blogs\\\/item\\\/2535-episode-1-la-naissance-de-l-ecole-suisse-de-ski-de-villars#breadcrumb\",\"itemListElement\":[{\"@type\":\"ListItem\",\"position\":1,\"name\":\"Home\",\"item\":\"https:\\\/\\\/ess-villars.ch\\\/fr\\\/\"},{\"@type\":\"ListItem\",\"position\":2,\"name\":\"Episode 1: La naissance de L&rsquo;\u00e9cole Suisse de Ski de Villars\"}]},{\"@type\":\"WebSite\",\"@id\":\"https:\\\/\\\/ess-villars.ch\\\/fr\\\/#website\",\"url\":\"https:\\\/\\\/ess-villars.ch\\\/fr\\\/\",\"name\":\"ESS Villars\",\"description\":\"Join the red legend !\",\"publisher\":{\"@id\":\"https:\\\/\\\/ess-villars.ch\\\/fr\\\/#organization\"},\"potentialAction\":[{\"@type\":\"SearchAction\",\"target\":{\"@type\":\"EntryPoint\",\"urlTemplate\":\"https:\\\/\\\/ess-villars.ch\\\/fr\\\/?s={search_term_string}\"},\"query-input\":{\"@type\":\"PropertyValueSpecification\",\"valueRequired\":true,\"valueName\":\"search_term_string\"}}],\"inLanguage\":\"fr-FR\"},{\"@type\":\"Organization\",\"@id\":\"https:\\\/\\\/ess-villars.ch\\\/fr\\\/#organization\",\"name\":\"ESS Villars\",\"url\":\"https:\\\/\\\/ess-villars.ch\\\/fr\\\/\",\"logo\":{\"@type\":\"ImageObject\",\"inLanguage\":\"fr-FR\",\"@id\":\"https:\\\/\\\/ess-villars.ch\\\/fr\\\/#\\\/schema\\\/logo\\\/image\\\/\",\"url\":\"https:\\\/\\\/ess-villars.ch\\\/wp-content\\\/uploads\\\/2023\\\/08\\\/ESS_Villars_logo_png.png\",\"contentUrl\":\"https:\\\/\\\/ess-villars.ch\\\/wp-content\\\/uploads\\\/2023\\\/08\\\/ESS_Villars_logo_png.png\",\"width\":1181,\"height\":1181,\"caption\":\"ESS Villars\"},\"image\":{\"@id\":\"https:\\\/\\\/ess-villars.ch\\\/fr\\\/#\\\/schema\\\/logo\\\/image\\\/\"}},{\"@type\":\"Person\",\"@id\":\"https:\\\/\\\/ess-villars.ch\\\/fr\\\/#\\\/schema\\\/person\\\/0f30ecd734c125feb7718cb834b17b33\",\"name\":\"Admin_ess_1234\",\"image\":{\"@type\":\"ImageObject\",\"inLanguage\":\"fr-FR\",\"@id\":\"https:\\\/\\\/secure.gravatar.com\\\/avatar\\\/5fa0ab8129cd20f0a7834bfabb7e7a1558862e46633c891c431236a50cc39ab9?s=96&d=mm&r=g\",\"url\":\"https:\\\/\\\/secure.gravatar.com\\\/avatar\\\/5fa0ab8129cd20f0a7834bfabb7e7a1558862e46633c891c431236a50cc39ab9?s=96&d=mm&r=g\",\"contentUrl\":\"https:\\\/\\\/secure.gravatar.com\\\/avatar\\\/5fa0ab8129cd20f0a7834bfabb7e7a1558862e46633c891c431236a50cc39ab9?s=96&d=mm&r=g\",\"caption\":\"Admin_ess_1234\"},\"sameAs\":[\"https:\\\/\\\/ess-villars.ch\"]}]}<\/script>\n<!-- \/ Yoast SEO plugin. -->","yoast_head_json":{"title":"Episode 1: La naissance de L'\u00e9cole Suisse de Ski de Villars - ESS Villars","description":"La naissance de L'\u00e9cole Suisse de Ski de Villars En 1936, la premi\u00e8re \u00e9preuve de ski alpin aux Jeux Olympiques de Garmisch-Parten...","robots":{"index":"index","follow":"follow","max-snippet":"max-snippet:-1","max-image-preview":"max-image-preview:large","max-video-preview":"max-video-preview:-1"},"canonical":"https:\/\/ess-villars.ch\/fr\/blogs\/item\/2535-episode-1-la-naissance-de-l-ecole-suisse-de-ski-de-villars\/","og_locale":"fr_FR","og_type":"article","og_title":"Episode 1: La naissance de L'\u00e9cole Suisse de Ski de Villars - ESS Villars","og_description":"La naissance de L'\u00e9cole Suisse de Ski de Villars En 1936, la premi\u00e8re \u00e9preuve de ski alpin aux Jeux Olympiques de Garmisch-Parten...","og_url":"https:\/\/ess-villars.ch\/fr\/blogs\/item\/2535-episode-1-la-naissance-de-l-ecole-suisse-de-ski-de-villars","og_site_name":"ESS Villars","article_published_time":"2023-08-30T15:00:30+00:00","article_modified_time":"2025-09-25T10:25:34+00:00","og_image":[{"width":2252,"height":1564,"url":"https:\/\/ess-villars.ch\/wp-content\/uploads\/2023\/08\/Classe-nombreuse.jpg","type":"image\/jpeg"}],"author":"Admin_ess_1234","twitter_card":"summary_large_image","twitter_misc":{"\u00c9crit par":"Admin_ess_1234","Dur\u00e9e de lecture estim\u00e9e":"4 minutes"},"schema":{"@context":"https:\/\/schema.org","@graph":[{"@type":"Article","@id":"https:\/\/ess-villars.ch\/fr\/blogs\/item\/2535-episode-1-la-naissance-de-l-ecole-suisse-de-ski-de-villars#article","isPartOf":{"@id":"https:\/\/ess-villars.ch\/fr\/blogs\/item\/2535-episode-1-la-naissance-de-l-ecole-suisse-de-ski-de-villars"},"author":{"name":"Admin_ess_1234","@id":"https:\/\/ess-villars.ch\/fr\/#\/schema\/person\/0f30ecd734c125feb7718cb834b17b33"},"headline":"Episode 1: La naissance de L&rsquo;\u00e9cole Suisse de Ski de Villars","datePublished":"2023-08-30T15:00:30+00:00","dateModified":"2025-09-25T10:25:34+00:00","mainEntityOfPage":{"@id":"https:\/\/ess-villars.ch\/fr\/blogs\/item\/2535-episode-1-la-naissance-de-l-ecole-suisse-de-ski-de-villars"},"wordCount":530,"commentCount":0,"publisher":{"@id":"https:\/\/ess-villars.ch\/fr\/#organization"},"image":{"@id":"https:\/\/ess-villars.ch\/fr\/blogs\/item\/2535-episode-1-la-naissance-de-l-ecole-suisse-de-ski-de-villars#primaryimage"},"thumbnailUrl":"https:\/\/ess-villars.ch\/wp-content\/uploads\/2023\/08\/Classe-nombreuse.jpg","articleSection":["Histoire"],"inLanguage":"fr-FR","potentialAction":[{"@type":"CommentAction","name":"Comment","target":["https:\/\/ess-villars.ch\/fr\/blogs\/item\/2535-episode-1-la-naissance-de-l-ecole-suisse-de-ski-de-villars#respond"]}]},{"@type":"WebPage","@id":"https:\/\/ess-villars.ch\/fr\/blogs\/item\/2535-episode-1-la-naissance-de-l-ecole-suisse-de-ski-de-villars","url":"https:\/\/ess-villars.ch\/fr\/blogs\/item\/2535-episode-1-la-naissance-de-l-ecole-suisse-de-ski-de-villars","name":"Episode 1: La naissance de L'\u00e9cole Suisse de Ski de Villars - ESS Villars","isPartOf":{"@id":"https:\/\/ess-villars.ch\/fr\/#website"},"primaryImageOfPage":{"@id":"https:\/\/ess-villars.ch\/fr\/blogs\/item\/2535-episode-1-la-naissance-de-l-ecole-suisse-de-ski-de-villars#primaryimage"},"image":{"@id":"https:\/\/ess-villars.ch\/fr\/blogs\/item\/2535-episode-1-la-naissance-de-l-ecole-suisse-de-ski-de-villars#primaryimage"},"thumbnailUrl":"https:\/\/ess-villars.ch\/wp-content\/uploads\/2023\/08\/Classe-nombreuse.jpg","datePublished":"2023-08-30T15:00:30+00:00","dateModified":"2025-09-25T10:25:34+00:00","description":"La naissance de L'\u00e9cole Suisse de Ski de Villars En 1936, la premi\u00e8re \u00e9preuve de ski alpin aux Jeux Olympiques de Garmisch-Parten...","breadcrumb":{"@id":"https:\/\/ess-villars.ch\/fr\/blogs\/item\/2535-episode-1-la-naissance-de-l-ecole-suisse-de-ski-de-villars#breadcrumb"},"inLanguage":"fr-FR","potentialAction":[{"@type":"ReadAction","target":["https:\/\/ess-villars.ch\/fr\/blogs\/item\/2535-episode-1-la-naissance-de-l-ecole-suisse-de-ski-de-villars"]}]},{"@type":"ImageObject","inLanguage":"fr-FR","@id":"https:\/\/ess-villars.ch\/fr\/blogs\/item\/2535-episode-1-la-naissance-de-l-ecole-suisse-de-ski-de-villars#primaryimage","url":"https:\/\/ess-villars.ch\/wp-content\/uploads\/2023\/08\/Classe-nombreuse.jpg","contentUrl":"https:\/\/ess-villars.ch\/wp-content\/uploads\/2023\/08\/Classe-nombreuse.jpg","width":2252,"height":1564},{"@type":"BreadcrumbList","@id":"https:\/\/ess-villars.ch\/fr\/blogs\/item\/2535-episode-1-la-naissance-de-l-ecole-suisse-de-ski-de-villars#breadcrumb","itemListElement":[{"@type":"ListItem","position":1,"name":"Home","item":"https:\/\/ess-villars.ch\/fr\/"},{"@type":"ListItem","position":2,"name":"Episode 1: La naissance de L&rsquo;\u00e9cole Suisse de Ski de Villars"}]},{"@type":"WebSite","@id":"https:\/\/ess-villars.ch\/fr\/#website","url":"https:\/\/ess-villars.ch\/fr\/","name":"ESS Villars","description":"Join the red legend !","publisher":{"@id":"https:\/\/ess-villars.ch\/fr\/#organization"},"potentialAction":[{"@type":"SearchAction","target":{"@type":"EntryPoint","urlTemplate":"https:\/\/ess-villars.ch\/fr\/?s={search_term_string}"},"query-input":{"@type":"PropertyValueSpecification","valueRequired":true,"valueName":"search_term_string"}}],"inLanguage":"fr-FR"},{"@type":"Organization","@id":"https:\/\/ess-villars.ch\/fr\/#organization","name":"ESS Villars","url":"https:\/\/ess-villars.ch\/fr\/","logo":{"@type":"ImageObject","inLanguage":"fr-FR","@id":"https:\/\/ess-villars.ch\/fr\/#\/schema\/logo\/image\/","url":"https:\/\/ess-villars.ch\/wp-content\/uploads\/2023\/08\/ESS_Villars_logo_png.png","contentUrl":"https:\/\/ess-villars.ch\/wp-content\/uploads\/2023\/08\/ESS_Villars_logo_png.png","width":1181,"height":1181,"caption":"ESS Villars"},"image":{"@id":"https:\/\/ess-villars.ch\/fr\/#\/schema\/logo\/image\/"}},{"@type":"Person","@id":"https:\/\/ess-villars.ch\/fr\/#\/schema\/person\/0f30ecd734c125feb7718cb834b17b33","name":"Admin_ess_1234","image":{"@type":"ImageObject","inLanguage":"fr-FR","@id":"https:\/\/secure.gravatar.com\/avatar\/5fa0ab8129cd20f0a7834bfabb7e7a1558862e46633c891c431236a50cc39ab9?s=96&d=mm&r=g","url":"https:\/\/secure.gravatar.com\/avatar\/5fa0ab8129cd20f0a7834bfabb7e7a1558862e46633c891c431236a50cc39ab9?s=96&d=mm&r=g","contentUrl":"https:\/\/secure.gravatar.com\/avatar\/5fa0ab8129cd20f0a7834bfabb7e7a1558862e46633c891c431236a50cc39ab9?s=96&d=mm&r=g","caption":"Admin_ess_1234"},"sameAs":["https:\/\/ess-villars.ch"]}]}},"_links":{"self":[{"href":"https:\/\/ess-villars.ch\/fr\/wp-json\/wp\/v2\/posts\/29684","targetHints":{"allow":["GET"]}}],"collection":[{"href":"https:\/\/ess-villars.ch\/fr\/wp-json\/wp\/v2\/posts"}],"about":[{"href":"https:\/\/ess-villars.ch\/fr\/wp-json\/wp\/v2\/types\/post"}],"author":[{"embeddable":true,"href":"https:\/\/ess-villars.ch\/fr\/wp-json\/wp\/v2\/users\/1"}],"replies":[{"embeddable":true,"href":"https:\/\/ess-villars.ch\/fr\/wp-json\/wp\/v2\/comments?post=29684"}],"version-history":[{"count":1,"href":"https:\/\/ess-villars.ch\/fr\/wp-json\/wp\/v2\/posts\/29684\/revisions"}],"predecessor-version":[{"id":29688,"href":"https:\/\/ess-villars.ch\/fr\/wp-json\/wp\/v2\/posts\/29684\/revisions\/29688"}],"wp:featuredmedia":[{"embeddable":true,"href":"https:\/\/ess-villars.ch\/fr\/wp-json\/wp\/v2\/media\/29686"}],"wp:attachment":[{"href":"https:\/\/ess-villars.ch\/fr\/wp-json\/wp\/v2\/media?parent=29684"}],"wp:term":[{"taxonomy":"category","embeddable":true,"href":"https:\/\/ess-villars.ch\/fr\/wp-json\/wp\/v2\/categories?post=29684"},{"taxonomy":"post_tag","embeddable":true,"href":"https:\/\/ess-villars.ch\/fr\/wp-json\/wp\/v2\/tags?post=29684"}],"curies":[{"name":"wp","href":"https:\/\/api.w.org\/{rel}","templated":true}]}}