{"id":29679,"date":"2023-08-30T16:59:00","date_gmt":"2023-08-30T14:59:00","guid":{"rendered":"https:\/\/hebergement2.ch\/?p=29679"},"modified":"2025-09-25T12:25:26","modified_gmt":"2025-09-25T10:25:26","slug":"episode-2-le-materiel-de-ski-des-annees-30","status":"publish","type":"post","link":"https:\/\/ess-villars.ch\/fr\/blogs\/item\/2531-episode-2-le-materiel-de-ski-des-annees-30","title":{"rendered":"Episode 2: Le mat\u00e9riel de ski des ann\u00e9es 30&prime;"},"content":{"rendered":"<h2>Le mat\u00e9riel de ski des ann\u00e9es 30&prime;<\/h2>\n<p>Les skis de 1930 mesurent environ 2 m\u00e8tres 30 et sont fabriqu\u00e9s par Abel Rossignol, Franz Kneissl , Joseph Fischer ou encore Franz V\u00f6lkl. On estime \u00e0 50&rsquo;000 le nombre de paires de skis vendues dans les ann\u00e9es 30.<\/p>\n<p><img fetchpriority=\"high\" decoding=\"async\" class=\"aligncenter size-large wp-image-29680\" src=\"https:\/\/ess-villars.ch\/wp-content\/uploads\/2023\/08\/MonteCiseaux-1024x787.jpg\" alt=\"\" width=\"800\" height=\"615\" srcset=\"https:\/\/ess-villars.ch\/wp-content\/uploads\/2023\/08\/MonteCiseaux-1024x787.jpg 1024w, https:\/\/ess-villars.ch\/wp-content\/uploads\/2023\/08\/MonteCiseaux-300x231.jpg 300w, https:\/\/ess-villars.ch\/wp-content\/uploads\/2023\/08\/MonteCiseaux-768x590.jpg 768w, https:\/\/ess-villars.ch\/wp-content\/uploads\/2023\/08\/MonteCiseaux.jpg 1042w\" sizes=\"(max-width: 800px) 100vw, 800px\" \/><\/p>\n<p>Les skis sont faits de fr\u00eane, de pin, de bouleau ou de ch\u00eane. Ils sont travaill\u00e9s en bloc et courb\u00e9s \u00e0 la vapeur. On devine \u00e0 la forme d\u00e9j\u00e0 \u00ab taill\u00e9e \u00bb des skis, leur pro\ufb01l\u00e9labor\u00e9 et \u00e0 la rainure sur la semelle que la conception des skis a d\u00e9j\u00e0 connu une belle \u00e9volution en ce d\u00e9but de si\u00e8cle. Avec l\u2019arriv\u00e9e des concours de ski alpin, l\u2019Allemand Lentner eut l\u2019id\u00e9e d\u2019y visser des carres m\u00e9talliques et la traditionnelle \u00ab couenne de lard \u00bb est abandonn\u00e9e pour des pr\u00e9parations plus sophistiqu\u00e9es. Les chaussures sont en cuir et \u00e0 lacets ; elles manquent cruellement de tenue. Certains cherchent \u00e0 donner plus de stabilit\u00e9 aux chevilles en enroulant celles-ci dans une longue lani\u00e8re de cuir.En guise de \ufb01xations, les sangles de cuir sont remplac\u00e9es par un arceau \u00e0 l\u2019avant, combin\u00e9 avec un ressort qui attache l\u2019arri\u00e8re du talon, laissant ce dernier toujours libre. Le long \u00abAlpenstock\u00bb est d\u00e9\ufb01nitivement remis\u00e9 au pro\ufb01t des b\u00e2tons de ski.<\/p>\n<p><img decoding=\"async\" class=\"aligncenter size-large wp-image-29682\" src=\"https:\/\/ess-villars.ch\/wp-content\/uploads\/2023\/08\/ESS1-724x1024.jpg\" alt=\"\" width=\"724\" height=\"1024\" srcset=\"https:\/\/ess-villars.ch\/wp-content\/uploads\/2023\/08\/ESS1-724x1024.jpg 724w, https:\/\/ess-villars.ch\/wp-content\/uploads\/2023\/08\/ESS1-212x300.jpg 212w, https:\/\/ess-villars.ch\/wp-content\/uploads\/2023\/08\/ESS1-768x1087.jpg 768w, https:\/\/ess-villars.ch\/wp-content\/uploads\/2023\/08\/ESS1.jpg 841w\" sizes=\"(max-width: 724px) 100vw, 724px\" \/><\/p>\n<p>Les champions d\u2019alors, qui s\u2019appellent Rudolf Rominger ou Emile Allais avaient d\u00e9cid\u00e9ment bien du m\u00e9rite\u2026<\/p>\n<p><img fetchpriority=\"high\" decoding=\"async\" class=\"aligncenter size-large wp-image-29680\" src=\"https:\/\/ess-villars.ch\/wp-content\/uploads\/2023\/08\/MonteCiseaux-1024x787.jpg\" alt=\"\" width=\"800\" height=\"615\" srcset=\"https:\/\/ess-villars.ch\/wp-content\/uploads\/2023\/08\/MonteCiseaux-1024x787.jpg 1024w, https:\/\/ess-villars.ch\/wp-content\/uploads\/2023\/08\/MonteCiseaux-300x231.jpg 300w, https:\/\/ess-villars.ch\/wp-content\/uploads\/2023\/08\/MonteCiseaux-768x590.jpg 768w, https:\/\/ess-villars.ch\/wp-content\/uploads\/2023\/08\/MonteCiseaux.jpg 1042w\" sizes=\"(max-width: 800px) 100vw, 800px\" \/><\/p>\n","protected":false},"excerpt":{"rendered":"<p>Le mat\u00e9riel de ski des ann\u00e9es 30&prime; Les skis de 1930 mesurent environ 2 m\u00e8tres 30 et sont fabriqu\u00e9s par Abel Rossignol, Franz Kneissl , Joseph Fischer ou encore Franz V\u00f6lkl. On estime \u00e0 50&rsquo;000 le nombre de paires de skis vendues dans les ann\u00e9es 30. Les skis sont faits de fr\u00eane, de pin, de [&hellip;]<\/p>\n","protected":false},"author":1,"featured_media":43905,"comment_status":"open","ping_status":"open","sticky":false,"template":"","format":"standard","meta":{"_acf_changed":false,"footnotes":""},"categories":[9],"tags":[],"class_list":["post-29679","post","type-post","status-publish","format-standard","has-post-thumbnail","hentry","category-histoire"],"acf":[],"yoast_head":"<!-- This site is optimized with the Yoast SEO plugin v27.5 - https:\/\/yoast.com\/product\/yoast-seo-wordpress\/ -->\n<title>Episode 2: Le mat\u00e9riel de ski des ann\u00e9es 30&#039; - ESS Villars<\/title>\n<meta name=\"description\" content=\"Le mat\u00e9riel de ski des ann\u00e9es 30&#039; Les skis de 1930 mesurent environ 2 m\u00e8tres 30 et sont fabriqu\u00e9s par Abel Rossignol, Fran...\" \/>\n<meta name=\"robots\" content=\"index, follow, max-snippet:-1, max-image-preview:large, max-video-preview:-1\" \/>\n<link rel=\"canonical\" href=\"https:\/\/ess-villars.ch\/fr\/blogs\/item\/2531-episode-2-le-materiel-de-ski-des-annees-30\/\" \/>\n<meta property=\"og:locale\" content=\"fr_FR\" \/>\n<meta property=\"og:type\" content=\"article\" \/>\n<meta property=\"og:title\" content=\"Episode 2: Le mat\u00e9riel de ski des ann\u00e9es 30&#039; - ESS Villars\" \/>\n<meta property=\"og:description\" content=\"Le mat\u00e9riel de ski des ann\u00e9es 30&#039; Les skis de 1930 mesurent environ 2 m\u00e8tres 30 et sont fabriqu\u00e9s par Abel Rossignol, Fran...\" \/>\n<meta property=\"og:url\" content=\"https:\/\/ess-villars.ch\/fr\/blogs\/item\/2531-episode-2-le-materiel-de-ski-des-annees-30\" \/>\n<meta property=\"og:site_name\" content=\"ESS Villars\" \/>\n<meta property=\"article:published_time\" content=\"2023-08-30T14:59:00+00:00\" \/>\n<meta property=\"article:modified_time\" content=\"2025-09-25T10:25:26+00:00\" \/>\n<meta property=\"og:image\" content=\"https:\/\/ess-villars.ch\/wp-content\/uploads\/2023\/08\/Fixations-Ski-1930-Q60.jpg\" \/>\n\t<meta property=\"og:image:width\" content=\"1089\" \/>\n\t<meta property=\"og:image:height\" content=\"1026\" \/>\n\t<meta property=\"og:image:type\" content=\"image\/jpeg\" \/>\n<meta name=\"author\" content=\"Admin_ess_1234\" \/>\n<meta name=\"twitter:card\" content=\"summary_large_image\" \/>\n<meta name=\"twitter:label1\" content=\"\u00c9crit par\" \/>\n\t<meta name=\"twitter:data1\" content=\"Admin_ess_1234\" \/>\n\t<meta name=\"twitter:label2\" content=\"Dur\u00e9e de lecture estim\u00e9e\" \/>\n\t<meta name=\"twitter:data2\" content=\"2 minutes\" \/>\n<script type=\"application\/ld+json\" class=\"yoast-schema-graph\">{\"@context\":\"https:\\\/\\\/schema.org\",\"@graph\":[{\"@type\":\"Article\",\"@id\":\"https:\\\/\\\/ess-villars.ch\\\/fr\\\/blogs\\\/item\\\/2531-episode-2-le-materiel-de-ski-des-annees-30#article\",\"isPartOf\":{\"@id\":\"https:\\\/\\\/ess-villars.ch\\\/fr\\\/blogs\\\/item\\\/2531-episode-2-le-materiel-de-ski-des-annees-30\"},\"author\":{\"name\":\"Admin_ess_1234\",\"@id\":\"https:\\\/\\\/ess-villars.ch\\\/fr\\\/#\\\/schema\\\/person\\\/0f30ecd734c125feb7718cb834b17b33\"},\"headline\":\"Episode 2: Le mat\u00e9riel de ski des ann\u00e9es 30&prime;\",\"datePublished\":\"2023-08-30T14:59:00+00:00\",\"dateModified\":\"2025-09-25T10:25:26+00:00\",\"mainEntityOfPage\":{\"@id\":\"https:\\\/\\\/ess-villars.ch\\\/fr\\\/blogs\\\/item\\\/2531-episode-2-le-materiel-de-ski-des-annees-30\"},\"wordCount\":254,\"commentCount\":0,\"publisher\":{\"@id\":\"https:\\\/\\\/ess-villars.ch\\\/fr\\\/#organization\"},\"image\":{\"@id\":\"https:\\\/\\\/ess-villars.ch\\\/fr\\\/blogs\\\/item\\\/2531-episode-2-le-materiel-de-ski-des-annees-30#primaryimage\"},\"thumbnailUrl\":\"https:\\\/\\\/ess-villars.ch\\\/wp-content\\\/uploads\\\/2023\\\/08\\\/Fixations-Ski-1930-Q60.jpg\",\"articleSection\":[\"Histoire\"],\"inLanguage\":\"fr-FR\",\"potentialAction\":[{\"@type\":\"CommentAction\",\"name\":\"Comment\",\"target\":[\"https:\\\/\\\/ess-villars.ch\\\/fr\\\/blogs\\\/item\\\/2531-episode-2-le-materiel-de-ski-des-annees-30#respond\"]}]},{\"@type\":\"WebPage\",\"@id\":\"https:\\\/\\\/ess-villars.ch\\\/fr\\\/blogs\\\/item\\\/2531-episode-2-le-materiel-de-ski-des-annees-30\",\"url\":\"https:\\\/\\\/ess-villars.ch\\\/fr\\\/blogs\\\/item\\\/2531-episode-2-le-materiel-de-ski-des-annees-30\",\"name\":\"Episode 2: Le mat\u00e9riel de ski des ann\u00e9es 30' - ESS Villars\",\"isPartOf\":{\"@id\":\"https:\\\/\\\/ess-villars.ch\\\/fr\\\/#website\"},\"primaryImageOfPage\":{\"@id\":\"https:\\\/\\\/ess-villars.ch\\\/fr\\\/blogs\\\/item\\\/2531-episode-2-le-materiel-de-ski-des-annees-30#primaryimage\"},\"image\":{\"@id\":\"https:\\\/\\\/ess-villars.ch\\\/fr\\\/blogs\\\/item\\\/2531-episode-2-le-materiel-de-ski-des-annees-30#primaryimage\"},\"thumbnailUrl\":\"https:\\\/\\\/ess-villars.ch\\\/wp-content\\\/uploads\\\/2023\\\/08\\\/Fixations-Ski-1930-Q60.jpg\",\"datePublished\":\"2023-08-30T14:59:00+00:00\",\"dateModified\":\"2025-09-25T10:25:26+00:00\",\"description\":\"Le mat\u00e9riel de ski des ann\u00e9es 30' Les skis de 1930 mesurent environ 2 m\u00e8tres 30 et sont fabriqu\u00e9s par Abel Rossignol, Fran...\",\"breadcrumb\":{\"@id\":\"https:\\\/\\\/ess-villars.ch\\\/fr\\\/blogs\\\/item\\\/2531-episode-2-le-materiel-de-ski-des-annees-30#breadcrumb\"},\"inLanguage\":\"fr-FR\",\"potentialAction\":[{\"@type\":\"ReadAction\",\"target\":[\"https:\\\/\\\/ess-villars.ch\\\/fr\\\/blogs\\\/item\\\/2531-episode-2-le-materiel-de-ski-des-annees-30\"]}]},{\"@type\":\"ImageObject\",\"inLanguage\":\"fr-FR\",\"@id\":\"https:\\\/\\\/ess-villars.ch\\\/fr\\\/blogs\\\/item\\\/2531-episode-2-le-materiel-de-ski-des-annees-30#primaryimage\",\"url\":\"https:\\\/\\\/ess-villars.ch\\\/wp-content\\\/uploads\\\/2023\\\/08\\\/Fixations-Ski-1930-Q60.jpg\",\"contentUrl\":\"https:\\\/\\\/ess-villars.ch\\\/wp-content\\\/uploads\\\/2023\\\/08\\\/Fixations-Ski-1930-Q60.jpg\",\"width\":1089,\"height\":1026,\"caption\":\"Fixations Sk\"},{\"@type\":\"BreadcrumbList\",\"@id\":\"https:\\\/\\\/ess-villars.ch\\\/fr\\\/blogs\\\/item\\\/2531-episode-2-le-materiel-de-ski-des-annees-30#breadcrumb\",\"itemListElement\":[{\"@type\":\"ListItem\",\"position\":1,\"name\":\"Home\",\"item\":\"https:\\\/\\\/ess-villars.ch\\\/fr\\\/\"},{\"@type\":\"ListItem\",\"position\":2,\"name\":\"Episode 2: Le mat\u00e9riel de ski des ann\u00e9es 30&prime;\"}]},{\"@type\":\"WebSite\",\"@id\":\"https:\\\/\\\/ess-villars.ch\\\/fr\\\/#website\",\"url\":\"https:\\\/\\\/ess-villars.ch\\\/fr\\\/\",\"name\":\"ESS Villars\",\"description\":\"Join the red legend !\",\"publisher\":{\"@id\":\"https:\\\/\\\/ess-villars.ch\\\/fr\\\/#organization\"},\"potentialAction\":[{\"@type\":\"SearchAction\",\"target\":{\"@type\":\"EntryPoint\",\"urlTemplate\":\"https:\\\/\\\/ess-villars.ch\\\/fr\\\/?s={search_term_string}\"},\"query-input\":{\"@type\":\"PropertyValueSpecification\",\"valueRequired\":true,\"valueName\":\"search_term_string\"}}],\"inLanguage\":\"fr-FR\"},{\"@type\":\"Organization\",\"@id\":\"https:\\\/\\\/ess-villars.ch\\\/fr\\\/#organization\",\"name\":\"ESS Villars\",\"url\":\"https:\\\/\\\/ess-villars.ch\\\/fr\\\/\",\"logo\":{\"@type\":\"ImageObject\",\"inLanguage\":\"fr-FR\",\"@id\":\"https:\\\/\\\/ess-villars.ch\\\/fr\\\/#\\\/schema\\\/logo\\\/image\\\/\",\"url\":\"https:\\\/\\\/ess-villars.ch\\\/wp-content\\\/uploads\\\/2023\\\/08\\\/ESS_Villars_logo_png.png\",\"contentUrl\":\"https:\\\/\\\/ess-villars.ch\\\/wp-content\\\/uploads\\\/2023\\\/08\\\/ESS_Villars_logo_png.png\",\"width\":1181,\"height\":1181,\"caption\":\"ESS Villars\"},\"image\":{\"@id\":\"https:\\\/\\\/ess-villars.ch\\\/fr\\\/#\\\/schema\\\/logo\\\/image\\\/\"}},{\"@type\":\"Person\",\"@id\":\"https:\\\/\\\/ess-villars.ch\\\/fr\\\/#\\\/schema\\\/person\\\/0f30ecd734c125feb7718cb834b17b33\",\"name\":\"Admin_ess_1234\",\"image\":{\"@type\":\"ImageObject\",\"inLanguage\":\"fr-FR\",\"@id\":\"https:\\\/\\\/secure.gravatar.com\\\/avatar\\\/5fa0ab8129cd20f0a7834bfabb7e7a1558862e46633c891c431236a50cc39ab9?s=96&d=mm&r=g\",\"url\":\"https:\\\/\\\/secure.gravatar.com\\\/avatar\\\/5fa0ab8129cd20f0a7834bfabb7e7a1558862e46633c891c431236a50cc39ab9?s=96&d=mm&r=g\",\"contentUrl\":\"https:\\\/\\\/secure.gravatar.com\\\/avatar\\\/5fa0ab8129cd20f0a7834bfabb7e7a1558862e46633c891c431236a50cc39ab9?s=96&d=mm&r=g\",\"caption\":\"Admin_ess_1234\"},\"sameAs\":[\"https:\\\/\\\/ess-villars.ch\"]}]}<\/script>\n<!-- \/ Yoast SEO plugin. -->","yoast_head_json":{"title":"Episode 2: Le mat\u00e9riel de ski des ann\u00e9es 30' - ESS Villars","description":"Le mat\u00e9riel de ski des ann\u00e9es 30' Les skis de 1930 mesurent environ 2 m\u00e8tres 30 et sont fabriqu\u00e9s par Abel Rossignol, Fran...","robots":{"index":"index","follow":"follow","max-snippet":"max-snippet:-1","max-image-preview":"max-image-preview:large","max-video-preview":"max-video-preview:-1"},"canonical":"https:\/\/ess-villars.ch\/fr\/blogs\/item\/2531-episode-2-le-materiel-de-ski-des-annees-30\/","og_locale":"fr_FR","og_type":"article","og_title":"Episode 2: Le mat\u00e9riel de ski des ann\u00e9es 30' - ESS Villars","og_description":"Le mat\u00e9riel de ski des ann\u00e9es 30' Les skis de 1930 mesurent environ 2 m\u00e8tres 30 et sont fabriqu\u00e9s par Abel Rossignol, Fran...","og_url":"https:\/\/ess-villars.ch\/fr\/blogs\/item\/2531-episode-2-le-materiel-de-ski-des-annees-30","og_site_name":"ESS Villars","article_published_time":"2023-08-30T14:59:00+00:00","article_modified_time":"2025-09-25T10:25:26+00:00","og_image":[{"width":1089,"height":1026,"url":"https:\/\/ess-villars.ch\/wp-content\/uploads\/2023\/08\/Fixations-Ski-1930-Q60.jpg","type":"image\/jpeg"}],"author":"Admin_ess_1234","twitter_card":"summary_large_image","twitter_misc":{"\u00c9crit par":"Admin_ess_1234","Dur\u00e9e de lecture estim\u00e9e":"2 minutes"},"schema":{"@context":"https:\/\/schema.org","@graph":[{"@type":"Article","@id":"https:\/\/ess-villars.ch\/fr\/blogs\/item\/2531-episode-2-le-materiel-de-ski-des-annees-30#article","isPartOf":{"@id":"https:\/\/ess-villars.ch\/fr\/blogs\/item\/2531-episode-2-le-materiel-de-ski-des-annees-30"},"author":{"name":"Admin_ess_1234","@id":"https:\/\/ess-villars.ch\/fr\/#\/schema\/person\/0f30ecd734c125feb7718cb834b17b33"},"headline":"Episode 2: Le mat\u00e9riel de ski des ann\u00e9es 30&prime;","datePublished":"2023-08-30T14:59:00+00:00","dateModified":"2025-09-25T10:25:26+00:00","mainEntityOfPage":{"@id":"https:\/\/ess-villars.ch\/fr\/blogs\/item\/2531-episode-2-le-materiel-de-ski-des-annees-30"},"wordCount":254,"commentCount":0,"publisher":{"@id":"https:\/\/ess-villars.ch\/fr\/#organization"},"image":{"@id":"https:\/\/ess-villars.ch\/fr\/blogs\/item\/2531-episode-2-le-materiel-de-ski-des-annees-30#primaryimage"},"thumbnailUrl":"https:\/\/ess-villars.ch\/wp-content\/uploads\/2023\/08\/Fixations-Ski-1930-Q60.jpg","articleSection":["Histoire"],"inLanguage":"fr-FR","potentialAction":[{"@type":"CommentAction","name":"Comment","target":["https:\/\/ess-villars.ch\/fr\/blogs\/item\/2531-episode-2-le-materiel-de-ski-des-annees-30#respond"]}]},{"@type":"WebPage","@id":"https:\/\/ess-villars.ch\/fr\/blogs\/item\/2531-episode-2-le-materiel-de-ski-des-annees-30","url":"https:\/\/ess-villars.ch\/fr\/blogs\/item\/2531-episode-2-le-materiel-de-ski-des-annees-30","name":"Episode 2: Le mat\u00e9riel de ski des ann\u00e9es 30' - ESS Villars","isPartOf":{"@id":"https:\/\/ess-villars.ch\/fr\/#website"},"primaryImageOfPage":{"@id":"https:\/\/ess-villars.ch\/fr\/blogs\/item\/2531-episode-2-le-materiel-de-ski-des-annees-30#primaryimage"},"image":{"@id":"https:\/\/ess-villars.ch\/fr\/blogs\/item\/2531-episode-2-le-materiel-de-ski-des-annees-30#primaryimage"},"thumbnailUrl":"https:\/\/ess-villars.ch\/wp-content\/uploads\/2023\/08\/Fixations-Ski-1930-Q60.jpg","datePublished":"2023-08-30T14:59:00+00:00","dateModified":"2025-09-25T10:25:26+00:00","description":"Le mat\u00e9riel de ski des ann\u00e9es 30' Les skis de 1930 mesurent environ 2 m\u00e8tres 30 et sont fabriqu\u00e9s par Abel Rossignol, Fran...","breadcrumb":{"@id":"https:\/\/ess-villars.ch\/fr\/blogs\/item\/2531-episode-2-le-materiel-de-ski-des-annees-30#breadcrumb"},"inLanguage":"fr-FR","potentialAction":[{"@type":"ReadAction","target":["https:\/\/ess-villars.ch\/fr\/blogs\/item\/2531-episode-2-le-materiel-de-ski-des-annees-30"]}]},{"@type":"ImageObject","inLanguage":"fr-FR","@id":"https:\/\/ess-villars.ch\/fr\/blogs\/item\/2531-episode-2-le-materiel-de-ski-des-annees-30#primaryimage","url":"https:\/\/ess-villars.ch\/wp-content\/uploads\/2023\/08\/Fixations-Ski-1930-Q60.jpg","contentUrl":"https:\/\/ess-villars.ch\/wp-content\/uploads\/2023\/08\/Fixations-Ski-1930-Q60.jpg","width":1089,"height":1026,"caption":"Fixations Sk"},{"@type":"BreadcrumbList","@id":"https:\/\/ess-villars.ch\/fr\/blogs\/item\/2531-episode-2-le-materiel-de-ski-des-annees-30#breadcrumb","itemListElement":[{"@type":"ListItem","position":1,"name":"Home","item":"https:\/\/ess-villars.ch\/fr\/"},{"@type":"ListItem","position":2,"name":"Episode 2: Le mat\u00e9riel de ski des ann\u00e9es 30&prime;"}]},{"@type":"WebSite","@id":"https:\/\/ess-villars.ch\/fr\/#website","url":"https:\/\/ess-villars.ch\/fr\/","name":"ESS Villars","description":"Join the red legend !","publisher":{"@id":"https:\/\/ess-villars.ch\/fr\/#organization"},"potentialAction":[{"@type":"SearchAction","target":{"@type":"EntryPoint","urlTemplate":"https:\/\/ess-villars.ch\/fr\/?s={search_term_string}"},"query-input":{"@type":"PropertyValueSpecification","valueRequired":true,"valueName":"search_term_string"}}],"inLanguage":"fr-FR"},{"@type":"Organization","@id":"https:\/\/ess-villars.ch\/fr\/#organization","name":"ESS Villars","url":"https:\/\/ess-villars.ch\/fr\/","logo":{"@type":"ImageObject","inLanguage":"fr-FR","@id":"https:\/\/ess-villars.ch\/fr\/#\/schema\/logo\/image\/","url":"https:\/\/ess-villars.ch\/wp-content\/uploads\/2023\/08\/ESS_Villars_logo_png.png","contentUrl":"https:\/\/ess-villars.ch\/wp-content\/uploads\/2023\/08\/ESS_Villars_logo_png.png","width":1181,"height":1181,"caption":"ESS Villars"},"image":{"@id":"https:\/\/ess-villars.ch\/fr\/#\/schema\/logo\/image\/"}},{"@type":"Person","@id":"https:\/\/ess-villars.ch\/fr\/#\/schema\/person\/0f30ecd734c125feb7718cb834b17b33","name":"Admin_ess_1234","image":{"@type":"ImageObject","inLanguage":"fr-FR","@id":"https:\/\/secure.gravatar.com\/avatar\/5fa0ab8129cd20f0a7834bfabb7e7a1558862e46633c891c431236a50cc39ab9?s=96&d=mm&r=g","url":"https:\/\/secure.gravatar.com\/avatar\/5fa0ab8129cd20f0a7834bfabb7e7a1558862e46633c891c431236a50cc39ab9?s=96&d=mm&r=g","contentUrl":"https:\/\/secure.gravatar.com\/avatar\/5fa0ab8129cd20f0a7834bfabb7e7a1558862e46633c891c431236a50cc39ab9?s=96&d=mm&r=g","caption":"Admin_ess_1234"},"sameAs":["https:\/\/ess-villars.ch"]}]}},"_links":{"self":[{"href":"https:\/\/ess-villars.ch\/fr\/wp-json\/wp\/v2\/posts\/29679","targetHints":{"allow":["GET"]}}],"collection":[{"href":"https:\/\/ess-villars.ch\/fr\/wp-json\/wp\/v2\/posts"}],"about":[{"href":"https:\/\/ess-villars.ch\/fr\/wp-json\/wp\/v2\/types\/post"}],"author":[{"embeddable":true,"href":"https:\/\/ess-villars.ch\/fr\/wp-json\/wp\/v2\/users\/1"}],"replies":[{"embeddable":true,"href":"https:\/\/ess-villars.ch\/fr\/wp-json\/wp\/v2\/comments?post=29679"}],"version-history":[{"count":1,"href":"https:\/\/ess-villars.ch\/fr\/wp-json\/wp\/v2\/posts\/29679\/revisions"}],"predecessor-version":[{"id":29683,"href":"https:\/\/ess-villars.ch\/fr\/wp-json\/wp\/v2\/posts\/29679\/revisions\/29683"}],"wp:featuredmedia":[{"embeddable":true,"href":"https:\/\/ess-villars.ch\/fr\/wp-json\/wp\/v2\/media\/43905"}],"wp:attachment":[{"href":"https:\/\/ess-villars.ch\/fr\/wp-json\/wp\/v2\/media?parent=29679"}],"wp:term":[{"taxonomy":"category","embeddable":true,"href":"https:\/\/ess-villars.ch\/fr\/wp-json\/wp\/v2\/categories?post=29679"},{"taxonomy":"post_tag","embeddable":true,"href":"https:\/\/ess-villars.ch\/fr\/wp-json\/wp\/v2\/tags?post=29679"}],"curies":[{"name":"wp","href":"https:\/\/api.w.org\/{rel}","templated":true}]}}