{"id":29674,"date":"2023-08-30T16:58:36","date_gmt":"2023-08-30T14:58:36","guid":{"rendered":"https:\/\/hebergement2.ch\/?p=29674"},"modified":"2025-09-25T12:25:19","modified_gmt":"2025-09-25T10:25:19","slug":"les-premieres-remontees-mecaniques","status":"publish","type":"post","link":"https:\/\/ess-villars.ch\/fr\/blogs\/item\/2537-episode-3-les-premieres-remontees-mecaniques","title":{"rendered":"Episode 3: Les premi\u00e8res remont\u00e9es m\u00e9caniques"},"content":{"rendered":"<h2>Les premi\u00e8res remont\u00e9es m\u00e9caniques<\/h2>\n<div class=\"row-fluid\">\n<div class=\"span6\">\n<p>En 1936, tout se pr\u00e9cipite : La soci\u00e9t\u00e9 \u00ab T\u00e9l\u00e9-Skis Bretaye SA \u00bb, sous la pr\u00e9sidence de Louis Chamorel est fond\u00e9e en vue de la construction sur Chaux-Ronde du premier\u00a0t\u00e9l\u00e9ski de Suisse. Le \u00ab monte-pente \u00bb suscite tr\u00e8s rapidement un grand int\u00e9r\u00eat de la part des skieurs et dans la foul\u00e9e, en 1937, un \u00ab funi-luge \u00bb voit le jour sur le Grand Chamossaire.<\/p>\n<p><img fetchpriority=\"high\" decoding=\"async\" class=\"aligncenter size-large wp-image-29676\" src=\"https:\/\/ess-villars.ch\/wp-content\/uploads\/2023\/08\/1940-1024x762.jpg\" alt=\"\" width=\"800\" height=\"595\" srcset=\"https:\/\/ess-villars.ch\/wp-content\/uploads\/2023\/08\/1940-1024x762.jpg 1024w, https:\/\/ess-villars.ch\/wp-content\/uploads\/2023\/08\/1940-300x223.jpg 300w, https:\/\/ess-villars.ch\/wp-content\/uploads\/2023\/08\/1940-768x571.jpg 768w, https:\/\/ess-villars.ch\/wp-content\/uploads\/2023\/08\/1940-1536x1143.jpg 1536w, https:\/\/ess-villars.ch\/wp-content\/uploads\/2023\/08\/1940-2048x1524.jpg 2048w\" sizes=\"(max-width: 800px) 100vw, 800px\" \/><\/p>\n<p>L\u2019installation pouvait transporter jusqu\u2019\u00e0 130 personnes \u00e0 l\u2019heure. D\u00e8s l\u2019ann\u00e9e suivante, ces installations sont encore mieux desservies gr\u00e2ce \u00e0 l\u2019arriv\u00e9e du train au Col de Bretaye. Villars fait alors partie des grandes stations d\u2019Europe, nombre de champions viennent s\u2019y entra\u00eener, \u00e0 l\u2019instar de Rudolf Rominger, multiple champion du monde de ski et directeur de l\u2019Ecole Suisse de Ski de St. Moritz. Ce dernier se d\u00e9clare impressionn\u00e9 par ce \u00ab merveilleux ensemble d\u2019installations sportives et ferroviaires (\u2026) digne des plus importants centres europ\u00e9ens \u00bb. Inspir\u00e9 peut-\u00eatre par les propos de son illustre coll\u00e8gue grison, Hans Flotron (qui a repris en 1934 la direction de l\u2019Ecole Suisse de Ski de Villars) saura int\u00e9grer pleinement l\u2019\u00e9cole de ski et ses instructeurs \u00e0 cet essor extraordinaire de la station de Villars.<\/p>\n<\/div>\n<div class=\"span6\">\n<p><img decoding=\"async\" class=\"aligncenter size-full wp-image-29675\" src=\"https:\/\/ess-villars.ch\/wp-content\/uploads\/2023\/08\/EnCuisettes.jpg\" alt=\"\" width=\"780\" height=\"824\" srcset=\"https:\/\/ess-villars.ch\/wp-content\/uploads\/2023\/08\/EnCuisettes.jpg 780w, https:\/\/ess-villars.ch\/wp-content\/uploads\/2023\/08\/EnCuisettes-284x300.jpg 284w, https:\/\/ess-villars.ch\/wp-content\/uploads\/2023\/08\/EnCuisettes-768x811.jpg 768w\" sizes=\"(max-width: 780px) 100vw, 780px\" \/><\/p>\n<p>Il introduit en hiver 1938 les premiers \u00ab\u00a0tests\u00a0\u00bb, dont les clients anglais sont tr\u00e8s friands. Aloys Zbinden et Gabriel Delvecchio rejoignent les rangs de la jeune \u00e9cole de ski et porte\u00a0son effectif \u00e0 12 moniteurs. Rapidement, l\u2019Ecole Suisse de Ski devient un acteur incontournable de la vie touristique villardoue.<\/p>\n<p><img decoding=\"async\" class=\"aligncenter size-large wp-image-29677\" src=\"https:\/\/ess-villars.ch\/wp-content\/uploads\/2023\/08\/1937-Noel-1024x738.jpg\" alt=\"\" width=\"800\" height=\"577\" srcset=\"https:\/\/ess-villars.ch\/wp-content\/uploads\/2023\/08\/1937-Noel-1024x738.jpg 1024w, https:\/\/ess-villars.ch\/wp-content\/uploads\/2023\/08\/1937-Noel-300x216.jpg 300w, https:\/\/ess-villars.ch\/wp-content\/uploads\/2023\/08\/1937-Noel-768x553.jpg 768w, https:\/\/ess-villars.ch\/wp-content\/uploads\/2023\/08\/1937-Noel.jpg 1134w\" sizes=\"(max-width: 800px) 100vw, 800px\" \/><\/p>\n<\/div>\n<\/div>\n","protected":false},"excerpt":{"rendered":"<p>Les premi\u00e8res remont\u00e9es m\u00e9caniques En 1936, tout se pr\u00e9cipite : La soci\u00e9t\u00e9 \u00ab T\u00e9l\u00e9-Skis Bretaye SA \u00bb, sous la pr\u00e9sidence de Louis Chamorel est fond\u00e9e en vue de la construction sur Chaux-Ronde du premier\u00a0t\u00e9l\u00e9ski de Suisse. Le \u00ab monte-pente \u00bb suscite tr\u00e8s rapidement un grand int\u00e9r\u00eat de la part des skieurs et dans la foul\u00e9e, [&hellip;]<\/p>\n","protected":false},"author":1,"featured_media":29676,"comment_status":"open","ping_status":"open","sticky":false,"template":"","format":"standard","meta":{"_acf_changed":false,"footnotes":""},"categories":[9],"tags":[],"class_list":["post-29674","post","type-post","status-publish","format-standard","has-post-thumbnail","hentry","category-histoire"],"acf":[],"yoast_head":"<!-- This site is optimized with the Yoast SEO plugin v27.5 - https:\/\/yoast.com\/product\/yoast-seo-wordpress\/ -->\n<title>Episode 3: Les premi\u00e8res remont\u00e9es m\u00e9caniques - ESS Villars<\/title>\n<meta name=\"description\" content=\"Les premi\u00e8res remont\u00e9es m\u00e9caniques En 1936, tout se pr\u00e9cipite : La soci\u00e9t\u00e9 \u00ab T\u00e9l\u00e9-Skis B...\" \/>\n<meta name=\"robots\" content=\"index, follow, max-snippet:-1, max-image-preview:large, max-video-preview:-1\" \/>\n<link rel=\"canonical\" href=\"https:\/\/ess-villars.ch\/fr\/blogs\/item\/2537-episode-3-les-premieres-remontees-mecaniques\/\" \/>\n<meta property=\"og:locale\" content=\"fr_FR\" \/>\n<meta property=\"og:type\" content=\"article\" \/>\n<meta property=\"og:title\" content=\"Episode 3: Les premi\u00e8res remont\u00e9es m\u00e9caniques - ESS Villars\" \/>\n<meta property=\"og:description\" content=\"Les premi\u00e8res remont\u00e9es m\u00e9caniques En 1936, tout se pr\u00e9cipite : La soci\u00e9t\u00e9 \u00ab T\u00e9l\u00e9-Skis B...\" \/>\n<meta property=\"og:url\" content=\"https:\/\/ess-villars.ch\/fr\/blogs\/item\/2537-episode-3-les-premieres-remontees-mecaniques\" \/>\n<meta property=\"og:site_name\" content=\"ESS Villars\" \/>\n<meta property=\"article:published_time\" content=\"2023-08-30T14:58:36+00:00\" \/>\n<meta property=\"article:modified_time\" content=\"2025-09-25T10:25:19+00:00\" \/>\n<meta property=\"og:image\" content=\"https:\/\/ess-villars.ch\/wp-content\/uploads\/2023\/08\/1940-scaled.jpg\" \/>\n\t<meta property=\"og:image:width\" content=\"2560\" \/>\n\t<meta property=\"og:image:height\" content=\"1905\" \/>\n\t<meta property=\"og:image:type\" content=\"image\/jpeg\" \/>\n<meta name=\"author\" content=\"Admin_ess_1234\" \/>\n<meta name=\"twitter:card\" content=\"summary_large_image\" \/>\n<meta name=\"twitter:label1\" content=\"\u00c9crit par\" \/>\n\t<meta name=\"twitter:data1\" content=\"Admin_ess_1234\" \/>\n\t<meta name=\"twitter:label2\" content=\"Dur\u00e9e de lecture estim\u00e9e\" \/>\n\t<meta name=\"twitter:data2\" content=\"3 minutes\" \/>\n<script type=\"application\/ld+json\" class=\"yoast-schema-graph\">{\"@context\":\"https:\\\/\\\/schema.org\",\"@graph\":[{\"@type\":\"Article\",\"@id\":\"https:\\\/\\\/ess-villars.ch\\\/fr\\\/blogs\\\/item\\\/2537-episode-3-les-premieres-remontees-mecaniques#article\",\"isPartOf\":{\"@id\":\"https:\\\/\\\/ess-villars.ch\\\/fr\\\/blogs\\\/item\\\/2537-episode-3-les-premieres-remontees-mecaniques\"},\"author\":{\"name\":\"Admin_ess_1234\",\"@id\":\"https:\\\/\\\/ess-villars.ch\\\/fr\\\/#\\\/schema\\\/person\\\/0f30ecd734c125feb7718cb834b17b33\"},\"headline\":\"Episode 3: Les premi\u00e8res remont\u00e9es m\u00e9caniques\",\"datePublished\":\"2023-08-30T14:58:36+00:00\",\"dateModified\":\"2025-09-25T10:25:19+00:00\",\"mainEntityOfPage\":{\"@id\":\"https:\\\/\\\/ess-villars.ch\\\/fr\\\/blogs\\\/item\\\/2537-episode-3-les-premieres-remontees-mecaniques\"},\"wordCount\":271,\"commentCount\":0,\"publisher\":{\"@id\":\"https:\\\/\\\/ess-villars.ch\\\/fr\\\/#organization\"},\"image\":{\"@id\":\"https:\\\/\\\/ess-villars.ch\\\/fr\\\/blogs\\\/item\\\/2537-episode-3-les-premieres-remontees-mecaniques#primaryimage\"},\"thumbnailUrl\":\"https:\\\/\\\/ess-villars.ch\\\/wp-content\\\/uploads\\\/2023\\\/08\\\/1940-scaled.jpg\",\"articleSection\":[\"Histoire\"],\"inLanguage\":\"fr-FR\",\"potentialAction\":[{\"@type\":\"CommentAction\",\"name\":\"Comment\",\"target\":[\"https:\\\/\\\/ess-villars.ch\\\/fr\\\/blogs\\\/item\\\/2537-episode-3-les-premieres-remontees-mecaniques#respond\"]}]},{\"@type\":\"WebPage\",\"@id\":\"https:\\\/\\\/ess-villars.ch\\\/fr\\\/blogs\\\/item\\\/2537-episode-3-les-premieres-remontees-mecaniques\",\"url\":\"https:\\\/\\\/ess-villars.ch\\\/fr\\\/blogs\\\/item\\\/2537-episode-3-les-premieres-remontees-mecaniques\",\"name\":\"Episode 3: Les premi\u00e8res remont\u00e9es m\u00e9caniques - ESS Villars\",\"isPartOf\":{\"@id\":\"https:\\\/\\\/ess-villars.ch\\\/fr\\\/#website\"},\"primaryImageOfPage\":{\"@id\":\"https:\\\/\\\/ess-villars.ch\\\/fr\\\/blogs\\\/item\\\/2537-episode-3-les-premieres-remontees-mecaniques#primaryimage\"},\"image\":{\"@id\":\"https:\\\/\\\/ess-villars.ch\\\/fr\\\/blogs\\\/item\\\/2537-episode-3-les-premieres-remontees-mecaniques#primaryimage\"},\"thumbnailUrl\":\"https:\\\/\\\/ess-villars.ch\\\/wp-content\\\/uploads\\\/2023\\\/08\\\/1940-scaled.jpg\",\"datePublished\":\"2023-08-30T14:58:36+00:00\",\"dateModified\":\"2025-09-25T10:25:19+00:00\",\"description\":\"Les premi\u00e8res remont\u00e9es m\u00e9caniques En 1936, tout se pr\u00e9cipite : La soci\u00e9t\u00e9 \u00ab T\u00e9l\u00e9-Skis B...\",\"breadcrumb\":{\"@id\":\"https:\\\/\\\/ess-villars.ch\\\/fr\\\/blogs\\\/item\\\/2537-episode-3-les-premieres-remontees-mecaniques#breadcrumb\"},\"inLanguage\":\"fr-FR\",\"potentialAction\":[{\"@type\":\"ReadAction\",\"target\":[\"https:\\\/\\\/ess-villars.ch\\\/fr\\\/blogs\\\/item\\\/2537-episode-3-les-premieres-remontees-mecaniques\"]}]},{\"@type\":\"ImageObject\",\"inLanguage\":\"fr-FR\",\"@id\":\"https:\\\/\\\/ess-villars.ch\\\/fr\\\/blogs\\\/item\\\/2537-episode-3-les-premieres-remontees-mecaniques#primaryimage\",\"url\":\"https:\\\/\\\/ess-villars.ch\\\/wp-content\\\/uploads\\\/2023\\\/08\\\/1940-scaled.jpg\",\"contentUrl\":\"https:\\\/\\\/ess-villars.ch\\\/wp-content\\\/uploads\\\/2023\\\/08\\\/1940-scaled.jpg\",\"width\":2560,\"height\":1905},{\"@type\":\"BreadcrumbList\",\"@id\":\"https:\\\/\\\/ess-villars.ch\\\/fr\\\/blogs\\\/item\\\/2537-episode-3-les-premieres-remontees-mecaniques#breadcrumb\",\"itemListElement\":[{\"@type\":\"ListItem\",\"position\":1,\"name\":\"Home\",\"item\":\"https:\\\/\\\/ess-villars.ch\\\/fr\\\/\"},{\"@type\":\"ListItem\",\"position\":2,\"name\":\"Episode 3: Les premi\u00e8res remont\u00e9es m\u00e9caniques\"}]},{\"@type\":\"WebSite\",\"@id\":\"https:\\\/\\\/ess-villars.ch\\\/fr\\\/#website\",\"url\":\"https:\\\/\\\/ess-villars.ch\\\/fr\\\/\",\"name\":\"ESS Villars\",\"description\":\"Join the red legend !\",\"publisher\":{\"@id\":\"https:\\\/\\\/ess-villars.ch\\\/fr\\\/#organization\"},\"potentialAction\":[{\"@type\":\"SearchAction\",\"target\":{\"@type\":\"EntryPoint\",\"urlTemplate\":\"https:\\\/\\\/ess-villars.ch\\\/fr\\\/?s={search_term_string}\"},\"query-input\":{\"@type\":\"PropertyValueSpecification\",\"valueRequired\":true,\"valueName\":\"search_term_string\"}}],\"inLanguage\":\"fr-FR\"},{\"@type\":\"Organization\",\"@id\":\"https:\\\/\\\/ess-villars.ch\\\/fr\\\/#organization\",\"name\":\"ESS Villars\",\"url\":\"https:\\\/\\\/ess-villars.ch\\\/fr\\\/\",\"logo\":{\"@type\":\"ImageObject\",\"inLanguage\":\"fr-FR\",\"@id\":\"https:\\\/\\\/ess-villars.ch\\\/fr\\\/#\\\/schema\\\/logo\\\/image\\\/\",\"url\":\"https:\\\/\\\/ess-villars.ch\\\/wp-content\\\/uploads\\\/2023\\\/08\\\/ESS_Villars_logo_png.png\",\"contentUrl\":\"https:\\\/\\\/ess-villars.ch\\\/wp-content\\\/uploads\\\/2023\\\/08\\\/ESS_Villars_logo_png.png\",\"width\":1181,\"height\":1181,\"caption\":\"ESS Villars\"},\"image\":{\"@id\":\"https:\\\/\\\/ess-villars.ch\\\/fr\\\/#\\\/schema\\\/logo\\\/image\\\/\"}},{\"@type\":\"Person\",\"@id\":\"https:\\\/\\\/ess-villars.ch\\\/fr\\\/#\\\/schema\\\/person\\\/0f30ecd734c125feb7718cb834b17b33\",\"name\":\"Admin_ess_1234\",\"image\":{\"@type\":\"ImageObject\",\"inLanguage\":\"fr-FR\",\"@id\":\"https:\\\/\\\/secure.gravatar.com\\\/avatar\\\/5fa0ab8129cd20f0a7834bfabb7e7a1558862e46633c891c431236a50cc39ab9?s=96&d=mm&r=g\",\"url\":\"https:\\\/\\\/secure.gravatar.com\\\/avatar\\\/5fa0ab8129cd20f0a7834bfabb7e7a1558862e46633c891c431236a50cc39ab9?s=96&d=mm&r=g\",\"contentUrl\":\"https:\\\/\\\/secure.gravatar.com\\\/avatar\\\/5fa0ab8129cd20f0a7834bfabb7e7a1558862e46633c891c431236a50cc39ab9?s=96&d=mm&r=g\",\"caption\":\"Admin_ess_1234\"},\"sameAs\":[\"https:\\\/\\\/ess-villars.ch\"]}]}<\/script>\n<!-- \/ Yoast SEO plugin. -->","yoast_head_json":{"title":"Episode 3: Les premi\u00e8res remont\u00e9es m\u00e9caniques - ESS Villars","description":"Les premi\u00e8res remont\u00e9es m\u00e9caniques En 1936, tout se pr\u00e9cipite : La soci\u00e9t\u00e9 \u00ab T\u00e9l\u00e9-Skis B...","robots":{"index":"index","follow":"follow","max-snippet":"max-snippet:-1","max-image-preview":"max-image-preview:large","max-video-preview":"max-video-preview:-1"},"canonical":"https:\/\/ess-villars.ch\/fr\/blogs\/item\/2537-episode-3-les-premieres-remontees-mecaniques\/","og_locale":"fr_FR","og_type":"article","og_title":"Episode 3: Les premi\u00e8res remont\u00e9es m\u00e9caniques - ESS Villars","og_description":"Les premi\u00e8res remont\u00e9es m\u00e9caniques En 1936, tout se pr\u00e9cipite : La soci\u00e9t\u00e9 \u00ab T\u00e9l\u00e9-Skis B...","og_url":"https:\/\/ess-villars.ch\/fr\/blogs\/item\/2537-episode-3-les-premieres-remontees-mecaniques","og_site_name":"ESS Villars","article_published_time":"2023-08-30T14:58:36+00:00","article_modified_time":"2025-09-25T10:25:19+00:00","og_image":[{"width":2560,"height":1905,"url":"https:\/\/ess-villars.ch\/wp-content\/uploads\/2023\/08\/1940-scaled.jpg","type":"image\/jpeg"}],"author":"Admin_ess_1234","twitter_card":"summary_large_image","twitter_misc":{"\u00c9crit par":"Admin_ess_1234","Dur\u00e9e de lecture estim\u00e9e":"3 minutes"},"schema":{"@context":"https:\/\/schema.org","@graph":[{"@type":"Article","@id":"https:\/\/ess-villars.ch\/fr\/blogs\/item\/2537-episode-3-les-premieres-remontees-mecaniques#article","isPartOf":{"@id":"https:\/\/ess-villars.ch\/fr\/blogs\/item\/2537-episode-3-les-premieres-remontees-mecaniques"},"author":{"name":"Admin_ess_1234","@id":"https:\/\/ess-villars.ch\/fr\/#\/schema\/person\/0f30ecd734c125feb7718cb834b17b33"},"headline":"Episode 3: Les premi\u00e8res remont\u00e9es m\u00e9caniques","datePublished":"2023-08-30T14:58:36+00:00","dateModified":"2025-09-25T10:25:19+00:00","mainEntityOfPage":{"@id":"https:\/\/ess-villars.ch\/fr\/blogs\/item\/2537-episode-3-les-premieres-remontees-mecaniques"},"wordCount":271,"commentCount":0,"publisher":{"@id":"https:\/\/ess-villars.ch\/fr\/#organization"},"image":{"@id":"https:\/\/ess-villars.ch\/fr\/blogs\/item\/2537-episode-3-les-premieres-remontees-mecaniques#primaryimage"},"thumbnailUrl":"https:\/\/ess-villars.ch\/wp-content\/uploads\/2023\/08\/1940-scaled.jpg","articleSection":["Histoire"],"inLanguage":"fr-FR","potentialAction":[{"@type":"CommentAction","name":"Comment","target":["https:\/\/ess-villars.ch\/fr\/blogs\/item\/2537-episode-3-les-premieres-remontees-mecaniques#respond"]}]},{"@type":"WebPage","@id":"https:\/\/ess-villars.ch\/fr\/blogs\/item\/2537-episode-3-les-premieres-remontees-mecaniques","url":"https:\/\/ess-villars.ch\/fr\/blogs\/item\/2537-episode-3-les-premieres-remontees-mecaniques","name":"Episode 3: Les premi\u00e8res remont\u00e9es m\u00e9caniques - ESS Villars","isPartOf":{"@id":"https:\/\/ess-villars.ch\/fr\/#website"},"primaryImageOfPage":{"@id":"https:\/\/ess-villars.ch\/fr\/blogs\/item\/2537-episode-3-les-premieres-remontees-mecaniques#primaryimage"},"image":{"@id":"https:\/\/ess-villars.ch\/fr\/blogs\/item\/2537-episode-3-les-premieres-remontees-mecaniques#primaryimage"},"thumbnailUrl":"https:\/\/ess-villars.ch\/wp-content\/uploads\/2023\/08\/1940-scaled.jpg","datePublished":"2023-08-30T14:58:36+00:00","dateModified":"2025-09-25T10:25:19+00:00","description":"Les premi\u00e8res remont\u00e9es m\u00e9caniques En 1936, tout se pr\u00e9cipite : La soci\u00e9t\u00e9 \u00ab T\u00e9l\u00e9-Skis B...","breadcrumb":{"@id":"https:\/\/ess-villars.ch\/fr\/blogs\/item\/2537-episode-3-les-premieres-remontees-mecaniques#breadcrumb"},"inLanguage":"fr-FR","potentialAction":[{"@type":"ReadAction","target":["https:\/\/ess-villars.ch\/fr\/blogs\/item\/2537-episode-3-les-premieres-remontees-mecaniques"]}]},{"@type":"ImageObject","inLanguage":"fr-FR","@id":"https:\/\/ess-villars.ch\/fr\/blogs\/item\/2537-episode-3-les-premieres-remontees-mecaniques#primaryimage","url":"https:\/\/ess-villars.ch\/wp-content\/uploads\/2023\/08\/1940-scaled.jpg","contentUrl":"https:\/\/ess-villars.ch\/wp-content\/uploads\/2023\/08\/1940-scaled.jpg","width":2560,"height":1905},{"@type":"BreadcrumbList","@id":"https:\/\/ess-villars.ch\/fr\/blogs\/item\/2537-episode-3-les-premieres-remontees-mecaniques#breadcrumb","itemListElement":[{"@type":"ListItem","position":1,"name":"Home","item":"https:\/\/ess-villars.ch\/fr\/"},{"@type":"ListItem","position":2,"name":"Episode 3: Les premi\u00e8res remont\u00e9es m\u00e9caniques"}]},{"@type":"WebSite","@id":"https:\/\/ess-villars.ch\/fr\/#website","url":"https:\/\/ess-villars.ch\/fr\/","name":"ESS Villars","description":"Join the red legend !","publisher":{"@id":"https:\/\/ess-villars.ch\/fr\/#organization"},"potentialAction":[{"@type":"SearchAction","target":{"@type":"EntryPoint","urlTemplate":"https:\/\/ess-villars.ch\/fr\/?s={search_term_string}"},"query-input":{"@type":"PropertyValueSpecification","valueRequired":true,"valueName":"search_term_string"}}],"inLanguage":"fr-FR"},{"@type":"Organization","@id":"https:\/\/ess-villars.ch\/fr\/#organization","name":"ESS Villars","url":"https:\/\/ess-villars.ch\/fr\/","logo":{"@type":"ImageObject","inLanguage":"fr-FR","@id":"https:\/\/ess-villars.ch\/fr\/#\/schema\/logo\/image\/","url":"https:\/\/ess-villars.ch\/wp-content\/uploads\/2023\/08\/ESS_Villars_logo_png.png","contentUrl":"https:\/\/ess-villars.ch\/wp-content\/uploads\/2023\/08\/ESS_Villars_logo_png.png","width":1181,"height":1181,"caption":"ESS Villars"},"image":{"@id":"https:\/\/ess-villars.ch\/fr\/#\/schema\/logo\/image\/"}},{"@type":"Person","@id":"https:\/\/ess-villars.ch\/fr\/#\/schema\/person\/0f30ecd734c125feb7718cb834b17b33","name":"Admin_ess_1234","image":{"@type":"ImageObject","inLanguage":"fr-FR","@id":"https:\/\/secure.gravatar.com\/avatar\/5fa0ab8129cd20f0a7834bfabb7e7a1558862e46633c891c431236a50cc39ab9?s=96&d=mm&r=g","url":"https:\/\/secure.gravatar.com\/avatar\/5fa0ab8129cd20f0a7834bfabb7e7a1558862e46633c891c431236a50cc39ab9?s=96&d=mm&r=g","contentUrl":"https:\/\/secure.gravatar.com\/avatar\/5fa0ab8129cd20f0a7834bfabb7e7a1558862e46633c891c431236a50cc39ab9?s=96&d=mm&r=g","caption":"Admin_ess_1234"},"sameAs":["https:\/\/ess-villars.ch"]}]}},"_links":{"self":[{"href":"https:\/\/ess-villars.ch\/fr\/wp-json\/wp\/v2\/posts\/29674","targetHints":{"allow":["GET"]}}],"collection":[{"href":"https:\/\/ess-villars.ch\/fr\/wp-json\/wp\/v2\/posts"}],"about":[{"href":"https:\/\/ess-villars.ch\/fr\/wp-json\/wp\/v2\/types\/post"}],"author":[{"embeddable":true,"href":"https:\/\/ess-villars.ch\/fr\/wp-json\/wp\/v2\/users\/1"}],"replies":[{"embeddable":true,"href":"https:\/\/ess-villars.ch\/fr\/wp-json\/wp\/v2\/comments?post=29674"}],"version-history":[{"count":2,"href":"https:\/\/ess-villars.ch\/fr\/wp-json\/wp\/v2\/posts\/29674\/revisions"}],"predecessor-version":[{"id":49096,"href":"https:\/\/ess-villars.ch\/fr\/wp-json\/wp\/v2\/posts\/29674\/revisions\/49096"}],"wp:featuredmedia":[{"embeddable":true,"href":"https:\/\/ess-villars.ch\/fr\/wp-json\/wp\/v2\/media\/29676"}],"wp:attachment":[{"href":"https:\/\/ess-villars.ch\/fr\/wp-json\/wp\/v2\/media?parent=29674"}],"wp:term":[{"taxonomy":"category","embeddable":true,"href":"https:\/\/ess-villars.ch\/fr\/wp-json\/wp\/v2\/categories?post=29674"},{"taxonomy":"post_tag","embeddable":true,"href":"https:\/\/ess-villars.ch\/fr\/wp-json\/wp\/v2\/tags?post=29674"}],"curies":[{"name":"wp","href":"https:\/\/api.w.org\/{rel}","templated":true}]}}