{"id":29667,"date":"2023-08-30T16:56:28","date_gmt":"2023-08-30T14:56:28","guid":{"rendered":"https:\/\/hebergement2.ch\/?p=29667"},"modified":"2025-09-25T12:25:03","modified_gmt":"2025-09-25T10:25:03","slug":"lecole-de-ski-dans-les-annees-40","status":"publish","type":"post","link":"https:\/\/ess-villars.ch\/fr\/blogs\/item\/2539-episode-5-l-ecole-de-ski-dans-les-annees-40","title":{"rendered":"Episode 5: L&rsquo;Ecole de ski dans les ann\u00e9es 40&prime;"},"content":{"rendered":"<h2>L&rsquo;Ecole de ski dans les ann\u00e9es 40&prime;<\/h2>\n<div class=\"row-fluid\">\n<div class=\"span6\">\n<p>Au d\u00e9clenchement de la seconde guerre mondiale, la station de Villars, \u00e9pargn\u00e9e dans les ann\u00e9es 30 par les effets de la grande d\u00e9pression, est irr\u00e9m\u00e9diablement rattrap\u00e9e par la r\u00e9alit\u00e9 historique. Le d\u00e9veloppement du domaine skiable est mis entre parenth\u00e8ses et la mont\u00e9e du train jusqu\u2019au Chamossaire ne se concr\u00e9tisera jamais\u2026Avec les fronti\u00e8res ferm\u00e9es et l\u2019aust\u00e9rit\u00e9 impos\u00e9e par le con\ufb02it, les h\u00f4tes se font bien plus rares et les h\u00f4teliers boivent la tasse.<\/p>\n<p>La fameuse fixation \u00ab Kandahar \u00bb appara\u00eet et les skis \u00e9voluent consid\u00e9rablement sous l\u2019impulsion d\u2019Abel Rossignol et de son proc\u00e9d\u00e9 r\u00e9volutionnaire de fabrication de skis lamell\u00e9s contrecoll\u00e9s (association de lames de bois par collage de bois dur, l\u00e9ger et souple). C\u2019est avec ces skis qu\u2019Henri Oreiller triomphe aux Jeux de St Moritz en 1948 devant Karl Molitor et James Couttet.<\/p>\n<p><img decoding=\"async\" class=\"aligncenter size-full wp-image-29671\" src=\"https:\/\/ess-villars.ch\/wp-content\/uploads\/2023\/08\/page-12.4.jpg\" alt=\"\" width=\"200\" height=\"212\" \/><\/p>\n<p>On prend \u00e9galement conscience de l\u2019importance de la pr\u00e9paration des pistes. Ainsi passe-t-on de la notion de \u00ab champs de ski \u00bb \u00e0 celles de \u00ab pistes de ski \u00bb. On pose les premiers paravalanches, un balisage est mis en place et le service de pistes est d\u00e9velopp\u00e9. La pr\u00e9paration des pistes n\u2019est pas encore m\u00e9canis\u00e9e et l\u2019on proc\u00e8de en tapant la neige avec ses skis aux pieds ou en tirant de lourds rouleaux sur la surface neigeuse. Pour pr\u00e9parer une comp\u00e9tition, il n\u2019\u00e9tait pas rare de taper \u00e0 pied la piste du sommet du Grand Chamossaire jusqu\u2019\u00e0 Villars. Il va de soi que l\u2019Ecole de ski participait grandement \u00e0 cet effort.<\/p>\n<p>Si l\u2019activit\u00e9 touristique a nettement diminu\u00e9 durant les ann\u00e9es 40, l\u2019enseignement du ski s\u2019est pour sa part consid\u00e9rablement structur\u00e9 durant cette p\u00e9riode. La loi vaudoise de 1941 sur les ma\u00eetres de ski prescrit aux moniteurs d\u2019\u00eatre au b\u00e9n\u00e9\ufb01ce d\u2019une patente, soumise \u00e0 examen. La profession se trouve ainsi beaucoup mieux organis\u00e9e et le message technique uniformis\u00e9.<\/p>\n<p>Ferdinand Oguey a repris les r\u00eanes de l\u2019Ecole Suisse de Ski de Villars en 1941 pour les remettre en 1943 d\u00e9j\u00e0 \u00e0 Jean-Louis Chable, \ufb01gure marquante de l\u2019Ecole Suisse de Ski, qu\u2019il dirigera d\u2019une main de ma\u00eetre durant trente-deux ans. Parall\u00e8lement \u00e0 la structuration du m\u00e9tier de professeur de ski au niveau cantonal et national, Jean-Louis Chable a su insuffler \u00e0 l\u2019Ecole Suisse de Ski de Villars s\u00e9rieux et professionnalisme.<\/p>\n<p>L\u2019ESS jouit \u00e0 la \ufb01n des ann\u00e9es 40 d\u2019une excellente r\u00e9putation aupr\u00e8s de ses cons\u0153urs. Cette reconnaissance se mat\u00e9rialisera en 1950 par l\u2019organisation \u00e0 Villars du cours central de l\u2019Interassociation Suisse pour le Ski.<\/p>\n<p><img fetchpriority=\"high\" decoding=\"async\" class=\"aligncenter size-large wp-image-29672\" src=\"https:\/\/ess-villars.ch\/wp-content\/uploads\/2023\/08\/page-12.2-1024x711.jpg\" alt=\"\" width=\"800\" height=\"555\" srcset=\"https:\/\/ess-villars.ch\/wp-content\/uploads\/2023\/08\/page-12.2-1024x711.jpg 1024w, https:\/\/ess-villars.ch\/wp-content\/uploads\/2023\/08\/page-12.2-300x208.jpg 300w, https:\/\/ess-villars.ch\/wp-content\/uploads\/2023\/08\/page-12.2-768x533.jpg 768w, https:\/\/ess-villars.ch\/wp-content\/uploads\/2023\/08\/page-12.2-1536x1066.jpg 1536w, https:\/\/ess-villars.ch\/wp-content\/uploads\/2023\/08\/page-12.2-2048x1421.jpg 2048w\" sizes=\"(max-width: 800px) 100vw, 800px\" \/><\/p>\n<\/div>\n<div class=\"span6\">\n<p><img decoding=\"async\" class=\"aligncenter size-large wp-image-29670\" src=\"https:\/\/ess-villars.ch\/wp-content\/uploads\/2023\/08\/page-12.3-1024x663.jpg\" alt=\"\" width=\"800\" height=\"518\" srcset=\"https:\/\/ess-villars.ch\/wp-content\/uploads\/2023\/08\/page-12.3-1024x663.jpg 1024w, https:\/\/ess-villars.ch\/wp-content\/uploads\/2023\/08\/page-12.3-300x194.jpg 300w, https:\/\/ess-villars.ch\/wp-content\/uploads\/2023\/08\/page-12.3-768x497.jpg 768w, https:\/\/ess-villars.ch\/wp-content\/uploads\/2023\/08\/page-12.3-1536x995.jpg 1536w, https:\/\/ess-villars.ch\/wp-content\/uploads\/2023\/08\/page-12.3.jpg 1668w\" sizes=\"(max-width: 800px) 100vw, 800px\" \/><\/p>\n<div><img loading=\"lazy\" decoding=\"async\" class=\"aligncenter size-large wp-image-29669\" src=\"https:\/\/ess-villars.ch\/wp-content\/uploads\/2023\/08\/page-12-1024x715.jpg\" alt=\"\" width=\"800\" height=\"559\" srcset=\"https:\/\/ess-villars.ch\/wp-content\/uploads\/2023\/08\/page-12-1024x715.jpg 1024w, https:\/\/ess-villars.ch\/wp-content\/uploads\/2023\/08\/page-12-300x209.jpg 300w, https:\/\/ess-villars.ch\/wp-content\/uploads\/2023\/08\/page-12-768x536.jpg 768w, https:\/\/ess-villars.ch\/wp-content\/uploads\/2023\/08\/page-12.jpg 1496w\" sizes=\"(max-width: 800px) 100vw, 800px\" \/><\/div>\n<div><\/div>\n<div><img loading=\"lazy\" decoding=\"async\" class=\"aligncenter size-large wp-image-29668\" src=\"https:\/\/ess-villars.ch\/wp-content\/uploads\/2023\/08\/1946-1024x658.jpg\" alt=\"\" width=\"800\" height=\"514\" srcset=\"https:\/\/ess-villars.ch\/wp-content\/uploads\/2023\/08\/1946-1024x658.jpg 1024w, https:\/\/ess-villars.ch\/wp-content\/uploads\/2023\/08\/1946-300x193.jpg 300w, https:\/\/ess-villars.ch\/wp-content\/uploads\/2023\/08\/1946-768x494.jpg 768w, https:\/\/ess-villars.ch\/wp-content\/uploads\/2023\/08\/1946-1536x987.jpg 1536w, https:\/\/ess-villars.ch\/wp-content\/uploads\/2023\/08\/1946.jpg 1646w\" sizes=\"(max-width: 800px) 100vw, 800px\" \/><\/div>\n<\/div>\n<\/div>\n","protected":false},"excerpt":{"rendered":"<p>L&rsquo;Ecole de ski dans les ann\u00e9es 40&prime; Au d\u00e9clenchement de la seconde guerre mondiale, la station de Villars, \u00e9pargn\u00e9e dans les ann\u00e9es 30 par les effets de la grande d\u00e9pression, est irr\u00e9m\u00e9diablement rattrap\u00e9e par la r\u00e9alit\u00e9 historique. Le d\u00e9veloppement du domaine skiable est mis entre parenth\u00e8ses et la mont\u00e9e du train jusqu\u2019au Chamossaire ne se [&hellip;]<\/p>\n","protected":false},"author":1,"featured_media":29670,"comment_status":"open","ping_status":"open","sticky":false,"template":"","format":"standard","meta":{"_acf_changed":false,"footnotes":""},"categories":[9],"tags":[],"class_list":["post-29667","post","type-post","status-publish","format-standard","has-post-thumbnail","hentry","category-histoire"],"acf":[],"yoast_head":"<!-- This site is optimized with the Yoast SEO plugin v27.5 - https:\/\/yoast.com\/product\/yoast-seo-wordpress\/ -->\n<title>Episode 5: L&#039;Ecole de ski dans les ann\u00e9es 40&#039; - ESS Villars<\/title>\n<meta name=\"description\" content=\"L&#039;Ecole de ski dans les ann\u00e9es 40&#039; Au d\u00e9clenchement de la seconde guerre mondiale, la station de Villars, \u00e9pargn\u00e9e dans le...\" \/>\n<meta name=\"robots\" content=\"index, follow, max-snippet:-1, max-image-preview:large, max-video-preview:-1\" \/>\n<link rel=\"canonical\" href=\"https:\/\/ess-villars.ch\/fr\/blogs\/item\/2539-episode-5-l-ecole-de-ski-dans-les-annees-40\/\" \/>\n<meta property=\"og:locale\" content=\"fr_FR\" \/>\n<meta property=\"og:type\" content=\"article\" \/>\n<meta property=\"og:title\" content=\"Episode 5: L&#039;Ecole de ski dans les ann\u00e9es 40&#039; - ESS Villars\" \/>\n<meta property=\"og:description\" content=\"L&#039;Ecole de ski dans les ann\u00e9es 40&#039; Au d\u00e9clenchement de la seconde guerre mondiale, la station de Villars, \u00e9pargn\u00e9e dans le...\" \/>\n<meta property=\"og:url\" content=\"https:\/\/ess-villars.ch\/fr\/blogs\/item\/2539-episode-5-l-ecole-de-ski-dans-les-annees-40\" \/>\n<meta property=\"og:site_name\" content=\"ESS Villars\" \/>\n<meta property=\"article:published_time\" content=\"2023-08-30T14:56:28+00:00\" \/>\n<meta property=\"article:modified_time\" content=\"2025-09-25T10:25:03+00:00\" \/>\n<meta property=\"og:image\" content=\"https:\/\/ess-villars.ch\/wp-content\/uploads\/2023\/08\/page-12.3.jpg\" \/>\n\t<meta property=\"og:image:width\" content=\"1668\" \/>\n\t<meta property=\"og:image:height\" content=\"1080\" \/>\n\t<meta property=\"og:image:type\" content=\"image\/jpeg\" \/>\n<meta name=\"author\" content=\"Admin_ess_1234\" \/>\n<meta name=\"twitter:card\" content=\"summary_large_image\" \/>\n<meta name=\"twitter:label1\" content=\"\u00c9crit par\" \/>\n\t<meta name=\"twitter:data1\" content=\"Admin_ess_1234\" \/>\n\t<meta name=\"twitter:label2\" content=\"Dur\u00e9e de lecture estim\u00e9e\" \/>\n\t<meta name=\"twitter:data2\" content=\"4 minutes\" \/>\n<script type=\"application\/ld+json\" class=\"yoast-schema-graph\">{\"@context\":\"https:\\\/\\\/schema.org\",\"@graph\":[{\"@type\":\"Article\",\"@id\":\"https:\\\/\\\/ess-villars.ch\\\/fr\\\/blogs\\\/item\\\/2539-episode-5-l-ecole-de-ski-dans-les-annees-40#article\",\"isPartOf\":{\"@id\":\"https:\\\/\\\/ess-villars.ch\\\/fr\\\/blogs\\\/item\\\/2539-episode-5-l-ecole-de-ski-dans-les-annees-40\"},\"author\":{\"name\":\"Admin_ess_1234\",\"@id\":\"https:\\\/\\\/ess-villars.ch\\\/fr\\\/#\\\/schema\\\/person\\\/0f30ecd734c125feb7718cb834b17b33\"},\"headline\":\"Episode 5: L&rsquo;Ecole de ski dans les ann\u00e9es 40&prime;\",\"datePublished\":\"2023-08-30T14:56:28+00:00\",\"dateModified\":\"2025-09-25T10:25:03+00:00\",\"mainEntityOfPage\":{\"@id\":\"https:\\\/\\\/ess-villars.ch\\\/fr\\\/blogs\\\/item\\\/2539-episode-5-l-ecole-de-ski-dans-les-annees-40\"},\"wordCount\":476,\"commentCount\":0,\"publisher\":{\"@id\":\"https:\\\/\\\/ess-villars.ch\\\/fr\\\/#organization\"},\"image\":{\"@id\":\"https:\\\/\\\/ess-villars.ch\\\/fr\\\/blogs\\\/item\\\/2539-episode-5-l-ecole-de-ski-dans-les-annees-40#primaryimage\"},\"thumbnailUrl\":\"https:\\\/\\\/ess-villars.ch\\\/wp-content\\\/uploads\\\/2023\\\/08\\\/page-12.3.jpg\",\"articleSection\":[\"Histoire\"],\"inLanguage\":\"fr-FR\",\"potentialAction\":[{\"@type\":\"CommentAction\",\"name\":\"Comment\",\"target\":[\"https:\\\/\\\/ess-villars.ch\\\/fr\\\/blogs\\\/item\\\/2539-episode-5-l-ecole-de-ski-dans-les-annees-40#respond\"]}]},{\"@type\":\"WebPage\",\"@id\":\"https:\\\/\\\/ess-villars.ch\\\/fr\\\/blogs\\\/item\\\/2539-episode-5-l-ecole-de-ski-dans-les-annees-40\",\"url\":\"https:\\\/\\\/ess-villars.ch\\\/fr\\\/blogs\\\/item\\\/2539-episode-5-l-ecole-de-ski-dans-les-annees-40\",\"name\":\"Episode 5: L'Ecole de ski dans les ann\u00e9es 40' - ESS Villars\",\"isPartOf\":{\"@id\":\"https:\\\/\\\/ess-villars.ch\\\/fr\\\/#website\"},\"primaryImageOfPage\":{\"@id\":\"https:\\\/\\\/ess-villars.ch\\\/fr\\\/blogs\\\/item\\\/2539-episode-5-l-ecole-de-ski-dans-les-annees-40#primaryimage\"},\"image\":{\"@id\":\"https:\\\/\\\/ess-villars.ch\\\/fr\\\/blogs\\\/item\\\/2539-episode-5-l-ecole-de-ski-dans-les-annees-40#primaryimage\"},\"thumbnailUrl\":\"https:\\\/\\\/ess-villars.ch\\\/wp-content\\\/uploads\\\/2023\\\/08\\\/page-12.3.jpg\",\"datePublished\":\"2023-08-30T14:56:28+00:00\",\"dateModified\":\"2025-09-25T10:25:03+00:00\",\"description\":\"L'Ecole de ski dans les ann\u00e9es 40' Au d\u00e9clenchement de la seconde guerre mondiale, la station de Villars, \u00e9pargn\u00e9e dans le...\",\"breadcrumb\":{\"@id\":\"https:\\\/\\\/ess-villars.ch\\\/fr\\\/blogs\\\/item\\\/2539-episode-5-l-ecole-de-ski-dans-les-annees-40#breadcrumb\"},\"inLanguage\":\"fr-FR\",\"potentialAction\":[{\"@type\":\"ReadAction\",\"target\":[\"https:\\\/\\\/ess-villars.ch\\\/fr\\\/blogs\\\/item\\\/2539-episode-5-l-ecole-de-ski-dans-les-annees-40\"]}]},{\"@type\":\"ImageObject\",\"inLanguage\":\"fr-FR\",\"@id\":\"https:\\\/\\\/ess-villars.ch\\\/fr\\\/blogs\\\/item\\\/2539-episode-5-l-ecole-de-ski-dans-les-annees-40#primaryimage\",\"url\":\"https:\\\/\\\/ess-villars.ch\\\/wp-content\\\/uploads\\\/2023\\\/08\\\/page-12.3.jpg\",\"contentUrl\":\"https:\\\/\\\/ess-villars.ch\\\/wp-content\\\/uploads\\\/2023\\\/08\\\/page-12.3.jpg\",\"width\":1668,\"height\":1080},{\"@type\":\"BreadcrumbList\",\"@id\":\"https:\\\/\\\/ess-villars.ch\\\/fr\\\/blogs\\\/item\\\/2539-episode-5-l-ecole-de-ski-dans-les-annees-40#breadcrumb\",\"itemListElement\":[{\"@type\":\"ListItem\",\"position\":1,\"name\":\"Home\",\"item\":\"https:\\\/\\\/ess-villars.ch\\\/fr\\\/\"},{\"@type\":\"ListItem\",\"position\":2,\"name\":\"Episode 5: L&rsquo;Ecole de ski dans les ann\u00e9es 40&prime;\"}]},{\"@type\":\"WebSite\",\"@id\":\"https:\\\/\\\/ess-villars.ch\\\/fr\\\/#website\",\"url\":\"https:\\\/\\\/ess-villars.ch\\\/fr\\\/\",\"name\":\"ESS Villars\",\"description\":\"Join the red legend !\",\"publisher\":{\"@id\":\"https:\\\/\\\/ess-villars.ch\\\/fr\\\/#organization\"},\"potentialAction\":[{\"@type\":\"SearchAction\",\"target\":{\"@type\":\"EntryPoint\",\"urlTemplate\":\"https:\\\/\\\/ess-villars.ch\\\/fr\\\/?s={search_term_string}\"},\"query-input\":{\"@type\":\"PropertyValueSpecification\",\"valueRequired\":true,\"valueName\":\"search_term_string\"}}],\"inLanguage\":\"fr-FR\"},{\"@type\":\"Organization\",\"@id\":\"https:\\\/\\\/ess-villars.ch\\\/fr\\\/#organization\",\"name\":\"ESS Villars\",\"url\":\"https:\\\/\\\/ess-villars.ch\\\/fr\\\/\",\"logo\":{\"@type\":\"ImageObject\",\"inLanguage\":\"fr-FR\",\"@id\":\"https:\\\/\\\/ess-villars.ch\\\/fr\\\/#\\\/schema\\\/logo\\\/image\\\/\",\"url\":\"https:\\\/\\\/ess-villars.ch\\\/wp-content\\\/uploads\\\/2023\\\/08\\\/ESS_Villars_logo_png.png\",\"contentUrl\":\"https:\\\/\\\/ess-villars.ch\\\/wp-content\\\/uploads\\\/2023\\\/08\\\/ESS_Villars_logo_png.png\",\"width\":1181,\"height\":1181,\"caption\":\"ESS Villars\"},\"image\":{\"@id\":\"https:\\\/\\\/ess-villars.ch\\\/fr\\\/#\\\/schema\\\/logo\\\/image\\\/\"}},{\"@type\":\"Person\",\"@id\":\"https:\\\/\\\/ess-villars.ch\\\/fr\\\/#\\\/schema\\\/person\\\/0f30ecd734c125feb7718cb834b17b33\",\"name\":\"Admin_ess_1234\",\"image\":{\"@type\":\"ImageObject\",\"inLanguage\":\"fr-FR\",\"@id\":\"https:\\\/\\\/secure.gravatar.com\\\/avatar\\\/5fa0ab8129cd20f0a7834bfabb7e7a1558862e46633c891c431236a50cc39ab9?s=96&d=mm&r=g\",\"url\":\"https:\\\/\\\/secure.gravatar.com\\\/avatar\\\/5fa0ab8129cd20f0a7834bfabb7e7a1558862e46633c891c431236a50cc39ab9?s=96&d=mm&r=g\",\"contentUrl\":\"https:\\\/\\\/secure.gravatar.com\\\/avatar\\\/5fa0ab8129cd20f0a7834bfabb7e7a1558862e46633c891c431236a50cc39ab9?s=96&d=mm&r=g\",\"caption\":\"Admin_ess_1234\"},\"sameAs\":[\"https:\\\/\\\/ess-villars.ch\"]}]}<\/script>\n<!-- \/ Yoast SEO plugin. -->","yoast_head_json":{"title":"Episode 5: L'Ecole de ski dans les ann\u00e9es 40' - ESS Villars","description":"L'Ecole de ski dans les ann\u00e9es 40' Au d\u00e9clenchement de la seconde guerre mondiale, la station de Villars, \u00e9pargn\u00e9e dans le...","robots":{"index":"index","follow":"follow","max-snippet":"max-snippet:-1","max-image-preview":"max-image-preview:large","max-video-preview":"max-video-preview:-1"},"canonical":"https:\/\/ess-villars.ch\/fr\/blogs\/item\/2539-episode-5-l-ecole-de-ski-dans-les-annees-40\/","og_locale":"fr_FR","og_type":"article","og_title":"Episode 5: L'Ecole de ski dans les ann\u00e9es 40' - ESS Villars","og_description":"L'Ecole de ski dans les ann\u00e9es 40' Au d\u00e9clenchement de la seconde guerre mondiale, la station de Villars, \u00e9pargn\u00e9e dans le...","og_url":"https:\/\/ess-villars.ch\/fr\/blogs\/item\/2539-episode-5-l-ecole-de-ski-dans-les-annees-40","og_site_name":"ESS Villars","article_published_time":"2023-08-30T14:56:28+00:00","article_modified_time":"2025-09-25T10:25:03+00:00","og_image":[{"width":1668,"height":1080,"url":"https:\/\/ess-villars.ch\/wp-content\/uploads\/2023\/08\/page-12.3.jpg","type":"image\/jpeg"}],"author":"Admin_ess_1234","twitter_card":"summary_large_image","twitter_misc":{"\u00c9crit par":"Admin_ess_1234","Dur\u00e9e de lecture estim\u00e9e":"4 minutes"},"schema":{"@context":"https:\/\/schema.org","@graph":[{"@type":"Article","@id":"https:\/\/ess-villars.ch\/fr\/blogs\/item\/2539-episode-5-l-ecole-de-ski-dans-les-annees-40#article","isPartOf":{"@id":"https:\/\/ess-villars.ch\/fr\/blogs\/item\/2539-episode-5-l-ecole-de-ski-dans-les-annees-40"},"author":{"name":"Admin_ess_1234","@id":"https:\/\/ess-villars.ch\/fr\/#\/schema\/person\/0f30ecd734c125feb7718cb834b17b33"},"headline":"Episode 5: L&rsquo;Ecole de ski dans les ann\u00e9es 40&prime;","datePublished":"2023-08-30T14:56:28+00:00","dateModified":"2025-09-25T10:25:03+00:00","mainEntityOfPage":{"@id":"https:\/\/ess-villars.ch\/fr\/blogs\/item\/2539-episode-5-l-ecole-de-ski-dans-les-annees-40"},"wordCount":476,"commentCount":0,"publisher":{"@id":"https:\/\/ess-villars.ch\/fr\/#organization"},"image":{"@id":"https:\/\/ess-villars.ch\/fr\/blogs\/item\/2539-episode-5-l-ecole-de-ski-dans-les-annees-40#primaryimage"},"thumbnailUrl":"https:\/\/ess-villars.ch\/wp-content\/uploads\/2023\/08\/page-12.3.jpg","articleSection":["Histoire"],"inLanguage":"fr-FR","potentialAction":[{"@type":"CommentAction","name":"Comment","target":["https:\/\/ess-villars.ch\/fr\/blogs\/item\/2539-episode-5-l-ecole-de-ski-dans-les-annees-40#respond"]}]},{"@type":"WebPage","@id":"https:\/\/ess-villars.ch\/fr\/blogs\/item\/2539-episode-5-l-ecole-de-ski-dans-les-annees-40","url":"https:\/\/ess-villars.ch\/fr\/blogs\/item\/2539-episode-5-l-ecole-de-ski-dans-les-annees-40","name":"Episode 5: L'Ecole de ski dans les ann\u00e9es 40' - ESS Villars","isPartOf":{"@id":"https:\/\/ess-villars.ch\/fr\/#website"},"primaryImageOfPage":{"@id":"https:\/\/ess-villars.ch\/fr\/blogs\/item\/2539-episode-5-l-ecole-de-ski-dans-les-annees-40#primaryimage"},"image":{"@id":"https:\/\/ess-villars.ch\/fr\/blogs\/item\/2539-episode-5-l-ecole-de-ski-dans-les-annees-40#primaryimage"},"thumbnailUrl":"https:\/\/ess-villars.ch\/wp-content\/uploads\/2023\/08\/page-12.3.jpg","datePublished":"2023-08-30T14:56:28+00:00","dateModified":"2025-09-25T10:25:03+00:00","description":"L'Ecole de ski dans les ann\u00e9es 40' Au d\u00e9clenchement de la seconde guerre mondiale, la station de Villars, \u00e9pargn\u00e9e dans le...","breadcrumb":{"@id":"https:\/\/ess-villars.ch\/fr\/blogs\/item\/2539-episode-5-l-ecole-de-ski-dans-les-annees-40#breadcrumb"},"inLanguage":"fr-FR","potentialAction":[{"@type":"ReadAction","target":["https:\/\/ess-villars.ch\/fr\/blogs\/item\/2539-episode-5-l-ecole-de-ski-dans-les-annees-40"]}]},{"@type":"ImageObject","inLanguage":"fr-FR","@id":"https:\/\/ess-villars.ch\/fr\/blogs\/item\/2539-episode-5-l-ecole-de-ski-dans-les-annees-40#primaryimage","url":"https:\/\/ess-villars.ch\/wp-content\/uploads\/2023\/08\/page-12.3.jpg","contentUrl":"https:\/\/ess-villars.ch\/wp-content\/uploads\/2023\/08\/page-12.3.jpg","width":1668,"height":1080},{"@type":"BreadcrumbList","@id":"https:\/\/ess-villars.ch\/fr\/blogs\/item\/2539-episode-5-l-ecole-de-ski-dans-les-annees-40#breadcrumb","itemListElement":[{"@type":"ListItem","position":1,"name":"Home","item":"https:\/\/ess-villars.ch\/fr\/"},{"@type":"ListItem","position":2,"name":"Episode 5: L&rsquo;Ecole de ski dans les ann\u00e9es 40&prime;"}]},{"@type":"WebSite","@id":"https:\/\/ess-villars.ch\/fr\/#website","url":"https:\/\/ess-villars.ch\/fr\/","name":"ESS Villars","description":"Join the red legend !","publisher":{"@id":"https:\/\/ess-villars.ch\/fr\/#organization"},"potentialAction":[{"@type":"SearchAction","target":{"@type":"EntryPoint","urlTemplate":"https:\/\/ess-villars.ch\/fr\/?s={search_term_string}"},"query-input":{"@type":"PropertyValueSpecification","valueRequired":true,"valueName":"search_term_string"}}],"inLanguage":"fr-FR"},{"@type":"Organization","@id":"https:\/\/ess-villars.ch\/fr\/#organization","name":"ESS Villars","url":"https:\/\/ess-villars.ch\/fr\/","logo":{"@type":"ImageObject","inLanguage":"fr-FR","@id":"https:\/\/ess-villars.ch\/fr\/#\/schema\/logo\/image\/","url":"https:\/\/ess-villars.ch\/wp-content\/uploads\/2023\/08\/ESS_Villars_logo_png.png","contentUrl":"https:\/\/ess-villars.ch\/wp-content\/uploads\/2023\/08\/ESS_Villars_logo_png.png","width":1181,"height":1181,"caption":"ESS Villars"},"image":{"@id":"https:\/\/ess-villars.ch\/fr\/#\/schema\/logo\/image\/"}},{"@type":"Person","@id":"https:\/\/ess-villars.ch\/fr\/#\/schema\/person\/0f30ecd734c125feb7718cb834b17b33","name":"Admin_ess_1234","image":{"@type":"ImageObject","inLanguage":"fr-FR","@id":"https:\/\/secure.gravatar.com\/avatar\/5fa0ab8129cd20f0a7834bfabb7e7a1558862e46633c891c431236a50cc39ab9?s=96&d=mm&r=g","url":"https:\/\/secure.gravatar.com\/avatar\/5fa0ab8129cd20f0a7834bfabb7e7a1558862e46633c891c431236a50cc39ab9?s=96&d=mm&r=g","contentUrl":"https:\/\/secure.gravatar.com\/avatar\/5fa0ab8129cd20f0a7834bfabb7e7a1558862e46633c891c431236a50cc39ab9?s=96&d=mm&r=g","caption":"Admin_ess_1234"},"sameAs":["https:\/\/ess-villars.ch"]}]}},"_links":{"self":[{"href":"https:\/\/ess-villars.ch\/fr\/wp-json\/wp\/v2\/posts\/29667","targetHints":{"allow":["GET"]}}],"collection":[{"href":"https:\/\/ess-villars.ch\/fr\/wp-json\/wp\/v2\/posts"}],"about":[{"href":"https:\/\/ess-villars.ch\/fr\/wp-json\/wp\/v2\/types\/post"}],"author":[{"embeddable":true,"href":"https:\/\/ess-villars.ch\/fr\/wp-json\/wp\/v2\/users\/1"}],"replies":[{"embeddable":true,"href":"https:\/\/ess-villars.ch\/fr\/wp-json\/wp\/v2\/comments?post=29667"}],"version-history":[{"count":1,"href":"https:\/\/ess-villars.ch\/fr\/wp-json\/wp\/v2\/posts\/29667\/revisions"}],"predecessor-version":[{"id":29673,"href":"https:\/\/ess-villars.ch\/fr\/wp-json\/wp\/v2\/posts\/29667\/revisions\/29673"}],"wp:featuredmedia":[{"embeddable":true,"href":"https:\/\/ess-villars.ch\/fr\/wp-json\/wp\/v2\/media\/29670"}],"wp:attachment":[{"href":"https:\/\/ess-villars.ch\/fr\/wp-json\/wp\/v2\/media?parent=29667"}],"wp:term":[{"taxonomy":"category","embeddable":true,"href":"https:\/\/ess-villars.ch\/fr\/wp-json\/wp\/v2\/categories?post=29667"},{"taxonomy":"post_tag","embeddable":true,"href":"https:\/\/ess-villars.ch\/fr\/wp-json\/wp\/v2\/tags?post=29667"}],"curies":[{"name":"wp","href":"https:\/\/api.w.org\/{rel}","templated":true}]}}