{"id":29654,"date":"2023-08-30T16:55:55","date_gmt":"2023-08-30T14:55:55","guid":{"rendered":"https:\/\/hebergement2.ch\/?p=29654"},"modified":"2025-09-25T12:24:54","modified_gmt":"2025-09-25T10:24:54","slug":"domaha-beach-a-villars-sur-ollon","status":"publish","type":"post","link":"https:\/\/ess-villars.ch\/fr\/blogs\/item\/2540-episode-6-d-omaha-beach-a-villars-sur-ollon","title":{"rendered":"Episode 6: D\u2019Omaha beach \u00e0 Villars-sur-Ollon"},"content":{"rendered":"<h2>D\u2019Omaha beach \u00e0 Villars-sur-Ollon<\/h2>\n<p>C\u2019est durant l\u2019hiver 1946, que l\u2019Oncle Sam d\u00e9cide d\u2019offrir des vacances de neige \u00e0 ses soldats rest\u00e9s en Allemagne apr\u00e8s la guerre. Durant tout l\u2019hiver, on verra se succ\u00e9der les Boys \u00e0 Villars, \u00e0 l\u2019occasion de s\u00e9jours de trois jours environ.<\/p>\n<p>Les GI\u2019s en question, s\u2019ils portent bel et bien l\u2019uniforme am\u00e9ricain, ne sont gu\u00e8re intimidants, puisque c\u2019est le plus souvent \u00e9tal\u00e9s dans la neige qu\u2019on les aper\u00e7oit, cherchant tant bien que mal \u00e0 se d\u00e9p\u00eatrer avec des skis aux pieds.<\/p>\n<p>C\u2019est naturellement \u00e0 l\u2019Ecole Suisse de ski que reviendra l\u2019honneur de les initier aux joies du ski. A cette occasion, Jean-Louis Chable engage les deux premiers auxiliaires de l\u2019histoire de l\u2019ESS, en la personne de Philippa de Courten et de Roland F\u00fcrstenberg.<\/p>\n<p>A la question de savoir si l\u2019Ecole Suisse de Ski les avait alors form\u00e9s, Roland \u00e9clate de rire : \u00ab Non, j\u2019ai \u00e9t\u00e9 engag\u00e9 certes pour mon bon\u00a0 niveau de ski, mais surtout pour mes excellentes connaissances en anglais. De toute fa\u00e7on, ces gars ne voulaient pas trop entendre parler de technique. En revanche ils n\u2019avaient pas froid\u00a0 aux\u00a0 yeux\u00a0 et \u00e9taient plut\u00f4t des\u00a0 adeptes du\u00a0 \u00ab droit-en-bas\u00a0 \u00bb. Il arrivait qu\u2019une personne brise trois paires de ski en une\u00a0 matin\u00e9e ! \u00bb<\/p>\n<p><img fetchpriority=\"high\" decoding=\"async\" class=\"aligncenter size-large wp-image-29655\" src=\"https:\/\/ess-villars.ch\/wp-content\/uploads\/2023\/08\/page-15.6-1024x651.jpg\" alt=\"\" width=\"800\" height=\"509\" srcset=\"https:\/\/ess-villars.ch\/wp-content\/uploads\/2023\/08\/page-15.6-1024x651.jpg 1024w, https:\/\/ess-villars.ch\/wp-content\/uploads\/2023\/08\/page-15.6-300x191.jpg 300w, https:\/\/ess-villars.ch\/wp-content\/uploads\/2023\/08\/page-15.6-768x488.jpg 768w, https:\/\/ess-villars.ch\/wp-content\/uploads\/2023\/08\/page-15.6-1536x976.jpg 1536w, https:\/\/ess-villars.ch\/wp-content\/uploads\/2023\/08\/page-15.6.jpg 1613w\" sizes=\"(max-width: 800px) 100vw, 800px\" \/><\/p>\n<p><img decoding=\"async\" class=\"aligncenter size-large wp-image-29656\" src=\"https:\/\/ess-villars.ch\/wp-content\/uploads\/2023\/08\/page-15.2-1024x659.jpg\" alt=\"\" width=\"800\" height=\"515\" srcset=\"https:\/\/ess-villars.ch\/wp-content\/uploads\/2023\/08\/page-15.2-1024x659.jpg 1024w, https:\/\/ess-villars.ch\/wp-content\/uploads\/2023\/08\/page-15.2-300x193.jpg 300w, https:\/\/ess-villars.ch\/wp-content\/uploads\/2023\/08\/page-15.2-768x495.jpg 768w, https:\/\/ess-villars.ch\/wp-content\/uploads\/2023\/08\/page-15.2-1536x989.jpg 1536w, https:\/\/ess-villars.ch\/wp-content\/uploads\/2023\/08\/page-15.2.jpg 1646w\" sizes=\"(max-width: 800px) 100vw, 800px\" \/><\/p>\n","protected":false},"excerpt":{"rendered":"<p>D\u2019Omaha beach \u00e0 Villars-sur-Ollon C\u2019est durant l\u2019hiver 1946, que l\u2019Oncle Sam d\u00e9cide d\u2019offrir des vacances de neige \u00e0 ses soldats rest\u00e9s en Allemagne apr\u00e8s la guerre. Durant tout l\u2019hiver, on verra se succ\u00e9der les Boys \u00e0 Villars, \u00e0 l\u2019occasion de s\u00e9jours de trois jours environ. Les GI\u2019s en question, s\u2019ils portent bel et bien l\u2019uniforme [&hellip;]<\/p>\n","protected":false},"author":1,"featured_media":29655,"comment_status":"open","ping_status":"open","sticky":false,"template":"","format":"standard","meta":{"_acf_changed":false,"footnotes":""},"categories":[9],"tags":[],"class_list":["post-29654","post","type-post","status-publish","format-standard","has-post-thumbnail","hentry","category-histoire"],"acf":[],"yoast_head":"<!-- This site is optimized with the Yoast SEO plugin v27.5 - https:\/\/yoast.com\/product\/yoast-seo-wordpress\/ -->\n<title>Episode 6: D\u2019Omaha beach \u00e0 Villars-sur-Ollon - ESS Villars<\/title>\n<meta name=\"description\" content=\"D\u2019Omaha beach \u00e0 Villars-sur-Ollon C\u2019est durant l\u2019hiver 1946, que l\u2019Oncle Sam d\u00e9cide d\u2019offrir des vacances...\" \/>\n<meta name=\"robots\" content=\"index, follow, max-snippet:-1, max-image-preview:large, max-video-preview:-1\" \/>\n<link rel=\"canonical\" href=\"https:\/\/ess-villars.ch\/fr\/blogs\/item\/2540-episode-6-d-omaha-beach-a-villars-sur-ollon\/\" \/>\n<meta property=\"og:locale\" content=\"fr_FR\" \/>\n<meta property=\"og:type\" content=\"article\" \/>\n<meta property=\"og:title\" content=\"Episode 6: D\u2019Omaha beach \u00e0 Villars-sur-Ollon - ESS Villars\" \/>\n<meta property=\"og:description\" content=\"D\u2019Omaha beach \u00e0 Villars-sur-Ollon C\u2019est durant l\u2019hiver 1946, que l\u2019Oncle Sam d\u00e9cide d\u2019offrir des vacances...\" \/>\n<meta property=\"og:url\" content=\"https:\/\/ess-villars.ch\/fr\/blogs\/item\/2540-episode-6-d-omaha-beach-a-villars-sur-ollon\" \/>\n<meta property=\"og:site_name\" content=\"ESS Villars\" \/>\n<meta property=\"article:published_time\" content=\"2023-08-30T14:55:55+00:00\" \/>\n<meta property=\"article:modified_time\" content=\"2025-09-25T10:24:54+00:00\" \/>\n<meta property=\"og:image\" content=\"https:\/\/ess-villars.ch\/wp-content\/uploads\/2023\/08\/page-15.6.jpg\" \/>\n\t<meta property=\"og:image:width\" content=\"1613\" \/>\n\t<meta property=\"og:image:height\" content=\"1025\" \/>\n\t<meta property=\"og:image:type\" content=\"image\/jpeg\" \/>\n<meta name=\"author\" content=\"Admin_ess_1234\" \/>\n<meta name=\"twitter:card\" content=\"summary_large_image\" \/>\n<meta name=\"twitter:label1\" content=\"\u00c9crit par\" \/>\n\t<meta name=\"twitter:data1\" content=\"Admin_ess_1234\" \/>\n\t<meta name=\"twitter:label2\" content=\"Dur\u00e9e de lecture estim\u00e9e\" \/>\n\t<meta name=\"twitter:data2\" content=\"2 minutes\" \/>\n<script type=\"application\/ld+json\" class=\"yoast-schema-graph\">{\"@context\":\"https:\\\/\\\/schema.org\",\"@graph\":[{\"@type\":\"Article\",\"@id\":\"https:\\\/\\\/ess-villars.ch\\\/fr\\\/blogs\\\/item\\\/2540-episode-6-d-omaha-beach-a-villars-sur-ollon#article\",\"isPartOf\":{\"@id\":\"https:\\\/\\\/ess-villars.ch\\\/fr\\\/blogs\\\/item\\\/2540-episode-6-d-omaha-beach-a-villars-sur-ollon\"},\"author\":{\"name\":\"Admin_ess_1234\",\"@id\":\"https:\\\/\\\/ess-villars.ch\\\/fr\\\/#\\\/schema\\\/person\\\/0f30ecd734c125feb7718cb834b17b33\"},\"headline\":\"Episode 6: D\u2019Omaha beach \u00e0 Villars-sur-Ollon\",\"datePublished\":\"2023-08-30T14:55:55+00:00\",\"dateModified\":\"2025-09-25T10:24:54+00:00\",\"mainEntityOfPage\":{\"@id\":\"https:\\\/\\\/ess-villars.ch\\\/fr\\\/blogs\\\/item\\\/2540-episode-6-d-omaha-beach-a-villars-sur-ollon\"},\"wordCount\":239,\"commentCount\":0,\"publisher\":{\"@id\":\"https:\\\/\\\/ess-villars.ch\\\/fr\\\/#organization\"},\"image\":{\"@id\":\"https:\\\/\\\/ess-villars.ch\\\/fr\\\/blogs\\\/item\\\/2540-episode-6-d-omaha-beach-a-villars-sur-ollon#primaryimage\"},\"thumbnailUrl\":\"https:\\\/\\\/ess-villars.ch\\\/wp-content\\\/uploads\\\/2023\\\/08\\\/page-15.6.jpg\",\"articleSection\":[\"Histoire\"],\"inLanguage\":\"fr-FR\",\"potentialAction\":[{\"@type\":\"CommentAction\",\"name\":\"Comment\",\"target\":[\"https:\\\/\\\/ess-villars.ch\\\/fr\\\/blogs\\\/item\\\/2540-episode-6-d-omaha-beach-a-villars-sur-ollon#respond\"]}]},{\"@type\":\"WebPage\",\"@id\":\"https:\\\/\\\/ess-villars.ch\\\/fr\\\/blogs\\\/item\\\/2540-episode-6-d-omaha-beach-a-villars-sur-ollon\",\"url\":\"https:\\\/\\\/ess-villars.ch\\\/fr\\\/blogs\\\/item\\\/2540-episode-6-d-omaha-beach-a-villars-sur-ollon\",\"name\":\"Episode 6: D\u2019Omaha beach \u00e0 Villars-sur-Ollon - ESS Villars\",\"isPartOf\":{\"@id\":\"https:\\\/\\\/ess-villars.ch\\\/fr\\\/#website\"},\"primaryImageOfPage\":{\"@id\":\"https:\\\/\\\/ess-villars.ch\\\/fr\\\/blogs\\\/item\\\/2540-episode-6-d-omaha-beach-a-villars-sur-ollon#primaryimage\"},\"image\":{\"@id\":\"https:\\\/\\\/ess-villars.ch\\\/fr\\\/blogs\\\/item\\\/2540-episode-6-d-omaha-beach-a-villars-sur-ollon#primaryimage\"},\"thumbnailUrl\":\"https:\\\/\\\/ess-villars.ch\\\/wp-content\\\/uploads\\\/2023\\\/08\\\/page-15.6.jpg\",\"datePublished\":\"2023-08-30T14:55:55+00:00\",\"dateModified\":\"2025-09-25T10:24:54+00:00\",\"description\":\"D\u2019Omaha beach \u00e0 Villars-sur-Ollon C\u2019est durant l\u2019hiver 1946, que l\u2019Oncle Sam d\u00e9cide d\u2019offrir des vacances...\",\"breadcrumb\":{\"@id\":\"https:\\\/\\\/ess-villars.ch\\\/fr\\\/blogs\\\/item\\\/2540-episode-6-d-omaha-beach-a-villars-sur-ollon#breadcrumb\"},\"inLanguage\":\"fr-FR\",\"potentialAction\":[{\"@type\":\"ReadAction\",\"target\":[\"https:\\\/\\\/ess-villars.ch\\\/fr\\\/blogs\\\/item\\\/2540-episode-6-d-omaha-beach-a-villars-sur-ollon\"]}]},{\"@type\":\"ImageObject\",\"inLanguage\":\"fr-FR\",\"@id\":\"https:\\\/\\\/ess-villars.ch\\\/fr\\\/blogs\\\/item\\\/2540-episode-6-d-omaha-beach-a-villars-sur-ollon#primaryimage\",\"url\":\"https:\\\/\\\/ess-villars.ch\\\/wp-content\\\/uploads\\\/2023\\\/08\\\/page-15.6.jpg\",\"contentUrl\":\"https:\\\/\\\/ess-villars.ch\\\/wp-content\\\/uploads\\\/2023\\\/08\\\/page-15.6.jpg\",\"width\":1613,\"height\":1025},{\"@type\":\"BreadcrumbList\",\"@id\":\"https:\\\/\\\/ess-villars.ch\\\/fr\\\/blogs\\\/item\\\/2540-episode-6-d-omaha-beach-a-villars-sur-ollon#breadcrumb\",\"itemListElement\":[{\"@type\":\"ListItem\",\"position\":1,\"name\":\"Home\",\"item\":\"https:\\\/\\\/ess-villars.ch\\\/fr\\\/\"},{\"@type\":\"ListItem\",\"position\":2,\"name\":\"Episode 6: D\u2019Omaha beach \u00e0 Villars-sur-Ollon\"}]},{\"@type\":\"WebSite\",\"@id\":\"https:\\\/\\\/ess-villars.ch\\\/fr\\\/#website\",\"url\":\"https:\\\/\\\/ess-villars.ch\\\/fr\\\/\",\"name\":\"ESS Villars\",\"description\":\"Join the red legend !\",\"publisher\":{\"@id\":\"https:\\\/\\\/ess-villars.ch\\\/fr\\\/#organization\"},\"potentialAction\":[{\"@type\":\"SearchAction\",\"target\":{\"@type\":\"EntryPoint\",\"urlTemplate\":\"https:\\\/\\\/ess-villars.ch\\\/fr\\\/?s={search_term_string}\"},\"query-input\":{\"@type\":\"PropertyValueSpecification\",\"valueRequired\":true,\"valueName\":\"search_term_string\"}}],\"inLanguage\":\"fr-FR\"},{\"@type\":\"Organization\",\"@id\":\"https:\\\/\\\/ess-villars.ch\\\/fr\\\/#organization\",\"name\":\"ESS Villars\",\"url\":\"https:\\\/\\\/ess-villars.ch\\\/fr\\\/\",\"logo\":{\"@type\":\"ImageObject\",\"inLanguage\":\"fr-FR\",\"@id\":\"https:\\\/\\\/ess-villars.ch\\\/fr\\\/#\\\/schema\\\/logo\\\/image\\\/\",\"url\":\"https:\\\/\\\/ess-villars.ch\\\/wp-content\\\/uploads\\\/2023\\\/08\\\/ESS_Villars_logo_png.png\",\"contentUrl\":\"https:\\\/\\\/ess-villars.ch\\\/wp-content\\\/uploads\\\/2023\\\/08\\\/ESS_Villars_logo_png.png\",\"width\":1181,\"height\":1181,\"caption\":\"ESS Villars\"},\"image\":{\"@id\":\"https:\\\/\\\/ess-villars.ch\\\/fr\\\/#\\\/schema\\\/logo\\\/image\\\/\"}},{\"@type\":\"Person\",\"@id\":\"https:\\\/\\\/ess-villars.ch\\\/fr\\\/#\\\/schema\\\/person\\\/0f30ecd734c125feb7718cb834b17b33\",\"name\":\"Admin_ess_1234\",\"image\":{\"@type\":\"ImageObject\",\"inLanguage\":\"fr-FR\",\"@id\":\"https:\\\/\\\/secure.gravatar.com\\\/avatar\\\/5fa0ab8129cd20f0a7834bfabb7e7a1558862e46633c891c431236a50cc39ab9?s=96&d=mm&r=g\",\"url\":\"https:\\\/\\\/secure.gravatar.com\\\/avatar\\\/5fa0ab8129cd20f0a7834bfabb7e7a1558862e46633c891c431236a50cc39ab9?s=96&d=mm&r=g\",\"contentUrl\":\"https:\\\/\\\/secure.gravatar.com\\\/avatar\\\/5fa0ab8129cd20f0a7834bfabb7e7a1558862e46633c891c431236a50cc39ab9?s=96&d=mm&r=g\",\"caption\":\"Admin_ess_1234\"},\"sameAs\":[\"https:\\\/\\\/ess-villars.ch\"]}]}<\/script>\n<!-- \/ Yoast SEO plugin. -->","yoast_head_json":{"title":"Episode 6: D\u2019Omaha beach \u00e0 Villars-sur-Ollon - ESS Villars","description":"D\u2019Omaha beach \u00e0 Villars-sur-Ollon C\u2019est durant l\u2019hiver 1946, que l\u2019Oncle Sam d\u00e9cide d\u2019offrir des vacances...","robots":{"index":"index","follow":"follow","max-snippet":"max-snippet:-1","max-image-preview":"max-image-preview:large","max-video-preview":"max-video-preview:-1"},"canonical":"https:\/\/ess-villars.ch\/fr\/blogs\/item\/2540-episode-6-d-omaha-beach-a-villars-sur-ollon\/","og_locale":"fr_FR","og_type":"article","og_title":"Episode 6: D\u2019Omaha beach \u00e0 Villars-sur-Ollon - ESS Villars","og_description":"D\u2019Omaha beach \u00e0 Villars-sur-Ollon C\u2019est durant l\u2019hiver 1946, que l\u2019Oncle Sam d\u00e9cide d\u2019offrir des vacances...","og_url":"https:\/\/ess-villars.ch\/fr\/blogs\/item\/2540-episode-6-d-omaha-beach-a-villars-sur-ollon","og_site_name":"ESS Villars","article_published_time":"2023-08-30T14:55:55+00:00","article_modified_time":"2025-09-25T10:24:54+00:00","og_image":[{"width":1613,"height":1025,"url":"https:\/\/ess-villars.ch\/wp-content\/uploads\/2023\/08\/page-15.6.jpg","type":"image\/jpeg"}],"author":"Admin_ess_1234","twitter_card":"summary_large_image","twitter_misc":{"\u00c9crit par":"Admin_ess_1234","Dur\u00e9e de lecture estim\u00e9e":"2 minutes"},"schema":{"@context":"https:\/\/schema.org","@graph":[{"@type":"Article","@id":"https:\/\/ess-villars.ch\/fr\/blogs\/item\/2540-episode-6-d-omaha-beach-a-villars-sur-ollon#article","isPartOf":{"@id":"https:\/\/ess-villars.ch\/fr\/blogs\/item\/2540-episode-6-d-omaha-beach-a-villars-sur-ollon"},"author":{"name":"Admin_ess_1234","@id":"https:\/\/ess-villars.ch\/fr\/#\/schema\/person\/0f30ecd734c125feb7718cb834b17b33"},"headline":"Episode 6: D\u2019Omaha beach \u00e0 Villars-sur-Ollon","datePublished":"2023-08-30T14:55:55+00:00","dateModified":"2025-09-25T10:24:54+00:00","mainEntityOfPage":{"@id":"https:\/\/ess-villars.ch\/fr\/blogs\/item\/2540-episode-6-d-omaha-beach-a-villars-sur-ollon"},"wordCount":239,"commentCount":0,"publisher":{"@id":"https:\/\/ess-villars.ch\/fr\/#organization"},"image":{"@id":"https:\/\/ess-villars.ch\/fr\/blogs\/item\/2540-episode-6-d-omaha-beach-a-villars-sur-ollon#primaryimage"},"thumbnailUrl":"https:\/\/ess-villars.ch\/wp-content\/uploads\/2023\/08\/page-15.6.jpg","articleSection":["Histoire"],"inLanguage":"fr-FR","potentialAction":[{"@type":"CommentAction","name":"Comment","target":["https:\/\/ess-villars.ch\/fr\/blogs\/item\/2540-episode-6-d-omaha-beach-a-villars-sur-ollon#respond"]}]},{"@type":"WebPage","@id":"https:\/\/ess-villars.ch\/fr\/blogs\/item\/2540-episode-6-d-omaha-beach-a-villars-sur-ollon","url":"https:\/\/ess-villars.ch\/fr\/blogs\/item\/2540-episode-6-d-omaha-beach-a-villars-sur-ollon","name":"Episode 6: D\u2019Omaha beach \u00e0 Villars-sur-Ollon - ESS Villars","isPartOf":{"@id":"https:\/\/ess-villars.ch\/fr\/#website"},"primaryImageOfPage":{"@id":"https:\/\/ess-villars.ch\/fr\/blogs\/item\/2540-episode-6-d-omaha-beach-a-villars-sur-ollon#primaryimage"},"image":{"@id":"https:\/\/ess-villars.ch\/fr\/blogs\/item\/2540-episode-6-d-omaha-beach-a-villars-sur-ollon#primaryimage"},"thumbnailUrl":"https:\/\/ess-villars.ch\/wp-content\/uploads\/2023\/08\/page-15.6.jpg","datePublished":"2023-08-30T14:55:55+00:00","dateModified":"2025-09-25T10:24:54+00:00","description":"D\u2019Omaha beach \u00e0 Villars-sur-Ollon C\u2019est durant l\u2019hiver 1946, que l\u2019Oncle Sam d\u00e9cide d\u2019offrir des vacances...","breadcrumb":{"@id":"https:\/\/ess-villars.ch\/fr\/blogs\/item\/2540-episode-6-d-omaha-beach-a-villars-sur-ollon#breadcrumb"},"inLanguage":"fr-FR","potentialAction":[{"@type":"ReadAction","target":["https:\/\/ess-villars.ch\/fr\/blogs\/item\/2540-episode-6-d-omaha-beach-a-villars-sur-ollon"]}]},{"@type":"ImageObject","inLanguage":"fr-FR","@id":"https:\/\/ess-villars.ch\/fr\/blogs\/item\/2540-episode-6-d-omaha-beach-a-villars-sur-ollon#primaryimage","url":"https:\/\/ess-villars.ch\/wp-content\/uploads\/2023\/08\/page-15.6.jpg","contentUrl":"https:\/\/ess-villars.ch\/wp-content\/uploads\/2023\/08\/page-15.6.jpg","width":1613,"height":1025},{"@type":"BreadcrumbList","@id":"https:\/\/ess-villars.ch\/fr\/blogs\/item\/2540-episode-6-d-omaha-beach-a-villars-sur-ollon#breadcrumb","itemListElement":[{"@type":"ListItem","position":1,"name":"Home","item":"https:\/\/ess-villars.ch\/fr\/"},{"@type":"ListItem","position":2,"name":"Episode 6: D\u2019Omaha beach \u00e0 Villars-sur-Ollon"}]},{"@type":"WebSite","@id":"https:\/\/ess-villars.ch\/fr\/#website","url":"https:\/\/ess-villars.ch\/fr\/","name":"ESS Villars","description":"Join the red legend !","publisher":{"@id":"https:\/\/ess-villars.ch\/fr\/#organization"},"potentialAction":[{"@type":"SearchAction","target":{"@type":"EntryPoint","urlTemplate":"https:\/\/ess-villars.ch\/fr\/?s={search_term_string}"},"query-input":{"@type":"PropertyValueSpecification","valueRequired":true,"valueName":"search_term_string"}}],"inLanguage":"fr-FR"},{"@type":"Organization","@id":"https:\/\/ess-villars.ch\/fr\/#organization","name":"ESS Villars","url":"https:\/\/ess-villars.ch\/fr\/","logo":{"@type":"ImageObject","inLanguage":"fr-FR","@id":"https:\/\/ess-villars.ch\/fr\/#\/schema\/logo\/image\/","url":"https:\/\/ess-villars.ch\/wp-content\/uploads\/2023\/08\/ESS_Villars_logo_png.png","contentUrl":"https:\/\/ess-villars.ch\/wp-content\/uploads\/2023\/08\/ESS_Villars_logo_png.png","width":1181,"height":1181,"caption":"ESS Villars"},"image":{"@id":"https:\/\/ess-villars.ch\/fr\/#\/schema\/logo\/image\/"}},{"@type":"Person","@id":"https:\/\/ess-villars.ch\/fr\/#\/schema\/person\/0f30ecd734c125feb7718cb834b17b33","name":"Admin_ess_1234","image":{"@type":"ImageObject","inLanguage":"fr-FR","@id":"https:\/\/secure.gravatar.com\/avatar\/5fa0ab8129cd20f0a7834bfabb7e7a1558862e46633c891c431236a50cc39ab9?s=96&d=mm&r=g","url":"https:\/\/secure.gravatar.com\/avatar\/5fa0ab8129cd20f0a7834bfabb7e7a1558862e46633c891c431236a50cc39ab9?s=96&d=mm&r=g","contentUrl":"https:\/\/secure.gravatar.com\/avatar\/5fa0ab8129cd20f0a7834bfabb7e7a1558862e46633c891c431236a50cc39ab9?s=96&d=mm&r=g","caption":"Admin_ess_1234"},"sameAs":["https:\/\/ess-villars.ch"]}]}},"_links":{"self":[{"href":"https:\/\/ess-villars.ch\/fr\/wp-json\/wp\/v2\/posts\/29654","targetHints":{"allow":["GET"]}}],"collection":[{"href":"https:\/\/ess-villars.ch\/fr\/wp-json\/wp\/v2\/posts"}],"about":[{"href":"https:\/\/ess-villars.ch\/fr\/wp-json\/wp\/v2\/types\/post"}],"author":[{"embeddable":true,"href":"https:\/\/ess-villars.ch\/fr\/wp-json\/wp\/v2\/users\/1"}],"replies":[{"embeddable":true,"href":"https:\/\/ess-villars.ch\/fr\/wp-json\/wp\/v2\/comments?post=29654"}],"version-history":[{"count":2,"href":"https:\/\/ess-villars.ch\/fr\/wp-json\/wp\/v2\/posts\/29654\/revisions"}],"predecessor-version":[{"id":34319,"href":"https:\/\/ess-villars.ch\/fr\/wp-json\/wp\/v2\/posts\/29654\/revisions\/34319"}],"wp:featuredmedia":[{"embeddable":true,"href":"https:\/\/ess-villars.ch\/fr\/wp-json\/wp\/v2\/media\/29655"}],"wp:attachment":[{"href":"https:\/\/ess-villars.ch\/fr\/wp-json\/wp\/v2\/media?parent=29654"}],"wp:term":[{"taxonomy":"category","embeddable":true,"href":"https:\/\/ess-villars.ch\/fr\/wp-json\/wp\/v2\/categories?post=29654"},{"taxonomy":"post_tag","embeddable":true,"href":"https:\/\/ess-villars.ch\/fr\/wp-json\/wp\/v2\/tags?post=29654"}],"curies":[{"name":"wp","href":"https:\/\/api.w.org\/{rel}","templated":true}]}}