{"id":29647,"date":"2023-08-30T16:54:02","date_gmt":"2023-08-30T14:54:02","guid":{"rendered":"https:\/\/hebergement2.ch\/?p=29647"},"modified":"2025-09-25T12:24:44","modified_gmt":"2025-09-25T10:24:44","slug":"les-annees-50","status":"publish","type":"post","link":"https:\/\/ess-villars.ch\/fr\/blogs\/item\/2541-episode-7-les-annees-50","title":{"rendered":"Episode 7: Les ann\u00e9es 50&prime;"},"content":{"rendered":"<h2>L&rsquo;Ecole de ski dans les ann\u00e9es 50&prime;<\/h2>\n<p>En 1950 \u00e0 Aspen, Zeno Colo remporte le premier slalom g\u00e9ant de l\u2019histoire devant le villardou d\u2019adoption Fernand Grosjean, tandis que la \ufb01n de la d\u00e9cennie sera marqu\u00e9e par l\u2019av\u00e8nement de Toni Sailer qui remporte tous les titres aux Jeux de Cortina d\u2019Ampezzo. En 1955, Georges Salomon, qui fabriquait jusqu\u2019alors des carres viss\u00e9es invente la \ufb01xation de s\u00e9curit\u00e9 pour Emile Allais : la SKAD.<\/p>\n<p>A Villars, les ann\u00e9es 50 marquent la forte reprise du d\u00e9veloppement du domaine skiable avec la construction des t\u00e9l\u00e9skis du Parc et du Palace ainsi que des t\u00e9l\u00e9si\u00e8ges \u00ab Les Chavonnes-Bretaye \u00bb et le \u00ab Lac de Bretaye- Petit-Chamossaire\u00bb. Les premi\u00e8res installations des ann\u00e9es 30 (le funi-luge et Chaux-Ronde) sont remplac\u00e9es par deux arbal\u00e8tes. A titre de comparaison, il n\u2019existait en France, en 1948, que six t\u00e9l\u00e9skis\u2026<\/p>\n<p><img fetchpriority=\"high\" decoding=\"async\" class=\"aligncenter size-large wp-image-29651\" src=\"https:\/\/ess-villars.ch\/wp-content\/uploads\/2023\/08\/page-18-1024x1008.jpg\" alt=\"\" width=\"800\" height=\"788\" srcset=\"https:\/\/ess-villars.ch\/wp-content\/uploads\/2023\/08\/page-18-1024x1008.jpg 1024w, https:\/\/ess-villars.ch\/wp-content\/uploads\/2023\/08\/page-18-300x295.jpg 300w, https:\/\/ess-villars.ch\/wp-content\/uploads\/2023\/08\/page-18-768x756.jpg 768w, https:\/\/ess-villars.ch\/wp-content\/uploads\/2023\/08\/page-18-1536x1511.jpg 1536w, https:\/\/ess-villars.ch\/wp-content\/uploads\/2023\/08\/page-18-2048x2015.jpg 2048w\" sizes=\"(max-width: 800px) 100vw, 800px\" \/><\/p>\n<p>Pour la station, la d\u00e9mocratisation du ski et le d\u00e9veloppement des remont\u00e9es m\u00e9caniques engendrent une inversion dans l\u2019importance des saisons. L\u2019hiver prend d\u00e9sormais le pas sur l\u2019\u00e9t\u00e9. Villars vit alors de grandes heures de gloire et de nombreuses personnalit\u00e9s, dont Jos\u00e9phine Baker, Jacques Brel, Georges Bras- sens, Roger Moore, Gary Cooper, le prince Rainier de Monaco et Grace Kelly contribueront par leur pr\u00e9sence r\u00e9guli\u00e8re \u00e0 forger l\u2019Age d\u2019Or de la station.<\/p>\n<p><img decoding=\"async\" class=\"aligncenter size-large wp-image-29649\" src=\"https:\/\/ess-villars.ch\/wp-content\/uploads\/2023\/08\/page-18.1-993x1024.jpg\" alt=\"\" width=\"800\" height=\"825\" srcset=\"https:\/\/ess-villars.ch\/wp-content\/uploads\/2023\/08\/page-18.1-993x1024.jpg 993w, https:\/\/ess-villars.ch\/wp-content\/uploads\/2023\/08\/page-18.1-291x300.jpg 291w, https:\/\/ess-villars.ch\/wp-content\/uploads\/2023\/08\/page-18.1-768x792.jpg 768w, https:\/\/ess-villars.ch\/wp-content\/uploads\/2023\/08\/page-18.1-1489x1536.jpg 1489w, https:\/\/ess-villars.ch\/wp-content\/uploads\/2023\/08\/page-18.1.jpg 1921w\" sizes=\"(max-width: 800px) 100vw, 800px\" \/><\/p>\n<p><img decoding=\"async\" class=\"aligncenter size-large wp-image-29650\" src=\"https:\/\/ess-villars.ch\/wp-content\/uploads\/2023\/08\/page-16-719x1024.jpg\" alt=\"\" width=\"719\" height=\"1024\" srcset=\"https:\/\/ess-villars.ch\/wp-content\/uploads\/2023\/08\/page-16-719x1024.jpg 719w, https:\/\/ess-villars.ch\/wp-content\/uploads\/2023\/08\/page-16-211x300.jpg 211w, https:\/\/ess-villars.ch\/wp-content\/uploads\/2023\/08\/page-16-768x1094.jpg 768w, https:\/\/ess-villars.ch\/wp-content\/uploads\/2023\/08\/page-16-1078x1536.jpg 1078w, https:\/\/ess-villars.ch\/wp-content\/uploads\/2023\/08\/page-16.jpg 1120w\" sizes=\"(max-width: 719px) 100vw, 719px\" \/><\/p>\n<p>Ecole Suisse de Ski se trouvera bien s\u00fbr au c\u0153ur de cette \u00e9mulation et contribuera directement au succ\u00e8s de la station et \u00e0 sa r\u00e9putation de qualit\u00e9. Durant la d\u00e9cennie et sous la f\u00e9rule de son directeur Jean-Louis Chable, l\u2019ESS triplera presque ses effectifs pour souffler ses 25 bougies en 1957, forte d\u2019une trentaine de moniteurs. Les cours priv\u00e9s co\u00fbtaient 10 francs de l\u2019heure pour 1 \u00e0 2 personnes.<\/p>\n<p>L\u2019\u00e9cole accueille jusqu\u2019\u00e0 cinq cents \u00e9l\u00e8ves par jour, notamment au sein des cours collectifs. Cette forme d\u2019apprentissage va grandement se d\u00e9velopper avec l\u2019av\u00e8nement du tourisme dit \u00ab de masse \u00bb.<\/p>\n<p><img loading=\"lazy\" decoding=\"async\" class=\"aligncenter size-large wp-image-29648\" src=\"https:\/\/ess-villars.ch\/wp-content\/uploads\/2023\/08\/PlanPistes1955-1022x1024.jpg\" alt=\"\" width=\"800\" height=\"802\" srcset=\"https:\/\/ess-villars.ch\/wp-content\/uploads\/2023\/08\/PlanPistes1955-1022x1024.jpg 1022w, https:\/\/ess-villars.ch\/wp-content\/uploads\/2023\/08\/PlanPistes1955-300x300.jpg 300w, https:\/\/ess-villars.ch\/wp-content\/uploads\/2023\/08\/PlanPistes1955-150x150.jpg 150w, https:\/\/ess-villars.ch\/wp-content\/uploads\/2023\/08\/PlanPistes1955-768x769.jpg 768w, https:\/\/ess-villars.ch\/wp-content\/uploads\/2023\/08\/PlanPistes1955-1534x1536.jpg 1534w, https:\/\/ess-villars.ch\/wp-content\/uploads\/2023\/08\/PlanPistes1955-2045x2048.jpg 2045w\" sizes=\"(max-width: 800px) 100vw, 800px\" \/><\/p>\n","protected":false},"excerpt":{"rendered":"<p>L&rsquo;Ecole de ski dans les ann\u00e9es 50&prime; En 1950 \u00e0 Aspen, Zeno Colo remporte le premier slalom g\u00e9ant de l\u2019histoire devant le villardou d\u2019adoption Fernand Grosjean, tandis que la \ufb01n de la d\u00e9cennie sera marqu\u00e9e par l\u2019av\u00e8nement de Toni Sailer qui remporte tous les titres aux Jeux de Cortina d\u2019Ampezzo. En 1955, Georges Salomon, qui [&hellip;]<\/p>\n","protected":false},"author":1,"featured_media":29649,"comment_status":"open","ping_status":"open","sticky":false,"template":"","format":"standard","meta":{"_acf_changed":false,"footnotes":""},"categories":[9],"tags":[],"class_list":["post-29647","post","type-post","status-publish","format-standard","has-post-thumbnail","hentry","category-histoire"],"acf":[],"yoast_head":"<!-- This site is optimized with the Yoast SEO plugin v27.5 - https:\/\/yoast.com\/product\/yoast-seo-wordpress\/ -->\n<title>Episode 7: Les ann\u00e9es 50&#039; - ESS Villars<\/title>\n<meta name=\"description\" content=\"L&#039;Ecole de ski dans les ann\u00e9es 50&#039; En 1950 \u00e0 Aspen, Zeno Colo remporte le premier slalom g\u00e9ant de l\u2019histoire devant le vill...\" \/>\n<meta name=\"robots\" content=\"index, follow, max-snippet:-1, max-image-preview:large, max-video-preview:-1\" \/>\n<link rel=\"canonical\" href=\"https:\/\/ess-villars.ch\/fr\/blogs\/item\/2541-episode-7-les-annees-50\/\" \/>\n<meta property=\"og:locale\" content=\"fr_FR\" \/>\n<meta property=\"og:type\" content=\"article\" \/>\n<meta property=\"og:title\" content=\"Episode 7: Les ann\u00e9es 50&#039; - ESS Villars\" \/>\n<meta property=\"og:description\" content=\"L&#039;Ecole de ski dans les ann\u00e9es 50&#039; En 1950 \u00e0 Aspen, Zeno Colo remporte le premier slalom g\u00e9ant de l\u2019histoire devant le vill...\" \/>\n<meta property=\"og:url\" content=\"https:\/\/ess-villars.ch\/fr\/blogs\/item\/2541-episode-7-les-annees-50\" \/>\n<meta property=\"og:site_name\" content=\"ESS Villars\" \/>\n<meta property=\"article:published_time\" content=\"2023-08-30T14:54:02+00:00\" \/>\n<meta property=\"article:modified_time\" content=\"2025-09-25T10:24:44+00:00\" \/>\n<meta property=\"og:image\" content=\"https:\/\/ess-villars.ch\/wp-content\/uploads\/2023\/08\/page-18.1.jpg\" \/>\n\t<meta property=\"og:image:width\" content=\"1921\" \/>\n\t<meta property=\"og:image:height\" content=\"1981\" \/>\n\t<meta property=\"og:image:type\" content=\"image\/jpeg\" \/>\n<meta name=\"author\" content=\"Admin_ess_1234\" \/>\n<meta name=\"twitter:card\" content=\"summary_large_image\" \/>\n<meta name=\"twitter:label1\" content=\"\u00c9crit par\" \/>\n\t<meta name=\"twitter:data1\" content=\"Admin_ess_1234\" \/>\n\t<meta name=\"twitter:label2\" content=\"Dur\u00e9e de lecture estim\u00e9e\" \/>\n\t<meta name=\"twitter:data2\" content=\"3 minutes\" \/>\n<script type=\"application\/ld+json\" class=\"yoast-schema-graph\">{\"@context\":\"https:\\\/\\\/schema.org\",\"@graph\":[{\"@type\":\"Article\",\"@id\":\"https:\\\/\\\/ess-villars.ch\\\/fr\\\/blogs\\\/item\\\/2541-episode-7-les-annees-50#article\",\"isPartOf\":{\"@id\":\"https:\\\/\\\/ess-villars.ch\\\/fr\\\/blogs\\\/item\\\/2541-episode-7-les-annees-50\"},\"author\":{\"name\":\"Admin_ess_1234\",\"@id\":\"https:\\\/\\\/ess-villars.ch\\\/fr\\\/#\\\/schema\\\/person\\\/0f30ecd734c125feb7718cb834b17b33\"},\"headline\":\"Episode 7: Les ann\u00e9es 50&prime;\",\"datePublished\":\"2023-08-30T14:54:02+00:00\",\"dateModified\":\"2025-09-25T10:24:44+00:00\",\"mainEntityOfPage\":{\"@id\":\"https:\\\/\\\/ess-villars.ch\\\/fr\\\/blogs\\\/item\\\/2541-episode-7-les-annees-50\"},\"wordCount\":350,\"commentCount\":0,\"publisher\":{\"@id\":\"https:\\\/\\\/ess-villars.ch\\\/fr\\\/#organization\"},\"image\":{\"@id\":\"https:\\\/\\\/ess-villars.ch\\\/fr\\\/blogs\\\/item\\\/2541-episode-7-les-annees-50#primaryimage\"},\"thumbnailUrl\":\"https:\\\/\\\/ess-villars.ch\\\/wp-content\\\/uploads\\\/2023\\\/08\\\/page-18.1.jpg\",\"articleSection\":[\"Histoire\"],\"inLanguage\":\"fr-FR\",\"potentialAction\":[{\"@type\":\"CommentAction\",\"name\":\"Comment\",\"target\":[\"https:\\\/\\\/ess-villars.ch\\\/fr\\\/blogs\\\/item\\\/2541-episode-7-les-annees-50#respond\"]}]},{\"@type\":\"WebPage\",\"@id\":\"https:\\\/\\\/ess-villars.ch\\\/fr\\\/blogs\\\/item\\\/2541-episode-7-les-annees-50\",\"url\":\"https:\\\/\\\/ess-villars.ch\\\/fr\\\/blogs\\\/item\\\/2541-episode-7-les-annees-50\",\"name\":\"Episode 7: Les ann\u00e9es 50' - ESS Villars\",\"isPartOf\":{\"@id\":\"https:\\\/\\\/ess-villars.ch\\\/fr\\\/#website\"},\"primaryImageOfPage\":{\"@id\":\"https:\\\/\\\/ess-villars.ch\\\/fr\\\/blogs\\\/item\\\/2541-episode-7-les-annees-50#primaryimage\"},\"image\":{\"@id\":\"https:\\\/\\\/ess-villars.ch\\\/fr\\\/blogs\\\/item\\\/2541-episode-7-les-annees-50#primaryimage\"},\"thumbnailUrl\":\"https:\\\/\\\/ess-villars.ch\\\/wp-content\\\/uploads\\\/2023\\\/08\\\/page-18.1.jpg\",\"datePublished\":\"2023-08-30T14:54:02+00:00\",\"dateModified\":\"2025-09-25T10:24:44+00:00\",\"description\":\"L'Ecole de ski dans les ann\u00e9es 50' En 1950 \u00e0 Aspen, Zeno Colo remporte le premier slalom g\u00e9ant de l\u2019histoire devant le vill...\",\"breadcrumb\":{\"@id\":\"https:\\\/\\\/ess-villars.ch\\\/fr\\\/blogs\\\/item\\\/2541-episode-7-les-annees-50#breadcrumb\"},\"inLanguage\":\"fr-FR\",\"potentialAction\":[{\"@type\":\"ReadAction\",\"target\":[\"https:\\\/\\\/ess-villars.ch\\\/fr\\\/blogs\\\/item\\\/2541-episode-7-les-annees-50\"]}]},{\"@type\":\"ImageObject\",\"inLanguage\":\"fr-FR\",\"@id\":\"https:\\\/\\\/ess-villars.ch\\\/fr\\\/blogs\\\/item\\\/2541-episode-7-les-annees-50#primaryimage\",\"url\":\"https:\\\/\\\/ess-villars.ch\\\/wp-content\\\/uploads\\\/2023\\\/08\\\/page-18.1.jpg\",\"contentUrl\":\"https:\\\/\\\/ess-villars.ch\\\/wp-content\\\/uploads\\\/2023\\\/08\\\/page-18.1.jpg\",\"width\":1921,\"height\":1981},{\"@type\":\"BreadcrumbList\",\"@id\":\"https:\\\/\\\/ess-villars.ch\\\/fr\\\/blogs\\\/item\\\/2541-episode-7-les-annees-50#breadcrumb\",\"itemListElement\":[{\"@type\":\"ListItem\",\"position\":1,\"name\":\"Home\",\"item\":\"https:\\\/\\\/ess-villars.ch\\\/fr\\\/\"},{\"@type\":\"ListItem\",\"position\":2,\"name\":\"Episode 7: Les ann\u00e9es 50&prime;\"}]},{\"@type\":\"WebSite\",\"@id\":\"https:\\\/\\\/ess-villars.ch\\\/fr\\\/#website\",\"url\":\"https:\\\/\\\/ess-villars.ch\\\/fr\\\/\",\"name\":\"ESS Villars\",\"description\":\"Join the red legend !\",\"publisher\":{\"@id\":\"https:\\\/\\\/ess-villars.ch\\\/fr\\\/#organization\"},\"potentialAction\":[{\"@type\":\"SearchAction\",\"target\":{\"@type\":\"EntryPoint\",\"urlTemplate\":\"https:\\\/\\\/ess-villars.ch\\\/fr\\\/?s={search_term_string}\"},\"query-input\":{\"@type\":\"PropertyValueSpecification\",\"valueRequired\":true,\"valueName\":\"search_term_string\"}}],\"inLanguage\":\"fr-FR\"},{\"@type\":\"Organization\",\"@id\":\"https:\\\/\\\/ess-villars.ch\\\/fr\\\/#organization\",\"name\":\"ESS Villars\",\"url\":\"https:\\\/\\\/ess-villars.ch\\\/fr\\\/\",\"logo\":{\"@type\":\"ImageObject\",\"inLanguage\":\"fr-FR\",\"@id\":\"https:\\\/\\\/ess-villars.ch\\\/fr\\\/#\\\/schema\\\/logo\\\/image\\\/\",\"url\":\"https:\\\/\\\/ess-villars.ch\\\/wp-content\\\/uploads\\\/2023\\\/08\\\/ESS_Villars_logo_png.png\",\"contentUrl\":\"https:\\\/\\\/ess-villars.ch\\\/wp-content\\\/uploads\\\/2023\\\/08\\\/ESS_Villars_logo_png.png\",\"width\":1181,\"height\":1181,\"caption\":\"ESS Villars\"},\"image\":{\"@id\":\"https:\\\/\\\/ess-villars.ch\\\/fr\\\/#\\\/schema\\\/logo\\\/image\\\/\"}},{\"@type\":\"Person\",\"@id\":\"https:\\\/\\\/ess-villars.ch\\\/fr\\\/#\\\/schema\\\/person\\\/0f30ecd734c125feb7718cb834b17b33\",\"name\":\"Admin_ess_1234\",\"image\":{\"@type\":\"ImageObject\",\"inLanguage\":\"fr-FR\",\"@id\":\"https:\\\/\\\/secure.gravatar.com\\\/avatar\\\/5fa0ab8129cd20f0a7834bfabb7e7a1558862e46633c891c431236a50cc39ab9?s=96&d=mm&r=g\",\"url\":\"https:\\\/\\\/secure.gravatar.com\\\/avatar\\\/5fa0ab8129cd20f0a7834bfabb7e7a1558862e46633c891c431236a50cc39ab9?s=96&d=mm&r=g\",\"contentUrl\":\"https:\\\/\\\/secure.gravatar.com\\\/avatar\\\/5fa0ab8129cd20f0a7834bfabb7e7a1558862e46633c891c431236a50cc39ab9?s=96&d=mm&r=g\",\"caption\":\"Admin_ess_1234\"},\"sameAs\":[\"https:\\\/\\\/ess-villars.ch\"]}]}<\/script>\n<!-- \/ Yoast SEO plugin. -->","yoast_head_json":{"title":"Episode 7: Les ann\u00e9es 50' - ESS Villars","description":"L'Ecole de ski dans les ann\u00e9es 50' En 1950 \u00e0 Aspen, Zeno Colo remporte le premier slalom g\u00e9ant de l\u2019histoire devant le vill...","robots":{"index":"index","follow":"follow","max-snippet":"max-snippet:-1","max-image-preview":"max-image-preview:large","max-video-preview":"max-video-preview:-1"},"canonical":"https:\/\/ess-villars.ch\/fr\/blogs\/item\/2541-episode-7-les-annees-50\/","og_locale":"fr_FR","og_type":"article","og_title":"Episode 7: Les ann\u00e9es 50' - ESS Villars","og_description":"L'Ecole de ski dans les ann\u00e9es 50' En 1950 \u00e0 Aspen, Zeno Colo remporte le premier slalom g\u00e9ant de l\u2019histoire devant le vill...","og_url":"https:\/\/ess-villars.ch\/fr\/blogs\/item\/2541-episode-7-les-annees-50","og_site_name":"ESS Villars","article_published_time":"2023-08-30T14:54:02+00:00","article_modified_time":"2025-09-25T10:24:44+00:00","og_image":[{"width":1921,"height":1981,"url":"https:\/\/ess-villars.ch\/wp-content\/uploads\/2023\/08\/page-18.1.jpg","type":"image\/jpeg"}],"author":"Admin_ess_1234","twitter_card":"summary_large_image","twitter_misc":{"\u00c9crit par":"Admin_ess_1234","Dur\u00e9e de lecture estim\u00e9e":"3 minutes"},"schema":{"@context":"https:\/\/schema.org","@graph":[{"@type":"Article","@id":"https:\/\/ess-villars.ch\/fr\/blogs\/item\/2541-episode-7-les-annees-50#article","isPartOf":{"@id":"https:\/\/ess-villars.ch\/fr\/blogs\/item\/2541-episode-7-les-annees-50"},"author":{"name":"Admin_ess_1234","@id":"https:\/\/ess-villars.ch\/fr\/#\/schema\/person\/0f30ecd734c125feb7718cb834b17b33"},"headline":"Episode 7: Les ann\u00e9es 50&prime;","datePublished":"2023-08-30T14:54:02+00:00","dateModified":"2025-09-25T10:24:44+00:00","mainEntityOfPage":{"@id":"https:\/\/ess-villars.ch\/fr\/blogs\/item\/2541-episode-7-les-annees-50"},"wordCount":350,"commentCount":0,"publisher":{"@id":"https:\/\/ess-villars.ch\/fr\/#organization"},"image":{"@id":"https:\/\/ess-villars.ch\/fr\/blogs\/item\/2541-episode-7-les-annees-50#primaryimage"},"thumbnailUrl":"https:\/\/ess-villars.ch\/wp-content\/uploads\/2023\/08\/page-18.1.jpg","articleSection":["Histoire"],"inLanguage":"fr-FR","potentialAction":[{"@type":"CommentAction","name":"Comment","target":["https:\/\/ess-villars.ch\/fr\/blogs\/item\/2541-episode-7-les-annees-50#respond"]}]},{"@type":"WebPage","@id":"https:\/\/ess-villars.ch\/fr\/blogs\/item\/2541-episode-7-les-annees-50","url":"https:\/\/ess-villars.ch\/fr\/blogs\/item\/2541-episode-7-les-annees-50","name":"Episode 7: Les ann\u00e9es 50' - ESS Villars","isPartOf":{"@id":"https:\/\/ess-villars.ch\/fr\/#website"},"primaryImageOfPage":{"@id":"https:\/\/ess-villars.ch\/fr\/blogs\/item\/2541-episode-7-les-annees-50#primaryimage"},"image":{"@id":"https:\/\/ess-villars.ch\/fr\/blogs\/item\/2541-episode-7-les-annees-50#primaryimage"},"thumbnailUrl":"https:\/\/ess-villars.ch\/wp-content\/uploads\/2023\/08\/page-18.1.jpg","datePublished":"2023-08-30T14:54:02+00:00","dateModified":"2025-09-25T10:24:44+00:00","description":"L'Ecole de ski dans les ann\u00e9es 50' En 1950 \u00e0 Aspen, Zeno Colo remporte le premier slalom g\u00e9ant de l\u2019histoire devant le vill...","breadcrumb":{"@id":"https:\/\/ess-villars.ch\/fr\/blogs\/item\/2541-episode-7-les-annees-50#breadcrumb"},"inLanguage":"fr-FR","potentialAction":[{"@type":"ReadAction","target":["https:\/\/ess-villars.ch\/fr\/blogs\/item\/2541-episode-7-les-annees-50"]}]},{"@type":"ImageObject","inLanguage":"fr-FR","@id":"https:\/\/ess-villars.ch\/fr\/blogs\/item\/2541-episode-7-les-annees-50#primaryimage","url":"https:\/\/ess-villars.ch\/wp-content\/uploads\/2023\/08\/page-18.1.jpg","contentUrl":"https:\/\/ess-villars.ch\/wp-content\/uploads\/2023\/08\/page-18.1.jpg","width":1921,"height":1981},{"@type":"BreadcrumbList","@id":"https:\/\/ess-villars.ch\/fr\/blogs\/item\/2541-episode-7-les-annees-50#breadcrumb","itemListElement":[{"@type":"ListItem","position":1,"name":"Home","item":"https:\/\/ess-villars.ch\/fr\/"},{"@type":"ListItem","position":2,"name":"Episode 7: Les ann\u00e9es 50&prime;"}]},{"@type":"WebSite","@id":"https:\/\/ess-villars.ch\/fr\/#website","url":"https:\/\/ess-villars.ch\/fr\/","name":"ESS Villars","description":"Join the red legend !","publisher":{"@id":"https:\/\/ess-villars.ch\/fr\/#organization"},"potentialAction":[{"@type":"SearchAction","target":{"@type":"EntryPoint","urlTemplate":"https:\/\/ess-villars.ch\/fr\/?s={search_term_string}"},"query-input":{"@type":"PropertyValueSpecification","valueRequired":true,"valueName":"search_term_string"}}],"inLanguage":"fr-FR"},{"@type":"Organization","@id":"https:\/\/ess-villars.ch\/fr\/#organization","name":"ESS Villars","url":"https:\/\/ess-villars.ch\/fr\/","logo":{"@type":"ImageObject","inLanguage":"fr-FR","@id":"https:\/\/ess-villars.ch\/fr\/#\/schema\/logo\/image\/","url":"https:\/\/ess-villars.ch\/wp-content\/uploads\/2023\/08\/ESS_Villars_logo_png.png","contentUrl":"https:\/\/ess-villars.ch\/wp-content\/uploads\/2023\/08\/ESS_Villars_logo_png.png","width":1181,"height":1181,"caption":"ESS Villars"},"image":{"@id":"https:\/\/ess-villars.ch\/fr\/#\/schema\/logo\/image\/"}},{"@type":"Person","@id":"https:\/\/ess-villars.ch\/fr\/#\/schema\/person\/0f30ecd734c125feb7718cb834b17b33","name":"Admin_ess_1234","image":{"@type":"ImageObject","inLanguage":"fr-FR","@id":"https:\/\/secure.gravatar.com\/avatar\/5fa0ab8129cd20f0a7834bfabb7e7a1558862e46633c891c431236a50cc39ab9?s=96&d=mm&r=g","url":"https:\/\/secure.gravatar.com\/avatar\/5fa0ab8129cd20f0a7834bfabb7e7a1558862e46633c891c431236a50cc39ab9?s=96&d=mm&r=g","contentUrl":"https:\/\/secure.gravatar.com\/avatar\/5fa0ab8129cd20f0a7834bfabb7e7a1558862e46633c891c431236a50cc39ab9?s=96&d=mm&r=g","caption":"Admin_ess_1234"},"sameAs":["https:\/\/ess-villars.ch"]}]}},"_links":{"self":[{"href":"https:\/\/ess-villars.ch\/fr\/wp-json\/wp\/v2\/posts\/29647","targetHints":{"allow":["GET"]}}],"collection":[{"href":"https:\/\/ess-villars.ch\/fr\/wp-json\/wp\/v2\/posts"}],"about":[{"href":"https:\/\/ess-villars.ch\/fr\/wp-json\/wp\/v2\/types\/post"}],"author":[{"embeddable":true,"href":"https:\/\/ess-villars.ch\/fr\/wp-json\/wp\/v2\/users\/1"}],"replies":[{"embeddable":true,"href":"https:\/\/ess-villars.ch\/fr\/wp-json\/wp\/v2\/comments?post=29647"}],"version-history":[{"count":1,"href":"https:\/\/ess-villars.ch\/fr\/wp-json\/wp\/v2\/posts\/29647\/revisions"}],"predecessor-version":[{"id":29653,"href":"https:\/\/ess-villars.ch\/fr\/wp-json\/wp\/v2\/posts\/29647\/revisions\/29653"}],"wp:featuredmedia":[{"embeddable":true,"href":"https:\/\/ess-villars.ch\/fr\/wp-json\/wp\/v2\/media\/29649"}],"wp:attachment":[{"href":"https:\/\/ess-villars.ch\/fr\/wp-json\/wp\/v2\/media?parent=29647"}],"wp:term":[{"taxonomy":"category","embeddable":true,"href":"https:\/\/ess-villars.ch\/fr\/wp-json\/wp\/v2\/categories?post=29647"},{"taxonomy":"post_tag","embeddable":true,"href":"https:\/\/ess-villars.ch\/fr\/wp-json\/wp\/v2\/tags?post=29647"}],"curies":[{"name":"wp","href":"https:\/\/api.w.org\/{rel}","templated":true}]}}