{"id":29636,"date":"2023-08-30T16:52:34","date_gmt":"2023-08-30T14:52:34","guid":{"rendered":"https:\/\/hebergement2.ch\/?p=29636"},"modified":"2025-09-25T12:24:30","modified_gmt":"2025-09-25T10:24:30","slug":"du-swiss-ski-handicap-au-villars-ski-open","status":"publish","type":"post","link":"https:\/\/ess-villars.ch\/fr\/blogs\/item\/2553-episode-9-du-swiss-ski-handicap-au-villars-ski-open","title":{"rendered":"Episode 9: Du Swiss Ski Handicap au Villars Ski Open"},"content":{"rendered":"<h2>Du Swiss Ski Handicap au Villars Ski Open<\/h2>\n<p><img fetchpriority=\"high\" decoding=\"async\" class=\"aligncenter size-large wp-image-29638\" src=\"https:\/\/ess-villars.ch\/wp-content\/uploads\/2023\/08\/IMG-7-1024x784.jpg\" alt=\"\" width=\"800\" height=\"613\" srcset=\"https:\/\/ess-villars.ch\/wp-content\/uploads\/2023\/08\/IMG-7-1024x784.jpg 1024w, https:\/\/ess-villars.ch\/wp-content\/uploads\/2023\/08\/IMG-7-300x230.jpg 300w, https:\/\/ess-villars.ch\/wp-content\/uploads\/2023\/08\/IMG-7-768x588.jpg 768w, https:\/\/ess-villars.ch\/wp-content\/uploads\/2023\/08\/IMG-7-1536x1176.jpg 1536w, https:\/\/ess-villars.ch\/wp-content\/uploads\/2023\/08\/IMG-7-2048x1568.jpg 2048w\" sizes=\"(max-width: 800px) 100vw, 800px\" \/><\/p>\n<p>Le \u00ab Swiss Ski Handicap \u00bb, concept national de course populaire pour tous les \u00e2ges est organis\u00e9 par l\u2019ESS d\u00e8s 1980. On propose \u00e0 tout un chacun de se mesurer \u00e0 un coureur-\u00e9talon (Eric Rogenmoser pour la station de Villars) a\ufb01n de calculer son handicap \u00e0 ski. La manifestation conna\u00eet d\u2019entr\u00e9e de jeu un \u00e9norme succ\u00e8s.<\/p>\n<p>Au \ufb01l des ann\u00e9es, l\u2019int\u00e9r\u00eat pour\u00a0cette comp\u00e9tition n\u2019a jamais baiss\u00e9, tant et si bien que suite \u00e0 sa disparition au niveau national, L\u2019ESS de Villars d\u00e9cide de perp\u00e9tuer seule cette course bon enfants. Ainsi n\u00e9 le\u00a0\u00ab Villars Ski Open \u00bb qui accueille jusqu\u2019\u00e0 200 concurrents, 5 fois par saison\u2026<\/p>\n<p>N&rsquo;h\u00e9sitez pas \u00e0 nous rejoindre et \u00e0 vous mesurer \u00e0 vos amis! les dates\u00a0<a href=\"https:\/\/www.ess-villars.ch\/fr\/ecole\/animations\">ici!<\/a><\/p>\n<p><img decoding=\"async\" class=\"aligncenter size-large wp-image-29637\" src=\"https:\/\/ess-villars.ch\/wp-content\/uploads\/2023\/08\/IMG_0001-9-1024x684.jpg\" alt=\"\" width=\"800\" height=\"534\" srcset=\"https:\/\/ess-villars.ch\/wp-content\/uploads\/2023\/08\/IMG_0001-9-1024x684.jpg 1024w, https:\/\/ess-villars.ch\/wp-content\/uploads\/2023\/08\/IMG_0001-9-300x201.jpg 300w, https:\/\/ess-villars.ch\/wp-content\/uploads\/2023\/08\/IMG_0001-9-768x513.jpg 768w, https:\/\/ess-villars.ch\/wp-content\/uploads\/2023\/08\/IMG_0001-9-1536x1027.jpg 1536w, https:\/\/ess-villars.ch\/wp-content\/uploads\/2023\/08\/IMG_0001-9-2048x1369.jpg 2048w\" sizes=\"(max-width: 800px) 100vw, 800px\" \/><\/p>\n","protected":false},"excerpt":{"rendered":"<p>Du Swiss Ski Handicap au Villars Ski Open Le \u00ab Swiss Ski Handicap \u00bb, concept national de course populaire pour tous les \u00e2ges est organis\u00e9 par l\u2019ESS d\u00e8s 1980. On propose \u00e0 tout un chacun de se mesurer \u00e0 un coureur-\u00e9talon (Eric Rogenmoser pour la station de Villars) a\ufb01n de calculer son handicap \u00e0 ski. [&hellip;]<\/p>\n","protected":false},"author":1,"featured_media":29638,"comment_status":"open","ping_status":"open","sticky":false,"template":"","format":"standard","meta":{"_acf_changed":false,"footnotes":""},"categories":[9],"tags":[],"class_list":["post-29636","post","type-post","status-publish","format-standard","has-post-thumbnail","hentry","category-histoire"],"acf":[],"yoast_head":"<!-- This site is optimized with the Yoast SEO plugin v27.5 - https:\/\/yoast.com\/product\/yoast-seo-wordpress\/ -->\n<title>Episode 9: Du Swiss Ski Handicap au Villars Ski Open - ESS Villars<\/title>\n<meta name=\"description\" content=\"Du Swiss Ski Handicap au Villars Ski Open Le \u00ab Swiss Ski Handicap \u00bb, concept national de course populaire pour tous les \u00e2ges...\" \/>\n<meta name=\"robots\" content=\"index, follow, max-snippet:-1, max-image-preview:large, max-video-preview:-1\" \/>\n<link rel=\"canonical\" href=\"https:\/\/ess-villars.ch\/fr\/blogs\/item\/2553-episode-9-du-swiss-ski-handicap-au-villars-ski-open\/\" \/>\n<meta property=\"og:locale\" content=\"fr_FR\" \/>\n<meta property=\"og:type\" content=\"article\" \/>\n<meta property=\"og:title\" content=\"Episode 9: Du Swiss Ski Handicap au Villars Ski Open - ESS Villars\" \/>\n<meta property=\"og:description\" content=\"Du Swiss Ski Handicap au Villars Ski Open Le \u00ab Swiss Ski Handicap \u00bb, concept national de course populaire pour tous les \u00e2ges...\" \/>\n<meta property=\"og:url\" content=\"https:\/\/ess-villars.ch\/fr\/blogs\/item\/2553-episode-9-du-swiss-ski-handicap-au-villars-ski-open\" \/>\n<meta property=\"og:site_name\" content=\"ESS Villars\" \/>\n<meta property=\"article:published_time\" content=\"2023-08-30T14:52:34+00:00\" \/>\n<meta property=\"article:modified_time\" content=\"2025-09-25T10:24:30+00:00\" \/>\n<meta property=\"og:image\" content=\"https:\/\/ess-villars.ch\/wp-content\/uploads\/2023\/08\/IMG-7-scaled.jpg\" \/>\n\t<meta property=\"og:image:width\" content=\"2560\" \/>\n\t<meta property=\"og:image:height\" content=\"1960\" \/>\n\t<meta property=\"og:image:type\" content=\"image\/jpeg\" \/>\n<meta name=\"author\" content=\"Admin_ess_1234\" \/>\n<meta name=\"twitter:card\" content=\"summary_large_image\" \/>\n<meta name=\"twitter:label1\" content=\"\u00c9crit par\" \/>\n\t<meta name=\"twitter:data1\" content=\"Admin_ess_1234\" \/>\n\t<meta name=\"twitter:label2\" content=\"Dur\u00e9e de lecture estim\u00e9e\" \/>\n\t<meta name=\"twitter:data2\" content=\"2 minutes\" \/>\n<script type=\"application\/ld+json\" class=\"yoast-schema-graph\">{\"@context\":\"https:\\\/\\\/schema.org\",\"@graph\":[{\"@type\":\"Article\",\"@id\":\"https:\\\/\\\/ess-villars.ch\\\/fr\\\/blogs\\\/item\\\/2553-episode-9-du-swiss-ski-handicap-au-villars-ski-open#article\",\"isPartOf\":{\"@id\":\"https:\\\/\\\/ess-villars.ch\\\/fr\\\/blogs\\\/item\\\/2553-episode-9-du-swiss-ski-handicap-au-villars-ski-open\"},\"author\":{\"name\":\"Admin_ess_1234\",\"@id\":\"https:\\\/\\\/ess-villars.ch\\\/fr\\\/#\\\/schema\\\/person\\\/0f30ecd734c125feb7718cb834b17b33\"},\"headline\":\"Episode 9: Du Swiss Ski Handicap au Villars Ski Open\",\"datePublished\":\"2023-08-30T14:52:34+00:00\",\"dateModified\":\"2025-09-25T10:24:30+00:00\",\"mainEntityOfPage\":{\"@id\":\"https:\\\/\\\/ess-villars.ch\\\/fr\\\/blogs\\\/item\\\/2553-episode-9-du-swiss-ski-handicap-au-villars-ski-open\"},\"wordCount\":144,\"commentCount\":0,\"publisher\":{\"@id\":\"https:\\\/\\\/ess-villars.ch\\\/fr\\\/#organization\"},\"image\":{\"@id\":\"https:\\\/\\\/ess-villars.ch\\\/fr\\\/blogs\\\/item\\\/2553-episode-9-du-swiss-ski-handicap-au-villars-ski-open#primaryimage\"},\"thumbnailUrl\":\"https:\\\/\\\/ess-villars.ch\\\/wp-content\\\/uploads\\\/2023\\\/08\\\/IMG-7-scaled.jpg\",\"articleSection\":[\"Histoire\"],\"inLanguage\":\"fr-FR\",\"potentialAction\":[{\"@type\":\"CommentAction\",\"name\":\"Comment\",\"target\":[\"https:\\\/\\\/ess-villars.ch\\\/fr\\\/blogs\\\/item\\\/2553-episode-9-du-swiss-ski-handicap-au-villars-ski-open#respond\"]}]},{\"@type\":\"WebPage\",\"@id\":\"https:\\\/\\\/ess-villars.ch\\\/fr\\\/blogs\\\/item\\\/2553-episode-9-du-swiss-ski-handicap-au-villars-ski-open\",\"url\":\"https:\\\/\\\/ess-villars.ch\\\/fr\\\/blogs\\\/item\\\/2553-episode-9-du-swiss-ski-handicap-au-villars-ski-open\",\"name\":\"Episode 9: Du Swiss Ski Handicap au Villars Ski Open - ESS Villars\",\"isPartOf\":{\"@id\":\"https:\\\/\\\/ess-villars.ch\\\/fr\\\/#website\"},\"primaryImageOfPage\":{\"@id\":\"https:\\\/\\\/ess-villars.ch\\\/fr\\\/blogs\\\/item\\\/2553-episode-9-du-swiss-ski-handicap-au-villars-ski-open#primaryimage\"},\"image\":{\"@id\":\"https:\\\/\\\/ess-villars.ch\\\/fr\\\/blogs\\\/item\\\/2553-episode-9-du-swiss-ski-handicap-au-villars-ski-open#primaryimage\"},\"thumbnailUrl\":\"https:\\\/\\\/ess-villars.ch\\\/wp-content\\\/uploads\\\/2023\\\/08\\\/IMG-7-scaled.jpg\",\"datePublished\":\"2023-08-30T14:52:34+00:00\",\"dateModified\":\"2025-09-25T10:24:30+00:00\",\"description\":\"Du Swiss Ski Handicap au Villars Ski Open Le \u00ab Swiss Ski Handicap \u00bb, concept national de course populaire pour tous les \u00e2ges...\",\"breadcrumb\":{\"@id\":\"https:\\\/\\\/ess-villars.ch\\\/fr\\\/blogs\\\/item\\\/2553-episode-9-du-swiss-ski-handicap-au-villars-ski-open#breadcrumb\"},\"inLanguage\":\"fr-FR\",\"potentialAction\":[{\"@type\":\"ReadAction\",\"target\":[\"https:\\\/\\\/ess-villars.ch\\\/fr\\\/blogs\\\/item\\\/2553-episode-9-du-swiss-ski-handicap-au-villars-ski-open\"]}]},{\"@type\":\"ImageObject\",\"inLanguage\":\"fr-FR\",\"@id\":\"https:\\\/\\\/ess-villars.ch\\\/fr\\\/blogs\\\/item\\\/2553-episode-9-du-swiss-ski-handicap-au-villars-ski-open#primaryimage\",\"url\":\"https:\\\/\\\/ess-villars.ch\\\/wp-content\\\/uploads\\\/2023\\\/08\\\/IMG-7-scaled.jpg\",\"contentUrl\":\"https:\\\/\\\/ess-villars.ch\\\/wp-content\\\/uploads\\\/2023\\\/08\\\/IMG-7-scaled.jpg\",\"width\":2560,\"height\":1960},{\"@type\":\"BreadcrumbList\",\"@id\":\"https:\\\/\\\/ess-villars.ch\\\/fr\\\/blogs\\\/item\\\/2553-episode-9-du-swiss-ski-handicap-au-villars-ski-open#breadcrumb\",\"itemListElement\":[{\"@type\":\"ListItem\",\"position\":1,\"name\":\"Home\",\"item\":\"https:\\\/\\\/ess-villars.ch\\\/fr\\\/\"},{\"@type\":\"ListItem\",\"position\":2,\"name\":\"Episode 9: Du Swiss Ski Handicap au Villars Ski Open\"}]},{\"@type\":\"WebSite\",\"@id\":\"https:\\\/\\\/ess-villars.ch\\\/fr\\\/#website\",\"url\":\"https:\\\/\\\/ess-villars.ch\\\/fr\\\/\",\"name\":\"ESS Villars\",\"description\":\"Join the red legend !\",\"publisher\":{\"@id\":\"https:\\\/\\\/ess-villars.ch\\\/fr\\\/#organization\"},\"potentialAction\":[{\"@type\":\"SearchAction\",\"target\":{\"@type\":\"EntryPoint\",\"urlTemplate\":\"https:\\\/\\\/ess-villars.ch\\\/fr\\\/?s={search_term_string}\"},\"query-input\":{\"@type\":\"PropertyValueSpecification\",\"valueRequired\":true,\"valueName\":\"search_term_string\"}}],\"inLanguage\":\"fr-FR\"},{\"@type\":\"Organization\",\"@id\":\"https:\\\/\\\/ess-villars.ch\\\/fr\\\/#organization\",\"name\":\"ESS Villars\",\"url\":\"https:\\\/\\\/ess-villars.ch\\\/fr\\\/\",\"logo\":{\"@type\":\"ImageObject\",\"inLanguage\":\"fr-FR\",\"@id\":\"https:\\\/\\\/ess-villars.ch\\\/fr\\\/#\\\/schema\\\/logo\\\/image\\\/\",\"url\":\"https:\\\/\\\/ess-villars.ch\\\/wp-content\\\/uploads\\\/2023\\\/08\\\/ESS_Villars_logo_png.png\",\"contentUrl\":\"https:\\\/\\\/ess-villars.ch\\\/wp-content\\\/uploads\\\/2023\\\/08\\\/ESS_Villars_logo_png.png\",\"width\":1181,\"height\":1181,\"caption\":\"ESS Villars\"},\"image\":{\"@id\":\"https:\\\/\\\/ess-villars.ch\\\/fr\\\/#\\\/schema\\\/logo\\\/image\\\/\"}},{\"@type\":\"Person\",\"@id\":\"https:\\\/\\\/ess-villars.ch\\\/fr\\\/#\\\/schema\\\/person\\\/0f30ecd734c125feb7718cb834b17b33\",\"name\":\"Admin_ess_1234\",\"image\":{\"@type\":\"ImageObject\",\"inLanguage\":\"fr-FR\",\"@id\":\"https:\\\/\\\/secure.gravatar.com\\\/avatar\\\/5fa0ab8129cd20f0a7834bfabb7e7a1558862e46633c891c431236a50cc39ab9?s=96&d=mm&r=g\",\"url\":\"https:\\\/\\\/secure.gravatar.com\\\/avatar\\\/5fa0ab8129cd20f0a7834bfabb7e7a1558862e46633c891c431236a50cc39ab9?s=96&d=mm&r=g\",\"contentUrl\":\"https:\\\/\\\/secure.gravatar.com\\\/avatar\\\/5fa0ab8129cd20f0a7834bfabb7e7a1558862e46633c891c431236a50cc39ab9?s=96&d=mm&r=g\",\"caption\":\"Admin_ess_1234\"},\"sameAs\":[\"https:\\\/\\\/ess-villars.ch\"]}]}<\/script>\n<!-- \/ Yoast SEO plugin. -->","yoast_head_json":{"title":"Episode 9: Du Swiss Ski Handicap au Villars Ski Open - ESS Villars","description":"Du Swiss Ski Handicap au Villars Ski Open Le \u00ab Swiss Ski Handicap \u00bb, concept national de course populaire pour tous les \u00e2ges...","robots":{"index":"index","follow":"follow","max-snippet":"max-snippet:-1","max-image-preview":"max-image-preview:large","max-video-preview":"max-video-preview:-1"},"canonical":"https:\/\/ess-villars.ch\/fr\/blogs\/item\/2553-episode-9-du-swiss-ski-handicap-au-villars-ski-open\/","og_locale":"fr_FR","og_type":"article","og_title":"Episode 9: Du Swiss Ski Handicap au Villars Ski Open - ESS Villars","og_description":"Du Swiss Ski Handicap au Villars Ski Open Le \u00ab Swiss Ski Handicap \u00bb, concept national de course populaire pour tous les \u00e2ges...","og_url":"https:\/\/ess-villars.ch\/fr\/blogs\/item\/2553-episode-9-du-swiss-ski-handicap-au-villars-ski-open","og_site_name":"ESS Villars","article_published_time":"2023-08-30T14:52:34+00:00","article_modified_time":"2025-09-25T10:24:30+00:00","og_image":[{"width":2560,"height":1960,"url":"https:\/\/ess-villars.ch\/wp-content\/uploads\/2023\/08\/IMG-7-scaled.jpg","type":"image\/jpeg"}],"author":"Admin_ess_1234","twitter_card":"summary_large_image","twitter_misc":{"\u00c9crit par":"Admin_ess_1234","Dur\u00e9e de lecture estim\u00e9e":"2 minutes"},"schema":{"@context":"https:\/\/schema.org","@graph":[{"@type":"Article","@id":"https:\/\/ess-villars.ch\/fr\/blogs\/item\/2553-episode-9-du-swiss-ski-handicap-au-villars-ski-open#article","isPartOf":{"@id":"https:\/\/ess-villars.ch\/fr\/blogs\/item\/2553-episode-9-du-swiss-ski-handicap-au-villars-ski-open"},"author":{"name":"Admin_ess_1234","@id":"https:\/\/ess-villars.ch\/fr\/#\/schema\/person\/0f30ecd734c125feb7718cb834b17b33"},"headline":"Episode 9: Du Swiss Ski Handicap au Villars Ski Open","datePublished":"2023-08-30T14:52:34+00:00","dateModified":"2025-09-25T10:24:30+00:00","mainEntityOfPage":{"@id":"https:\/\/ess-villars.ch\/fr\/blogs\/item\/2553-episode-9-du-swiss-ski-handicap-au-villars-ski-open"},"wordCount":144,"commentCount":0,"publisher":{"@id":"https:\/\/ess-villars.ch\/fr\/#organization"},"image":{"@id":"https:\/\/ess-villars.ch\/fr\/blogs\/item\/2553-episode-9-du-swiss-ski-handicap-au-villars-ski-open#primaryimage"},"thumbnailUrl":"https:\/\/ess-villars.ch\/wp-content\/uploads\/2023\/08\/IMG-7-scaled.jpg","articleSection":["Histoire"],"inLanguage":"fr-FR","potentialAction":[{"@type":"CommentAction","name":"Comment","target":["https:\/\/ess-villars.ch\/fr\/blogs\/item\/2553-episode-9-du-swiss-ski-handicap-au-villars-ski-open#respond"]}]},{"@type":"WebPage","@id":"https:\/\/ess-villars.ch\/fr\/blogs\/item\/2553-episode-9-du-swiss-ski-handicap-au-villars-ski-open","url":"https:\/\/ess-villars.ch\/fr\/blogs\/item\/2553-episode-9-du-swiss-ski-handicap-au-villars-ski-open","name":"Episode 9: Du Swiss Ski Handicap au Villars Ski Open - ESS Villars","isPartOf":{"@id":"https:\/\/ess-villars.ch\/fr\/#website"},"primaryImageOfPage":{"@id":"https:\/\/ess-villars.ch\/fr\/blogs\/item\/2553-episode-9-du-swiss-ski-handicap-au-villars-ski-open#primaryimage"},"image":{"@id":"https:\/\/ess-villars.ch\/fr\/blogs\/item\/2553-episode-9-du-swiss-ski-handicap-au-villars-ski-open#primaryimage"},"thumbnailUrl":"https:\/\/ess-villars.ch\/wp-content\/uploads\/2023\/08\/IMG-7-scaled.jpg","datePublished":"2023-08-30T14:52:34+00:00","dateModified":"2025-09-25T10:24:30+00:00","description":"Du Swiss Ski Handicap au Villars Ski Open Le \u00ab Swiss Ski Handicap \u00bb, concept national de course populaire pour tous les \u00e2ges...","breadcrumb":{"@id":"https:\/\/ess-villars.ch\/fr\/blogs\/item\/2553-episode-9-du-swiss-ski-handicap-au-villars-ski-open#breadcrumb"},"inLanguage":"fr-FR","potentialAction":[{"@type":"ReadAction","target":["https:\/\/ess-villars.ch\/fr\/blogs\/item\/2553-episode-9-du-swiss-ski-handicap-au-villars-ski-open"]}]},{"@type":"ImageObject","inLanguage":"fr-FR","@id":"https:\/\/ess-villars.ch\/fr\/blogs\/item\/2553-episode-9-du-swiss-ski-handicap-au-villars-ski-open#primaryimage","url":"https:\/\/ess-villars.ch\/wp-content\/uploads\/2023\/08\/IMG-7-scaled.jpg","contentUrl":"https:\/\/ess-villars.ch\/wp-content\/uploads\/2023\/08\/IMG-7-scaled.jpg","width":2560,"height":1960},{"@type":"BreadcrumbList","@id":"https:\/\/ess-villars.ch\/fr\/blogs\/item\/2553-episode-9-du-swiss-ski-handicap-au-villars-ski-open#breadcrumb","itemListElement":[{"@type":"ListItem","position":1,"name":"Home","item":"https:\/\/ess-villars.ch\/fr\/"},{"@type":"ListItem","position":2,"name":"Episode 9: Du Swiss Ski Handicap au Villars Ski Open"}]},{"@type":"WebSite","@id":"https:\/\/ess-villars.ch\/fr\/#website","url":"https:\/\/ess-villars.ch\/fr\/","name":"ESS Villars","description":"Join the red legend !","publisher":{"@id":"https:\/\/ess-villars.ch\/fr\/#organization"},"potentialAction":[{"@type":"SearchAction","target":{"@type":"EntryPoint","urlTemplate":"https:\/\/ess-villars.ch\/fr\/?s={search_term_string}"},"query-input":{"@type":"PropertyValueSpecification","valueRequired":true,"valueName":"search_term_string"}}],"inLanguage":"fr-FR"},{"@type":"Organization","@id":"https:\/\/ess-villars.ch\/fr\/#organization","name":"ESS Villars","url":"https:\/\/ess-villars.ch\/fr\/","logo":{"@type":"ImageObject","inLanguage":"fr-FR","@id":"https:\/\/ess-villars.ch\/fr\/#\/schema\/logo\/image\/","url":"https:\/\/ess-villars.ch\/wp-content\/uploads\/2023\/08\/ESS_Villars_logo_png.png","contentUrl":"https:\/\/ess-villars.ch\/wp-content\/uploads\/2023\/08\/ESS_Villars_logo_png.png","width":1181,"height":1181,"caption":"ESS Villars"},"image":{"@id":"https:\/\/ess-villars.ch\/fr\/#\/schema\/logo\/image\/"}},{"@type":"Person","@id":"https:\/\/ess-villars.ch\/fr\/#\/schema\/person\/0f30ecd734c125feb7718cb834b17b33","name":"Admin_ess_1234","image":{"@type":"ImageObject","inLanguage":"fr-FR","@id":"https:\/\/secure.gravatar.com\/avatar\/5fa0ab8129cd20f0a7834bfabb7e7a1558862e46633c891c431236a50cc39ab9?s=96&d=mm&r=g","url":"https:\/\/secure.gravatar.com\/avatar\/5fa0ab8129cd20f0a7834bfabb7e7a1558862e46633c891c431236a50cc39ab9?s=96&d=mm&r=g","contentUrl":"https:\/\/secure.gravatar.com\/avatar\/5fa0ab8129cd20f0a7834bfabb7e7a1558862e46633c891c431236a50cc39ab9?s=96&d=mm&r=g","caption":"Admin_ess_1234"},"sameAs":["https:\/\/ess-villars.ch"]}]}},"_links":{"self":[{"href":"https:\/\/ess-villars.ch\/fr\/wp-json\/wp\/v2\/posts\/29636","targetHints":{"allow":["GET"]}}],"collection":[{"href":"https:\/\/ess-villars.ch\/fr\/wp-json\/wp\/v2\/posts"}],"about":[{"href":"https:\/\/ess-villars.ch\/fr\/wp-json\/wp\/v2\/types\/post"}],"author":[{"embeddable":true,"href":"https:\/\/ess-villars.ch\/fr\/wp-json\/wp\/v2\/users\/1"}],"replies":[{"embeddable":true,"href":"https:\/\/ess-villars.ch\/fr\/wp-json\/wp\/v2\/comments?post=29636"}],"version-history":[{"count":1,"href":"https:\/\/ess-villars.ch\/fr\/wp-json\/wp\/v2\/posts\/29636\/revisions"}],"predecessor-version":[{"id":29639,"href":"https:\/\/ess-villars.ch\/fr\/wp-json\/wp\/v2\/posts\/29636\/revisions\/29639"}],"wp:featuredmedia":[{"embeddable":true,"href":"https:\/\/ess-villars.ch\/fr\/wp-json\/wp\/v2\/media\/29638"}],"wp:attachment":[{"href":"https:\/\/ess-villars.ch\/fr\/wp-json\/wp\/v2\/media?parent=29636"}],"wp:term":[{"taxonomy":"category","embeddable":true,"href":"https:\/\/ess-villars.ch\/fr\/wp-json\/wp\/v2\/categories?post=29636"},{"taxonomy":"post_tag","embeddable":true,"href":"https:\/\/ess-villars.ch\/fr\/wp-json\/wp\/v2\/tags?post=29636"}],"curies":[{"name":"wp","href":"https:\/\/api.w.org\/{rel}","templated":true}]}}