{"id":29627,"date":"2023-08-30T16:51:22","date_gmt":"2023-08-30T14:51:22","guid":{"rendered":"https:\/\/hebergement2.ch\/?p=29627"},"modified":"2025-09-25T12:24:21","modified_gmt":"2025-09-25T10:24:21","slug":"les-annees-60","status":"publish","type":"post","link":"https:\/\/ess-villars.ch\/fr\/blogs\/item\/2544-episode-10-les-annees-60","title":{"rendered":"Episode 10: Les ann\u00e9es 60&prime;"},"content":{"rendered":"<h2>Les ann\u00e9es 60&prime;<\/h2>\n<p>En 1960, \u00e0 Squaw Valley, le fran\u00e7ais Jean Vuarnet conquiert l\u2019or olympique avec sa fameuse \u00ab position de l\u2019\u0153uf \u00bb (le schuss). Le ski romand n\u2019est pas en reste, puisque le Fran\u00e7ais partage le podium de la descente olympique avec le Villardou Jean-Daniel Daetwyler.<\/p>\n<p>A Villars, les ann\u00e9es dor\u00e9es se poursuivent et les folles soir\u00e9es du Sporting sont r\u00e9put\u00e9es dans l\u2019Europe enti\u00e8re. La station conna\u00eet un gros boum immobilier et l\u2019h\u00f4tellerie villardoue prend progressivement ses contours actuels.<\/p>\n<p><img fetchpriority=\"high\" decoding=\"async\" class=\"aligncenter size-large wp-image-29631\" src=\"https:\/\/ess-villars.ch\/wp-content\/uploads\/2023\/08\/page-25.1-987x1024.jpg\" alt=\"\" width=\"800\" height=\"830\" srcset=\"https:\/\/ess-villars.ch\/wp-content\/uploads\/2023\/08\/page-25.1-987x1024.jpg 987w, https:\/\/ess-villars.ch\/wp-content\/uploads\/2023\/08\/page-25.1-289x300.jpg 289w, https:\/\/ess-villars.ch\/wp-content\/uploads\/2023\/08\/page-25.1-768x797.jpg 768w, https:\/\/ess-villars.ch\/wp-content\/uploads\/2023\/08\/page-25.1-1480x1536.jpg 1480w, https:\/\/ess-villars.ch\/wp-content\/uploads\/2023\/08\/page-25.1.jpg 1684w\" sizes=\"(max-width: 800px) 100vw, 800px\" \/><\/p>\n<p>En 1968, une importante page de l\u2019histoire de la station se tourne avec le rachat du Villars Palace par le Club M\u00e9diterran\u00e9e.<\/p>\n<p>L\u2019hiver 60 voit l\u2019inauguration du t\u00e9l\u00e9cabine du Roc d\u2019Orsay. Cette installation dernier cri est compl\u00e9t\u00e9e par le nouveau ski-lift de la Combe d\u2019Orsay. En 1963, les pistes de ski s\u2019\u00e9tendent de Gryon aux Chamossaires gr\u00e2ce \u00e0 la r\u00e9alisation successive des t\u00e9l\u00e9skis de la Rasse, du Roc \u00e0 l\u2019Ours et du Bretaye-Orsay. En 1969, le t\u00e9l\u00e9si\u00e8ge \u00ab Lac Noir-Chaux-Ronde \u00bb vient parachever le d\u00e9veloppement du domaine skiable<\/p>\n<p>Parall\u00e8lement, l\u2019ESS se d\u00e9veloppe et compte en 1966 une cinquantaine de collaborateurs en p\u00e9riode forte pour accueillir jusqu\u2019\u00e0 700 \u00e9l\u00e8ves par jour. Le vieux chalet qui abritait ses bureaux est reconstruit et d\u00e8s 1962, l\u2019ESS partage ses locaux avec l\u2019Of\ufb01ce du Tourisme.<\/p>\n<p><img decoding=\"async\" class=\"aligncenter size-large wp-image-29634\" src=\"https:\/\/ess-villars.ch\/wp-content\/uploads\/2023\/08\/page-26-1024x761.jpg\" alt=\"\" width=\"800\" height=\"595\" srcset=\"https:\/\/ess-villars.ch\/wp-content\/uploads\/2023\/08\/page-26-1024x761.jpg 1024w, https:\/\/ess-villars.ch\/wp-content\/uploads\/2023\/08\/page-26-300x223.jpg 300w, https:\/\/ess-villars.ch\/wp-content\/uploads\/2023\/08\/page-26-768x570.jpg 768w, https:\/\/ess-villars.ch\/wp-content\/uploads\/2023\/08\/page-26-1536x1141.jpg 1536w, https:\/\/ess-villars.ch\/wp-content\/uploads\/2023\/08\/page-26-2048x1521.jpg 2048w\" sizes=\"(max-width: 800px) 100vw, 800px\" \/><\/p>\n<p>Les ann\u00e9es 60 voient se d\u00e9velopper consid\u00e9rablement le ski des enfants. Les instituts tels \u00ab Aiglon Coll\u00e8ge \u00bb, \u00abla Printani\u00e8re\u00bb ou \u00abla Harpe\u00bb recourent de plus en plus aux services de l\u2019ESS. En 1963, les remont\u00e9es m\u00e9caniques cr\u00e9ent la premi\u00e8re structure d\u2019accueil pour les enfants \u00e0 Bretaye. L\u2019Ecole Suisse de Ski est compl\u00e8tement int\u00e9gr\u00e9e \u00e0 la vie de la station.\u00a0L&rsquo;ESS participe \u00e0 la vie de la station en prenant part au traditionnel d\u00e9\ufb01l\u00e9 du 1er ao\u00fbt. C\u2019est \u00e0 la \ufb01n des ann\u00e9es 60 que l\u2019ESS put, pour la seule fois de son histoire, enseigner le ski en \u00e9t\u00e9 \u00e0 Bretaye, plus pr\u00e9cis\u00e9ment au Roc d\u2019Orsay gr\u00e2ce au syst\u00e8me de tapis du \u00ab Roc Brosse\u00bb.<\/p>\n<p><img decoding=\"async\" class=\"aligncenter size-large wp-image-29630\" src=\"https:\/\/ess-villars.ch\/wp-content\/uploads\/2023\/08\/page-27.1-1024x745.jpg\" alt=\"\" width=\"800\" height=\"582\" srcset=\"https:\/\/ess-villars.ch\/wp-content\/uploads\/2023\/08\/page-27.1-1024x745.jpg 1024w, https:\/\/ess-villars.ch\/wp-content\/uploads\/2023\/08\/page-27.1-300x218.jpg 300w, https:\/\/ess-villars.ch\/wp-content\/uploads\/2023\/08\/page-27.1-768x559.jpg 768w, https:\/\/ess-villars.ch\/wp-content\/uploads\/2023\/08\/page-27.1-1536x1118.jpg 1536w, https:\/\/ess-villars.ch\/wp-content\/uploads\/2023\/08\/page-27.1-2048x1490.jpg 2048w\" sizes=\"(max-width: 800px) 100vw, 800px\" \/><\/p>\n<p>L&rsquo;Ecole Suisse de Ski est compl\u00e8tement int\u00e9gr\u00e9e \u00e0 la vie de la station.\u00a0L&rsquo;ESS participe \u00e0 la vie de la station en prenant part au traditionnel d\u00e9\ufb01l\u00e9 du 1er ao\u00fbt. C\u2019est \u00e0 la \ufb01n des ann\u00e9es 60 que l\u2019ESS put, pour la seule fois de son histoire, enseigner le ski en \u00e9t\u00e9 \u00e0 Bretaye, plus pr\u00e9cis\u00e9ment au Roc d\u2019Orsay gr\u00e2ce au syst\u00e8me de tapis du \u00ab Roc Brosse\u00bb.<\/p>\n<p><img loading=\"lazy\" decoding=\"async\" class=\"aligncenter size-large wp-image-29632\" src=\"https:\/\/ess-villars.ch\/wp-content\/uploads\/2023\/08\/AffSportsHiver-502x1024.jpg\" alt=\"\" width=\"502\" height=\"1024\" srcset=\"https:\/\/ess-villars.ch\/wp-content\/uploads\/2023\/08\/AffSportsHiver-502x1024.jpg 502w, https:\/\/ess-villars.ch\/wp-content\/uploads\/2023\/08\/AffSportsHiver-147x300.jpg 147w, https:\/\/ess-villars.ch\/wp-content\/uploads\/2023\/08\/AffSportsHiver-768x1567.jpg 768w, https:\/\/ess-villars.ch\/wp-content\/uploads\/2023\/08\/AffSportsHiver-753x1536.jpg 753w, https:\/\/ess-villars.ch\/wp-content\/uploads\/2023\/08\/AffSportsHiver-1004x2048.jpg 1004w, https:\/\/ess-villars.ch\/wp-content\/uploads\/2023\/08\/AffSportsHiver.jpg 1208w\" sizes=\"(max-width: 502px) 100vw, 502px\" \/><\/p>\n","protected":false},"excerpt":{"rendered":"<p>Les ann\u00e9es 60&prime; En 1960, \u00e0 Squaw Valley, le fran\u00e7ais Jean Vuarnet conquiert l\u2019or olympique avec sa fameuse \u00ab position de l\u2019\u0153uf \u00bb (le schuss). Le ski romand n\u2019est pas en reste, puisque le Fran\u00e7ais partage le podium de la descente olympique avec le Villardou Jean-Daniel Daetwyler. A Villars, les ann\u00e9es dor\u00e9es se poursuivent et [&hellip;]<\/p>\n","protected":false},"author":1,"featured_media":29630,"comment_status":"open","ping_status":"open","sticky":false,"template":"","format":"standard","meta":{"_acf_changed":false,"footnotes":""},"categories":[9],"tags":[],"class_list":["post-29627","post","type-post","status-publish","format-standard","has-post-thumbnail","hentry","category-histoire"],"acf":[],"yoast_head":"<!-- This site is optimized with the Yoast SEO plugin v27.5 - https:\/\/yoast.com\/product\/yoast-seo-wordpress\/ -->\n<title>Episode 10: Les ann\u00e9es 60&#039; - ESS Villars<\/title>\n<meta name=\"description\" content=\"Les ann\u00e9es 60&#039; En 1960, \u00e0 Squaw Valley, le fran\u00e7ais Jean Vuarnet conquiert l\u2019or olympique avec sa fameuse \u00ab position...\" \/>\n<meta name=\"robots\" content=\"index, follow, max-snippet:-1, max-image-preview:large, max-video-preview:-1\" \/>\n<link rel=\"canonical\" href=\"https:\/\/ess-villars.ch\/fr\/blogs\/item\/2544-episode-10-les-annees-60\/\" \/>\n<meta property=\"og:locale\" content=\"fr_FR\" \/>\n<meta property=\"og:type\" content=\"article\" \/>\n<meta property=\"og:title\" content=\"Episode 10: Les ann\u00e9es 60&#039; - ESS Villars\" \/>\n<meta property=\"og:description\" content=\"Les ann\u00e9es 60&#039; En 1960, \u00e0 Squaw Valley, le fran\u00e7ais Jean Vuarnet conquiert l\u2019or olympique avec sa fameuse \u00ab position...\" \/>\n<meta property=\"og:url\" content=\"https:\/\/ess-villars.ch\/fr\/blogs\/item\/2544-episode-10-les-annees-60\" \/>\n<meta property=\"og:site_name\" content=\"ESS Villars\" \/>\n<meta property=\"article:published_time\" content=\"2023-08-30T14:51:22+00:00\" \/>\n<meta property=\"article:modified_time\" content=\"2025-09-25T10:24:21+00:00\" \/>\n<meta property=\"og:image\" content=\"https:\/\/ess-villars.ch\/wp-content\/uploads\/2023\/08\/page-27.1.jpg\" \/>\n\t<meta property=\"og:image:width\" content=\"2056\" \/>\n\t<meta property=\"og:image:height\" content=\"1496\" \/>\n\t<meta property=\"og:image:type\" content=\"image\/jpeg\" \/>\n<meta name=\"author\" content=\"Admin_ess_1234\" \/>\n<meta name=\"twitter:card\" content=\"summary_large_image\" \/>\n<meta name=\"twitter:label1\" content=\"\u00c9crit par\" \/>\n\t<meta name=\"twitter:data1\" content=\"Admin_ess_1234\" \/>\n\t<meta name=\"twitter:label2\" content=\"Dur\u00e9e de lecture estim\u00e9e\" \/>\n\t<meta name=\"twitter:data2\" content=\"3 minutes\" \/>\n<script type=\"application\/ld+json\" class=\"yoast-schema-graph\">{\"@context\":\"https:\\\/\\\/schema.org\",\"@graph\":[{\"@type\":\"Article\",\"@id\":\"https:\\\/\\\/ess-villars.ch\\\/fr\\\/blogs\\\/item\\\/2544-episode-10-les-annees-60#article\",\"isPartOf\":{\"@id\":\"https:\\\/\\\/ess-villars.ch\\\/fr\\\/blogs\\\/item\\\/2544-episode-10-les-annees-60\"},\"author\":{\"name\":\"Admin_ess_1234\",\"@id\":\"https:\\\/\\\/ess-villars.ch\\\/fr\\\/#\\\/schema\\\/person\\\/0f30ecd734c125feb7718cb834b17b33\"},\"headline\":\"Episode 10: Les ann\u00e9es 60&prime;\",\"datePublished\":\"2023-08-30T14:51:22+00:00\",\"dateModified\":\"2025-09-25T10:24:21+00:00\",\"mainEntityOfPage\":{\"@id\":\"https:\\\/\\\/ess-villars.ch\\\/fr\\\/blogs\\\/item\\\/2544-episode-10-les-annees-60\"},\"wordCount\":451,\"commentCount\":0,\"publisher\":{\"@id\":\"https:\\\/\\\/ess-villars.ch\\\/fr\\\/#organization\"},\"image\":{\"@id\":\"https:\\\/\\\/ess-villars.ch\\\/fr\\\/blogs\\\/item\\\/2544-episode-10-les-annees-60#primaryimage\"},\"thumbnailUrl\":\"https:\\\/\\\/ess-villars.ch\\\/wp-content\\\/uploads\\\/2023\\\/08\\\/page-27.1.jpg\",\"articleSection\":[\"Histoire\"],\"inLanguage\":\"fr-FR\",\"potentialAction\":[{\"@type\":\"CommentAction\",\"name\":\"Comment\",\"target\":[\"https:\\\/\\\/ess-villars.ch\\\/fr\\\/blogs\\\/item\\\/2544-episode-10-les-annees-60#respond\"]}]},{\"@type\":\"WebPage\",\"@id\":\"https:\\\/\\\/ess-villars.ch\\\/fr\\\/blogs\\\/item\\\/2544-episode-10-les-annees-60\",\"url\":\"https:\\\/\\\/ess-villars.ch\\\/fr\\\/blogs\\\/item\\\/2544-episode-10-les-annees-60\",\"name\":\"Episode 10: Les ann\u00e9es 60' - ESS Villars\",\"isPartOf\":{\"@id\":\"https:\\\/\\\/ess-villars.ch\\\/fr\\\/#website\"},\"primaryImageOfPage\":{\"@id\":\"https:\\\/\\\/ess-villars.ch\\\/fr\\\/blogs\\\/item\\\/2544-episode-10-les-annees-60#primaryimage\"},\"image\":{\"@id\":\"https:\\\/\\\/ess-villars.ch\\\/fr\\\/blogs\\\/item\\\/2544-episode-10-les-annees-60#primaryimage\"},\"thumbnailUrl\":\"https:\\\/\\\/ess-villars.ch\\\/wp-content\\\/uploads\\\/2023\\\/08\\\/page-27.1.jpg\",\"datePublished\":\"2023-08-30T14:51:22+00:00\",\"dateModified\":\"2025-09-25T10:24:21+00:00\",\"description\":\"Les ann\u00e9es 60' En 1960, \u00e0 Squaw Valley, le fran\u00e7ais Jean Vuarnet conquiert l\u2019or olympique avec sa fameuse \u00ab position...\",\"breadcrumb\":{\"@id\":\"https:\\\/\\\/ess-villars.ch\\\/fr\\\/blogs\\\/item\\\/2544-episode-10-les-annees-60#breadcrumb\"},\"inLanguage\":\"fr-FR\",\"potentialAction\":[{\"@type\":\"ReadAction\",\"target\":[\"https:\\\/\\\/ess-villars.ch\\\/fr\\\/blogs\\\/item\\\/2544-episode-10-les-annees-60\"]}]},{\"@type\":\"ImageObject\",\"inLanguage\":\"fr-FR\",\"@id\":\"https:\\\/\\\/ess-villars.ch\\\/fr\\\/blogs\\\/item\\\/2544-episode-10-les-annees-60#primaryimage\",\"url\":\"https:\\\/\\\/ess-villars.ch\\\/wp-content\\\/uploads\\\/2023\\\/08\\\/page-27.1.jpg\",\"contentUrl\":\"https:\\\/\\\/ess-villars.ch\\\/wp-content\\\/uploads\\\/2023\\\/08\\\/page-27.1.jpg\",\"width\":2056,\"height\":1496},{\"@type\":\"BreadcrumbList\",\"@id\":\"https:\\\/\\\/ess-villars.ch\\\/fr\\\/blogs\\\/item\\\/2544-episode-10-les-annees-60#breadcrumb\",\"itemListElement\":[{\"@type\":\"ListItem\",\"position\":1,\"name\":\"Home\",\"item\":\"https:\\\/\\\/ess-villars.ch\\\/fr\\\/\"},{\"@type\":\"ListItem\",\"position\":2,\"name\":\"Episode 10: Les ann\u00e9es 60&prime;\"}]},{\"@type\":\"WebSite\",\"@id\":\"https:\\\/\\\/ess-villars.ch\\\/fr\\\/#website\",\"url\":\"https:\\\/\\\/ess-villars.ch\\\/fr\\\/\",\"name\":\"ESS Villars\",\"description\":\"Join the red legend !\",\"publisher\":{\"@id\":\"https:\\\/\\\/ess-villars.ch\\\/fr\\\/#organization\"},\"potentialAction\":[{\"@type\":\"SearchAction\",\"target\":{\"@type\":\"EntryPoint\",\"urlTemplate\":\"https:\\\/\\\/ess-villars.ch\\\/fr\\\/?s={search_term_string}\"},\"query-input\":{\"@type\":\"PropertyValueSpecification\",\"valueRequired\":true,\"valueName\":\"search_term_string\"}}],\"inLanguage\":\"fr-FR\"},{\"@type\":\"Organization\",\"@id\":\"https:\\\/\\\/ess-villars.ch\\\/fr\\\/#organization\",\"name\":\"ESS Villars\",\"url\":\"https:\\\/\\\/ess-villars.ch\\\/fr\\\/\",\"logo\":{\"@type\":\"ImageObject\",\"inLanguage\":\"fr-FR\",\"@id\":\"https:\\\/\\\/ess-villars.ch\\\/fr\\\/#\\\/schema\\\/logo\\\/image\\\/\",\"url\":\"https:\\\/\\\/ess-villars.ch\\\/wp-content\\\/uploads\\\/2023\\\/08\\\/ESS_Villars_logo_png.png\",\"contentUrl\":\"https:\\\/\\\/ess-villars.ch\\\/wp-content\\\/uploads\\\/2023\\\/08\\\/ESS_Villars_logo_png.png\",\"width\":1181,\"height\":1181,\"caption\":\"ESS Villars\"},\"image\":{\"@id\":\"https:\\\/\\\/ess-villars.ch\\\/fr\\\/#\\\/schema\\\/logo\\\/image\\\/\"}},{\"@type\":\"Person\",\"@id\":\"https:\\\/\\\/ess-villars.ch\\\/fr\\\/#\\\/schema\\\/person\\\/0f30ecd734c125feb7718cb834b17b33\",\"name\":\"Admin_ess_1234\",\"image\":{\"@type\":\"ImageObject\",\"inLanguage\":\"fr-FR\",\"@id\":\"https:\\\/\\\/secure.gravatar.com\\\/avatar\\\/5fa0ab8129cd20f0a7834bfabb7e7a1558862e46633c891c431236a50cc39ab9?s=96&d=mm&r=g\",\"url\":\"https:\\\/\\\/secure.gravatar.com\\\/avatar\\\/5fa0ab8129cd20f0a7834bfabb7e7a1558862e46633c891c431236a50cc39ab9?s=96&d=mm&r=g\",\"contentUrl\":\"https:\\\/\\\/secure.gravatar.com\\\/avatar\\\/5fa0ab8129cd20f0a7834bfabb7e7a1558862e46633c891c431236a50cc39ab9?s=96&d=mm&r=g\",\"caption\":\"Admin_ess_1234\"},\"sameAs\":[\"https:\\\/\\\/ess-villars.ch\"]}]}<\/script>\n<!-- \/ Yoast SEO plugin. -->","yoast_head_json":{"title":"Episode 10: Les ann\u00e9es 60' - ESS Villars","description":"Les ann\u00e9es 60' En 1960, \u00e0 Squaw Valley, le fran\u00e7ais Jean Vuarnet conquiert l\u2019or olympique avec sa fameuse \u00ab position...","robots":{"index":"index","follow":"follow","max-snippet":"max-snippet:-1","max-image-preview":"max-image-preview:large","max-video-preview":"max-video-preview:-1"},"canonical":"https:\/\/ess-villars.ch\/fr\/blogs\/item\/2544-episode-10-les-annees-60\/","og_locale":"fr_FR","og_type":"article","og_title":"Episode 10: Les ann\u00e9es 60' - ESS Villars","og_description":"Les ann\u00e9es 60' En 1960, \u00e0 Squaw Valley, le fran\u00e7ais Jean Vuarnet conquiert l\u2019or olympique avec sa fameuse \u00ab position...","og_url":"https:\/\/ess-villars.ch\/fr\/blogs\/item\/2544-episode-10-les-annees-60","og_site_name":"ESS Villars","article_published_time":"2023-08-30T14:51:22+00:00","article_modified_time":"2025-09-25T10:24:21+00:00","og_image":[{"width":2056,"height":1496,"url":"https:\/\/ess-villars.ch\/wp-content\/uploads\/2023\/08\/page-27.1.jpg","type":"image\/jpeg"}],"author":"Admin_ess_1234","twitter_card":"summary_large_image","twitter_misc":{"\u00c9crit par":"Admin_ess_1234","Dur\u00e9e de lecture estim\u00e9e":"3 minutes"},"schema":{"@context":"https:\/\/schema.org","@graph":[{"@type":"Article","@id":"https:\/\/ess-villars.ch\/fr\/blogs\/item\/2544-episode-10-les-annees-60#article","isPartOf":{"@id":"https:\/\/ess-villars.ch\/fr\/blogs\/item\/2544-episode-10-les-annees-60"},"author":{"name":"Admin_ess_1234","@id":"https:\/\/ess-villars.ch\/fr\/#\/schema\/person\/0f30ecd734c125feb7718cb834b17b33"},"headline":"Episode 10: Les ann\u00e9es 60&prime;","datePublished":"2023-08-30T14:51:22+00:00","dateModified":"2025-09-25T10:24:21+00:00","mainEntityOfPage":{"@id":"https:\/\/ess-villars.ch\/fr\/blogs\/item\/2544-episode-10-les-annees-60"},"wordCount":451,"commentCount":0,"publisher":{"@id":"https:\/\/ess-villars.ch\/fr\/#organization"},"image":{"@id":"https:\/\/ess-villars.ch\/fr\/blogs\/item\/2544-episode-10-les-annees-60#primaryimage"},"thumbnailUrl":"https:\/\/ess-villars.ch\/wp-content\/uploads\/2023\/08\/page-27.1.jpg","articleSection":["Histoire"],"inLanguage":"fr-FR","potentialAction":[{"@type":"CommentAction","name":"Comment","target":["https:\/\/ess-villars.ch\/fr\/blogs\/item\/2544-episode-10-les-annees-60#respond"]}]},{"@type":"WebPage","@id":"https:\/\/ess-villars.ch\/fr\/blogs\/item\/2544-episode-10-les-annees-60","url":"https:\/\/ess-villars.ch\/fr\/blogs\/item\/2544-episode-10-les-annees-60","name":"Episode 10: Les ann\u00e9es 60' - ESS Villars","isPartOf":{"@id":"https:\/\/ess-villars.ch\/fr\/#website"},"primaryImageOfPage":{"@id":"https:\/\/ess-villars.ch\/fr\/blogs\/item\/2544-episode-10-les-annees-60#primaryimage"},"image":{"@id":"https:\/\/ess-villars.ch\/fr\/blogs\/item\/2544-episode-10-les-annees-60#primaryimage"},"thumbnailUrl":"https:\/\/ess-villars.ch\/wp-content\/uploads\/2023\/08\/page-27.1.jpg","datePublished":"2023-08-30T14:51:22+00:00","dateModified":"2025-09-25T10:24:21+00:00","description":"Les ann\u00e9es 60' En 1960, \u00e0 Squaw Valley, le fran\u00e7ais Jean Vuarnet conquiert l\u2019or olympique avec sa fameuse \u00ab position...","breadcrumb":{"@id":"https:\/\/ess-villars.ch\/fr\/blogs\/item\/2544-episode-10-les-annees-60#breadcrumb"},"inLanguage":"fr-FR","potentialAction":[{"@type":"ReadAction","target":["https:\/\/ess-villars.ch\/fr\/blogs\/item\/2544-episode-10-les-annees-60"]}]},{"@type":"ImageObject","inLanguage":"fr-FR","@id":"https:\/\/ess-villars.ch\/fr\/blogs\/item\/2544-episode-10-les-annees-60#primaryimage","url":"https:\/\/ess-villars.ch\/wp-content\/uploads\/2023\/08\/page-27.1.jpg","contentUrl":"https:\/\/ess-villars.ch\/wp-content\/uploads\/2023\/08\/page-27.1.jpg","width":2056,"height":1496},{"@type":"BreadcrumbList","@id":"https:\/\/ess-villars.ch\/fr\/blogs\/item\/2544-episode-10-les-annees-60#breadcrumb","itemListElement":[{"@type":"ListItem","position":1,"name":"Home","item":"https:\/\/ess-villars.ch\/fr\/"},{"@type":"ListItem","position":2,"name":"Episode 10: Les ann\u00e9es 60&prime;"}]},{"@type":"WebSite","@id":"https:\/\/ess-villars.ch\/fr\/#website","url":"https:\/\/ess-villars.ch\/fr\/","name":"ESS Villars","description":"Join the red legend !","publisher":{"@id":"https:\/\/ess-villars.ch\/fr\/#organization"},"potentialAction":[{"@type":"SearchAction","target":{"@type":"EntryPoint","urlTemplate":"https:\/\/ess-villars.ch\/fr\/?s={search_term_string}"},"query-input":{"@type":"PropertyValueSpecification","valueRequired":true,"valueName":"search_term_string"}}],"inLanguage":"fr-FR"},{"@type":"Organization","@id":"https:\/\/ess-villars.ch\/fr\/#organization","name":"ESS Villars","url":"https:\/\/ess-villars.ch\/fr\/","logo":{"@type":"ImageObject","inLanguage":"fr-FR","@id":"https:\/\/ess-villars.ch\/fr\/#\/schema\/logo\/image\/","url":"https:\/\/ess-villars.ch\/wp-content\/uploads\/2023\/08\/ESS_Villars_logo_png.png","contentUrl":"https:\/\/ess-villars.ch\/wp-content\/uploads\/2023\/08\/ESS_Villars_logo_png.png","width":1181,"height":1181,"caption":"ESS Villars"},"image":{"@id":"https:\/\/ess-villars.ch\/fr\/#\/schema\/logo\/image\/"}},{"@type":"Person","@id":"https:\/\/ess-villars.ch\/fr\/#\/schema\/person\/0f30ecd734c125feb7718cb834b17b33","name":"Admin_ess_1234","image":{"@type":"ImageObject","inLanguage":"fr-FR","@id":"https:\/\/secure.gravatar.com\/avatar\/5fa0ab8129cd20f0a7834bfabb7e7a1558862e46633c891c431236a50cc39ab9?s=96&d=mm&r=g","url":"https:\/\/secure.gravatar.com\/avatar\/5fa0ab8129cd20f0a7834bfabb7e7a1558862e46633c891c431236a50cc39ab9?s=96&d=mm&r=g","contentUrl":"https:\/\/secure.gravatar.com\/avatar\/5fa0ab8129cd20f0a7834bfabb7e7a1558862e46633c891c431236a50cc39ab9?s=96&d=mm&r=g","caption":"Admin_ess_1234"},"sameAs":["https:\/\/ess-villars.ch"]}]}},"_links":{"self":[{"href":"https:\/\/ess-villars.ch\/fr\/wp-json\/wp\/v2\/posts\/29627","targetHints":{"allow":["GET"]}}],"collection":[{"href":"https:\/\/ess-villars.ch\/fr\/wp-json\/wp\/v2\/posts"}],"about":[{"href":"https:\/\/ess-villars.ch\/fr\/wp-json\/wp\/v2\/types\/post"}],"author":[{"embeddable":true,"href":"https:\/\/ess-villars.ch\/fr\/wp-json\/wp\/v2\/users\/1"}],"replies":[{"embeddable":true,"href":"https:\/\/ess-villars.ch\/fr\/wp-json\/wp\/v2\/comments?post=29627"}],"version-history":[{"count":1,"href":"https:\/\/ess-villars.ch\/fr\/wp-json\/wp\/v2\/posts\/29627\/revisions"}],"predecessor-version":[{"id":29635,"href":"https:\/\/ess-villars.ch\/fr\/wp-json\/wp\/v2\/posts\/29627\/revisions\/29635"}],"wp:featuredmedia":[{"embeddable":true,"href":"https:\/\/ess-villars.ch\/fr\/wp-json\/wp\/v2\/media\/29630"}],"wp:attachment":[{"href":"https:\/\/ess-villars.ch\/fr\/wp-json\/wp\/v2\/media?parent=29627"}],"wp:term":[{"taxonomy":"category","embeddable":true,"href":"https:\/\/ess-villars.ch\/fr\/wp-json\/wp\/v2\/categories?post=29627"},{"taxonomy":"post_tag","embeddable":true,"href":"https:\/\/ess-villars.ch\/fr\/wp-json\/wp\/v2\/tags?post=29627"}],"curies":[{"name":"wp","href":"https:\/\/api.w.org\/{rel}","templated":true}]}}