{"id":29614,"date":"2023-08-30T16:49:45","date_gmt":"2023-08-30T14:49:45","guid":{"rendered":"https:\/\/hebergement2.ch\/?p=29614"},"modified":"2025-09-25T12:24:04","modified_gmt":"2025-09-25T10:24:04","slug":"les-annees-70","status":"publish","type":"post","link":"https:\/\/ess-villars.ch\/fr\/blogs\/item\/2549-episode-12-les-annees-70","title":{"rendered":"Episode 12: Les ann\u00e9es 70&prime;"},"content":{"rendered":"<h2>Les ann\u00e9es 70&prime;<\/h2>\n<p>En 1972 \u00e0 Sapporo, Bernhard Russi et Roland Collombin signent un doubl\u00e9 m\u00e9morable lors de la descente olympique. Aux championnats du monde de St Moritz en 1974, Fabienne Serrat, future membre de l\u2019ESS Villars, se pare deux fois d\u2019or.<\/p>\n<p>Au niveau du mat\u00e9riel, le plastique remplace progressivement le cuir dans la fabrication des chaussures de ski et les premiers \u00ab stoppers \u00bb sont int\u00e9gr\u00e9s aux \ufb01xations des skis. Les monoskis font leur apparition et le \u00ab surf des neiges \u00bb est invent\u00e9 en Californie.<\/p>\n<p>A Villars, le d\u00e9veloppement touristique sera quelque peu frein\u00e9 par la crise p\u00e9troli\u00e8re mondiale. La construction du r\u00e9seau autoroutier europ\u00e9en, le d\u00e9veloppement des compagnies a\u00e9riennes et l\u2019arriv\u00e9e des trains \u00e0 grande vitesse engendrent une profonde mutation dans le monde du tourisme. La dur\u00e9e des s\u00e9jours diminue pour se limiter souvent \u00e0 des week-ends ou aux semaines de vacances scolaires. La concurrence d\u2019autres stations de ski se fait de plus en plus forte. Les commer\u00e7ants, les h\u00f4teliers et bien s\u00fbr l\u2019Ecole de ski se doivent de r\u00e9agir et se groupent autour d\u2019un of\ufb01ce du tourisme fort, g\u00e9r\u00e9 par Andr\u00e9 Willi, dit \u00ab le colonel \u00bb.<\/p>\n<p>C\u2019est en cette m\u00eame ann\u00e9e 1974 que Michel Daetwyler, jeune retrait\u00e9 du cirque blanc, prend la direction de l\u2019Ecole Suisse de Ski de Villars. Durant les douze ans de son mandat, Michel saura relever avec succ\u00e8s les nouveaux d\u00e9\ufb01s auxquels l\u2019ESS sera confront\u00e9e.<\/p>\n<p>D\u00e8s son arriv\u00e9e Michel d\u00e9veloppe l\u2019offre de cours collectifs avec notamment des classes de comp\u00e9tition. Il ajoute trois niveaux a\ufb01n d\u2019actualiser la palette vieillissante des tests: Le Mini Test, le Test Villars et le Test Parall\u00e8le. En 1975, il fallait d\u00e9penser 10 francs pour une matin\u00e9e de cours collectifs tandis qu\u2019une heure de cours priv\u00e9 \u00e9tait factur\u00e9e 25 francs.<\/p>\n<p>Michel cr\u00e9e l\u2019association pour l\u2019entretien des pistes de ski de fond et de randonn\u00e9e, qui fait l\u2019acquisition d\u2019une machine destin\u00e9e \u00e0 la pr\u00e9- paration des pistes de fond. L\u2019ESS d\u00e9veloppe aussi ce secteur. Une autre nouveaut\u00e9 r\u00e9side dans l\u2019offre de le\u00e7ons de ski \u00ab artistique \u00bb et \u00e0 la \ufb01n de la d\u00e9cennie, l\u2019ESS Villars proposera des cours de monoski.<\/p>\n<p>L\u2019id\u00e9e de la cr\u00e9ation d\u2019une garderie d\u2019enfants \u00e0 Villars germe tr\u00e8s vite dans l\u2019esprit de Michel Daetwyler. Elle se concr\u00e9tisera en d\u00e9cembre 1977 par l\u2019inauguration de la garderie de l\u2019ESS dans les locaux de la piscine du Palace. Marlyse Salvoldelli, nomm\u00e9e responsable de la nou- velle structure, se souvient du succ\u00e8s imm\u00e9diat rencontr\u00e9 par la garderie : \u00ab Nous accueillions jusqu\u2019\u00e0 40 enfants par jour. Ne skiant pas moi-m\u00eame, les enfants \u00e9taient encadr\u00e9s par des monitrices de l\u2019ESS. Mon principal souci \u00e9tait de ne pas perdre d\u2019enfant car il y avait foule sur la piste du palace et il n\u2019existait pas encore de jardin des neiges s\u00e9curis\u00e9 r\u00e9serv\u00e9 aux enfants.<\/p>\n<p>L\u2019animation \u00e9tait garantie par les adultes d\u00e9butants du Club M\u00e9diterran\u00e9e que les \u00ab GO ski \u00bb n\u2019arrivaient pas toujours \u00e0 contr\u00f4ler\u2026 \u00bb<\/p>\n<p><img fetchpriority=\"high\" decoding=\"async\" class=\"aligncenter size-large wp-image-29615\" src=\"https:\/\/ess-villars.ch\/wp-content\/uploads\/2023\/08\/page-32-1024x689.jpg\" alt=\"\" width=\"800\" height=\"538\" srcset=\"https:\/\/ess-villars.ch\/wp-content\/uploads\/2023\/08\/page-32-1024x689.jpg 1024w, https:\/\/ess-villars.ch\/wp-content\/uploads\/2023\/08\/page-32-300x202.jpg 300w, https:\/\/ess-villars.ch\/wp-content\/uploads\/2023\/08\/page-32-768x517.jpg 768w, https:\/\/ess-villars.ch\/wp-content\/uploads\/2023\/08\/page-32-1536x1034.jpg 1536w, https:\/\/ess-villars.ch\/wp-content\/uploads\/2023\/08\/page-32-2048x1379.jpg 2048w\" sizes=\"(max-width: 800px) 100vw, 800px\" \/> <img decoding=\"async\" class=\"aligncenter size-large wp-image-29616\" src=\"https:\/\/ess-villars.ch\/wp-content\/uploads\/2023\/08\/8-1024x685.jpg\" alt=\"\" width=\"800\" height=\"535\" srcset=\"https:\/\/ess-villars.ch\/wp-content\/uploads\/2023\/08\/8-1024x685.jpg 1024w, https:\/\/ess-villars.ch\/wp-content\/uploads\/2023\/08\/8-300x201.jpg 300w, https:\/\/ess-villars.ch\/wp-content\/uploads\/2023\/08\/8-768x513.jpg 768w, https:\/\/ess-villars.ch\/wp-content\/uploads\/2023\/08\/8.jpg 1484w\" sizes=\"(max-width: 800px) 100vw, 800px\" \/> <img decoding=\"async\" class=\"aligncenter size-large wp-image-29617\" src=\"https:\/\/ess-villars.ch\/wp-content\/uploads\/2023\/08\/18-1024x689.jpg\" alt=\"\" width=\"800\" height=\"538\" srcset=\"https:\/\/ess-villars.ch\/wp-content\/uploads\/2023\/08\/18-1024x689.jpg 1024w, https:\/\/ess-villars.ch\/wp-content\/uploads\/2023\/08\/18-300x202.jpg 300w, https:\/\/ess-villars.ch\/wp-content\/uploads\/2023\/08\/18-768x517.jpg 768w, https:\/\/ess-villars.ch\/wp-content\/uploads\/2023\/08\/18.jpg 1528w\" sizes=\"(max-width: 800px) 100vw, 800px\" \/> <img loading=\"lazy\" decoding=\"async\" class=\"aligncenter size-large wp-image-29618\" src=\"https:\/\/ess-villars.ch\/wp-content\/uploads\/2023\/08\/page-31-1024x764.jpg\" alt=\"\" width=\"800\" height=\"597\" srcset=\"https:\/\/ess-villars.ch\/wp-content\/uploads\/2023\/08\/page-31-1024x764.jpg 1024w, https:\/\/ess-villars.ch\/wp-content\/uploads\/2023\/08\/page-31-300x224.jpg 300w, https:\/\/ess-villars.ch\/wp-content\/uploads\/2023\/08\/page-31-768x573.jpg 768w, https:\/\/ess-villars.ch\/wp-content\/uploads\/2023\/08\/page-31-1536x1145.jpg 1536w, https:\/\/ess-villars.ch\/wp-content\/uploads\/2023\/08\/page-31-2048x1527.jpg 2048w\" sizes=\"(max-width: 800px) 100vw, 800px\" \/><\/p>\n","protected":false},"excerpt":{"rendered":"<p>Les ann\u00e9es 70&prime; En 1972 \u00e0 Sapporo, Bernhard Russi et Roland Collombin signent un doubl\u00e9 m\u00e9morable lors de la descente olympique. Aux championnats du monde de St Moritz en 1974, Fabienne Serrat, future membre de l\u2019ESS Villars, se pare deux fois d\u2019or. Au niveau du mat\u00e9riel, le plastique remplace progressivement le cuir dans la fabrication [&hellip;]<\/p>\n","protected":false},"author":1,"featured_media":29618,"comment_status":"open","ping_status":"open","sticky":false,"template":"","format":"standard","meta":{"_acf_changed":false,"footnotes":""},"categories":[9],"tags":[],"class_list":["post-29614","post","type-post","status-publish","format-standard","has-post-thumbnail","hentry","category-histoire"],"acf":[],"yoast_head":"<!-- This site is optimized with the Yoast SEO plugin v27.5 - https:\/\/yoast.com\/product\/yoast-seo-wordpress\/ -->\n<title>Episode 12: Les ann\u00e9es 70&#039; - ESS Villars<\/title>\n<meta name=\"description\" content=\"Les ann\u00e9es 70&#039; En 1972 \u00e0 Sapporo, Bernhard Russi et Roland Collombin signent un doubl\u00e9 m\u00e9morable lors de la descente olymp...\" \/>\n<meta name=\"robots\" content=\"index, follow, max-snippet:-1, max-image-preview:large, max-video-preview:-1\" \/>\n<link rel=\"canonical\" href=\"https:\/\/ess-villars.ch\/fr\/blogs\/item\/2549-episode-12-les-annees-70\/\" \/>\n<meta property=\"og:locale\" content=\"fr_FR\" \/>\n<meta property=\"og:type\" content=\"article\" \/>\n<meta property=\"og:title\" content=\"Episode 12: Les ann\u00e9es 70&#039; - ESS Villars\" \/>\n<meta property=\"og:description\" content=\"Les ann\u00e9es 70&#039; En 1972 \u00e0 Sapporo, Bernhard Russi et Roland Collombin signent un doubl\u00e9 m\u00e9morable lors de la descente olymp...\" \/>\n<meta property=\"og:url\" content=\"https:\/\/ess-villars.ch\/fr\/blogs\/item\/2549-episode-12-les-annees-70\" \/>\n<meta property=\"og:site_name\" content=\"ESS Villars\" \/>\n<meta property=\"article:published_time\" content=\"2023-08-30T14:49:45+00:00\" \/>\n<meta property=\"article:modified_time\" content=\"2025-09-25T10:24:04+00:00\" \/>\n<meta property=\"og:image\" content=\"https:\/\/ess-villars.ch\/wp-content\/uploads\/2023\/08\/page-31-scaled.jpg\" \/>\n\t<meta property=\"og:image:width\" content=\"2560\" \/>\n\t<meta property=\"og:image:height\" content=\"1909\" \/>\n\t<meta property=\"og:image:type\" content=\"image\/jpeg\" \/>\n<meta name=\"author\" content=\"Admin_ess_1234\" \/>\n<meta name=\"twitter:card\" content=\"summary_large_image\" \/>\n<meta name=\"twitter:label1\" content=\"\u00c9crit par\" \/>\n\t<meta name=\"twitter:data1\" content=\"Admin_ess_1234\" \/>\n\t<meta name=\"twitter:label2\" content=\"Dur\u00e9e de lecture estim\u00e9e\" \/>\n\t<meta name=\"twitter:data2\" content=\"4 minutes\" \/>\n<script type=\"application\/ld+json\" class=\"yoast-schema-graph\">{\"@context\":\"https:\\\/\\\/schema.org\",\"@graph\":[{\"@type\":\"Article\",\"@id\":\"https:\\\/\\\/ess-villars.ch\\\/fr\\\/blogs\\\/item\\\/2549-episode-12-les-annees-70#article\",\"isPartOf\":{\"@id\":\"https:\\\/\\\/ess-villars.ch\\\/fr\\\/blogs\\\/item\\\/2549-episode-12-les-annees-70\"},\"author\":{\"name\":\"Admin_ess_1234\",\"@id\":\"https:\\\/\\\/ess-villars.ch\\\/fr\\\/#\\\/schema\\\/person\\\/0f30ecd734c125feb7718cb834b17b33\"},\"headline\":\"Episode 12: Les ann\u00e9es 70&prime;\",\"datePublished\":\"2023-08-30T14:49:45+00:00\",\"dateModified\":\"2025-09-25T10:24:04+00:00\",\"mainEntityOfPage\":{\"@id\":\"https:\\\/\\\/ess-villars.ch\\\/fr\\\/blogs\\\/item\\\/2549-episode-12-les-annees-70\"},\"wordCount\":549,\"commentCount\":0,\"publisher\":{\"@id\":\"https:\\\/\\\/ess-villars.ch\\\/fr\\\/#organization\"},\"image\":{\"@id\":\"https:\\\/\\\/ess-villars.ch\\\/fr\\\/blogs\\\/item\\\/2549-episode-12-les-annees-70#primaryimage\"},\"thumbnailUrl\":\"https:\\\/\\\/ess-villars.ch\\\/wp-content\\\/uploads\\\/2023\\\/08\\\/page-31-scaled.jpg\",\"articleSection\":[\"Histoire\"],\"inLanguage\":\"fr-FR\",\"potentialAction\":[{\"@type\":\"CommentAction\",\"name\":\"Comment\",\"target\":[\"https:\\\/\\\/ess-villars.ch\\\/fr\\\/blogs\\\/item\\\/2549-episode-12-les-annees-70#respond\"]}]},{\"@type\":\"WebPage\",\"@id\":\"https:\\\/\\\/ess-villars.ch\\\/fr\\\/blogs\\\/item\\\/2549-episode-12-les-annees-70\",\"url\":\"https:\\\/\\\/ess-villars.ch\\\/fr\\\/blogs\\\/item\\\/2549-episode-12-les-annees-70\",\"name\":\"Episode 12: Les ann\u00e9es 70' - ESS Villars\",\"isPartOf\":{\"@id\":\"https:\\\/\\\/ess-villars.ch\\\/fr\\\/#website\"},\"primaryImageOfPage\":{\"@id\":\"https:\\\/\\\/ess-villars.ch\\\/fr\\\/blogs\\\/item\\\/2549-episode-12-les-annees-70#primaryimage\"},\"image\":{\"@id\":\"https:\\\/\\\/ess-villars.ch\\\/fr\\\/blogs\\\/item\\\/2549-episode-12-les-annees-70#primaryimage\"},\"thumbnailUrl\":\"https:\\\/\\\/ess-villars.ch\\\/wp-content\\\/uploads\\\/2023\\\/08\\\/page-31-scaled.jpg\",\"datePublished\":\"2023-08-30T14:49:45+00:00\",\"dateModified\":\"2025-09-25T10:24:04+00:00\",\"description\":\"Les ann\u00e9es 70' En 1972 \u00e0 Sapporo, Bernhard Russi et Roland Collombin signent un doubl\u00e9 m\u00e9morable lors de la descente olymp...\",\"breadcrumb\":{\"@id\":\"https:\\\/\\\/ess-villars.ch\\\/fr\\\/blogs\\\/item\\\/2549-episode-12-les-annees-70#breadcrumb\"},\"inLanguage\":\"fr-FR\",\"potentialAction\":[{\"@type\":\"ReadAction\",\"target\":[\"https:\\\/\\\/ess-villars.ch\\\/fr\\\/blogs\\\/item\\\/2549-episode-12-les-annees-70\"]}]},{\"@type\":\"ImageObject\",\"inLanguage\":\"fr-FR\",\"@id\":\"https:\\\/\\\/ess-villars.ch\\\/fr\\\/blogs\\\/item\\\/2549-episode-12-les-annees-70#primaryimage\",\"url\":\"https:\\\/\\\/ess-villars.ch\\\/wp-content\\\/uploads\\\/2023\\\/08\\\/page-31-scaled.jpg\",\"contentUrl\":\"https:\\\/\\\/ess-villars.ch\\\/wp-content\\\/uploads\\\/2023\\\/08\\\/page-31-scaled.jpg\",\"width\":2560,\"height\":1909},{\"@type\":\"BreadcrumbList\",\"@id\":\"https:\\\/\\\/ess-villars.ch\\\/fr\\\/blogs\\\/item\\\/2549-episode-12-les-annees-70#breadcrumb\",\"itemListElement\":[{\"@type\":\"ListItem\",\"position\":1,\"name\":\"Home\",\"item\":\"https:\\\/\\\/ess-villars.ch\\\/fr\\\/\"},{\"@type\":\"ListItem\",\"position\":2,\"name\":\"Episode 12: Les ann\u00e9es 70&prime;\"}]},{\"@type\":\"WebSite\",\"@id\":\"https:\\\/\\\/ess-villars.ch\\\/fr\\\/#website\",\"url\":\"https:\\\/\\\/ess-villars.ch\\\/fr\\\/\",\"name\":\"ESS Villars\",\"description\":\"Join the red legend !\",\"publisher\":{\"@id\":\"https:\\\/\\\/ess-villars.ch\\\/fr\\\/#organization\"},\"potentialAction\":[{\"@type\":\"SearchAction\",\"target\":{\"@type\":\"EntryPoint\",\"urlTemplate\":\"https:\\\/\\\/ess-villars.ch\\\/fr\\\/?s={search_term_string}\"},\"query-input\":{\"@type\":\"PropertyValueSpecification\",\"valueRequired\":true,\"valueName\":\"search_term_string\"}}],\"inLanguage\":\"fr-FR\"},{\"@type\":\"Organization\",\"@id\":\"https:\\\/\\\/ess-villars.ch\\\/fr\\\/#organization\",\"name\":\"ESS Villars\",\"url\":\"https:\\\/\\\/ess-villars.ch\\\/fr\\\/\",\"logo\":{\"@type\":\"ImageObject\",\"inLanguage\":\"fr-FR\",\"@id\":\"https:\\\/\\\/ess-villars.ch\\\/fr\\\/#\\\/schema\\\/logo\\\/image\\\/\",\"url\":\"https:\\\/\\\/ess-villars.ch\\\/wp-content\\\/uploads\\\/2023\\\/08\\\/ESS_Villars_logo_png.png\",\"contentUrl\":\"https:\\\/\\\/ess-villars.ch\\\/wp-content\\\/uploads\\\/2023\\\/08\\\/ESS_Villars_logo_png.png\",\"width\":1181,\"height\":1181,\"caption\":\"ESS Villars\"},\"image\":{\"@id\":\"https:\\\/\\\/ess-villars.ch\\\/fr\\\/#\\\/schema\\\/logo\\\/image\\\/\"}},{\"@type\":\"Person\",\"@id\":\"https:\\\/\\\/ess-villars.ch\\\/fr\\\/#\\\/schema\\\/person\\\/0f30ecd734c125feb7718cb834b17b33\",\"name\":\"Admin_ess_1234\",\"image\":{\"@type\":\"ImageObject\",\"inLanguage\":\"fr-FR\",\"@id\":\"https:\\\/\\\/secure.gravatar.com\\\/avatar\\\/5fa0ab8129cd20f0a7834bfabb7e7a1558862e46633c891c431236a50cc39ab9?s=96&d=mm&r=g\",\"url\":\"https:\\\/\\\/secure.gravatar.com\\\/avatar\\\/5fa0ab8129cd20f0a7834bfabb7e7a1558862e46633c891c431236a50cc39ab9?s=96&d=mm&r=g\",\"contentUrl\":\"https:\\\/\\\/secure.gravatar.com\\\/avatar\\\/5fa0ab8129cd20f0a7834bfabb7e7a1558862e46633c891c431236a50cc39ab9?s=96&d=mm&r=g\",\"caption\":\"Admin_ess_1234\"},\"sameAs\":[\"https:\\\/\\\/ess-villars.ch\"]}]}<\/script>\n<!-- \/ Yoast SEO plugin. -->","yoast_head_json":{"title":"Episode 12: Les ann\u00e9es 70' - ESS Villars","description":"Les ann\u00e9es 70' En 1972 \u00e0 Sapporo, Bernhard Russi et Roland Collombin signent un doubl\u00e9 m\u00e9morable lors de la descente olymp...","robots":{"index":"index","follow":"follow","max-snippet":"max-snippet:-1","max-image-preview":"max-image-preview:large","max-video-preview":"max-video-preview:-1"},"canonical":"https:\/\/ess-villars.ch\/fr\/blogs\/item\/2549-episode-12-les-annees-70\/","og_locale":"fr_FR","og_type":"article","og_title":"Episode 12: Les ann\u00e9es 70' - ESS Villars","og_description":"Les ann\u00e9es 70' En 1972 \u00e0 Sapporo, Bernhard Russi et Roland Collombin signent un doubl\u00e9 m\u00e9morable lors de la descente olymp...","og_url":"https:\/\/ess-villars.ch\/fr\/blogs\/item\/2549-episode-12-les-annees-70","og_site_name":"ESS Villars","article_published_time":"2023-08-30T14:49:45+00:00","article_modified_time":"2025-09-25T10:24:04+00:00","og_image":[{"width":2560,"height":1909,"url":"https:\/\/ess-villars.ch\/wp-content\/uploads\/2023\/08\/page-31-scaled.jpg","type":"image\/jpeg"}],"author":"Admin_ess_1234","twitter_card":"summary_large_image","twitter_misc":{"\u00c9crit par":"Admin_ess_1234","Dur\u00e9e de lecture estim\u00e9e":"4 minutes"},"schema":{"@context":"https:\/\/schema.org","@graph":[{"@type":"Article","@id":"https:\/\/ess-villars.ch\/fr\/blogs\/item\/2549-episode-12-les-annees-70#article","isPartOf":{"@id":"https:\/\/ess-villars.ch\/fr\/blogs\/item\/2549-episode-12-les-annees-70"},"author":{"name":"Admin_ess_1234","@id":"https:\/\/ess-villars.ch\/fr\/#\/schema\/person\/0f30ecd734c125feb7718cb834b17b33"},"headline":"Episode 12: Les ann\u00e9es 70&prime;","datePublished":"2023-08-30T14:49:45+00:00","dateModified":"2025-09-25T10:24:04+00:00","mainEntityOfPage":{"@id":"https:\/\/ess-villars.ch\/fr\/blogs\/item\/2549-episode-12-les-annees-70"},"wordCount":549,"commentCount":0,"publisher":{"@id":"https:\/\/ess-villars.ch\/fr\/#organization"},"image":{"@id":"https:\/\/ess-villars.ch\/fr\/blogs\/item\/2549-episode-12-les-annees-70#primaryimage"},"thumbnailUrl":"https:\/\/ess-villars.ch\/wp-content\/uploads\/2023\/08\/page-31-scaled.jpg","articleSection":["Histoire"],"inLanguage":"fr-FR","potentialAction":[{"@type":"CommentAction","name":"Comment","target":["https:\/\/ess-villars.ch\/fr\/blogs\/item\/2549-episode-12-les-annees-70#respond"]}]},{"@type":"WebPage","@id":"https:\/\/ess-villars.ch\/fr\/blogs\/item\/2549-episode-12-les-annees-70","url":"https:\/\/ess-villars.ch\/fr\/blogs\/item\/2549-episode-12-les-annees-70","name":"Episode 12: Les ann\u00e9es 70' - ESS Villars","isPartOf":{"@id":"https:\/\/ess-villars.ch\/fr\/#website"},"primaryImageOfPage":{"@id":"https:\/\/ess-villars.ch\/fr\/blogs\/item\/2549-episode-12-les-annees-70#primaryimage"},"image":{"@id":"https:\/\/ess-villars.ch\/fr\/blogs\/item\/2549-episode-12-les-annees-70#primaryimage"},"thumbnailUrl":"https:\/\/ess-villars.ch\/wp-content\/uploads\/2023\/08\/page-31-scaled.jpg","datePublished":"2023-08-30T14:49:45+00:00","dateModified":"2025-09-25T10:24:04+00:00","description":"Les ann\u00e9es 70' En 1972 \u00e0 Sapporo, Bernhard Russi et Roland Collombin signent un doubl\u00e9 m\u00e9morable lors de la descente olymp...","breadcrumb":{"@id":"https:\/\/ess-villars.ch\/fr\/blogs\/item\/2549-episode-12-les-annees-70#breadcrumb"},"inLanguage":"fr-FR","potentialAction":[{"@type":"ReadAction","target":["https:\/\/ess-villars.ch\/fr\/blogs\/item\/2549-episode-12-les-annees-70"]}]},{"@type":"ImageObject","inLanguage":"fr-FR","@id":"https:\/\/ess-villars.ch\/fr\/blogs\/item\/2549-episode-12-les-annees-70#primaryimage","url":"https:\/\/ess-villars.ch\/wp-content\/uploads\/2023\/08\/page-31-scaled.jpg","contentUrl":"https:\/\/ess-villars.ch\/wp-content\/uploads\/2023\/08\/page-31-scaled.jpg","width":2560,"height":1909},{"@type":"BreadcrumbList","@id":"https:\/\/ess-villars.ch\/fr\/blogs\/item\/2549-episode-12-les-annees-70#breadcrumb","itemListElement":[{"@type":"ListItem","position":1,"name":"Home","item":"https:\/\/ess-villars.ch\/fr\/"},{"@type":"ListItem","position":2,"name":"Episode 12: Les ann\u00e9es 70&prime;"}]},{"@type":"WebSite","@id":"https:\/\/ess-villars.ch\/fr\/#website","url":"https:\/\/ess-villars.ch\/fr\/","name":"ESS Villars","description":"Join the red legend !","publisher":{"@id":"https:\/\/ess-villars.ch\/fr\/#organization"},"potentialAction":[{"@type":"SearchAction","target":{"@type":"EntryPoint","urlTemplate":"https:\/\/ess-villars.ch\/fr\/?s={search_term_string}"},"query-input":{"@type":"PropertyValueSpecification","valueRequired":true,"valueName":"search_term_string"}}],"inLanguage":"fr-FR"},{"@type":"Organization","@id":"https:\/\/ess-villars.ch\/fr\/#organization","name":"ESS Villars","url":"https:\/\/ess-villars.ch\/fr\/","logo":{"@type":"ImageObject","inLanguage":"fr-FR","@id":"https:\/\/ess-villars.ch\/fr\/#\/schema\/logo\/image\/","url":"https:\/\/ess-villars.ch\/wp-content\/uploads\/2023\/08\/ESS_Villars_logo_png.png","contentUrl":"https:\/\/ess-villars.ch\/wp-content\/uploads\/2023\/08\/ESS_Villars_logo_png.png","width":1181,"height":1181,"caption":"ESS Villars"},"image":{"@id":"https:\/\/ess-villars.ch\/fr\/#\/schema\/logo\/image\/"}},{"@type":"Person","@id":"https:\/\/ess-villars.ch\/fr\/#\/schema\/person\/0f30ecd734c125feb7718cb834b17b33","name":"Admin_ess_1234","image":{"@type":"ImageObject","inLanguage":"fr-FR","@id":"https:\/\/secure.gravatar.com\/avatar\/5fa0ab8129cd20f0a7834bfabb7e7a1558862e46633c891c431236a50cc39ab9?s=96&d=mm&r=g","url":"https:\/\/secure.gravatar.com\/avatar\/5fa0ab8129cd20f0a7834bfabb7e7a1558862e46633c891c431236a50cc39ab9?s=96&d=mm&r=g","contentUrl":"https:\/\/secure.gravatar.com\/avatar\/5fa0ab8129cd20f0a7834bfabb7e7a1558862e46633c891c431236a50cc39ab9?s=96&d=mm&r=g","caption":"Admin_ess_1234"},"sameAs":["https:\/\/ess-villars.ch"]}]}},"_links":{"self":[{"href":"https:\/\/ess-villars.ch\/fr\/wp-json\/wp\/v2\/posts\/29614","targetHints":{"allow":["GET"]}}],"collection":[{"href":"https:\/\/ess-villars.ch\/fr\/wp-json\/wp\/v2\/posts"}],"about":[{"href":"https:\/\/ess-villars.ch\/fr\/wp-json\/wp\/v2\/types\/post"}],"author":[{"embeddable":true,"href":"https:\/\/ess-villars.ch\/fr\/wp-json\/wp\/v2\/users\/1"}],"replies":[{"embeddable":true,"href":"https:\/\/ess-villars.ch\/fr\/wp-json\/wp\/v2\/comments?post=29614"}],"version-history":[{"count":1,"href":"https:\/\/ess-villars.ch\/fr\/wp-json\/wp\/v2\/posts\/29614\/revisions"}],"predecessor-version":[{"id":29619,"href":"https:\/\/ess-villars.ch\/fr\/wp-json\/wp\/v2\/posts\/29614\/revisions\/29619"}],"wp:featuredmedia":[{"embeddable":true,"href":"https:\/\/ess-villars.ch\/fr\/wp-json\/wp\/v2\/media\/29618"}],"wp:attachment":[{"href":"https:\/\/ess-villars.ch\/fr\/wp-json\/wp\/v2\/media?parent=29614"}],"wp:term":[{"taxonomy":"category","embeddable":true,"href":"https:\/\/ess-villars.ch\/fr\/wp-json\/wp\/v2\/categories?post=29614"},{"taxonomy":"post_tag","embeddable":true,"href":"https:\/\/ess-villars.ch\/fr\/wp-json\/wp\/v2\/tags?post=29614"}],"curies":[{"name":"wp","href":"https:\/\/api.w.org\/{rel}","templated":true}]}}