{"id":29608,"date":"2023-08-30T16:48:49","date_gmt":"2023-08-30T14:48:49","guid":{"rendered":"https:\/\/hebergement2.ch\/?p=29608"},"modified":"2025-09-25T12:23:53","modified_gmt":"2025-09-25T10:23:53","slug":"les-instituts-et-ecoles","status":"publish","type":"post","link":"https:\/\/ess-villars.ch\/fr\/blogs\/item\/2551-episode-13-les-instituts-et-ecoles","title":{"rendered":"Episode 13: Les Instituts et \u00e9coles"},"content":{"rendered":"<h2>Les Instituts et \u00e9coles<\/h2>\n<p>De tous temps, l\u2019Ecole Suisse de Ski a pu compter sur une collaboration avec les diff\u00e9rents homes et instituts pour enfants du plateau de Villars.<\/p>\n<p>Dans un premier temps, les \u00e9tablissements disposaient le plus souvent de leurs propres moniteurs et ne recourraient que ponctuellement aux services de l\u2019ESS, pour des remplacements ou des le\u00e7ons particuli\u00e8res. En revanche, tous venaient \u00e0 l\u2019ESS en \ufb01n de saison a\ufb01n de faire passer les tests \u00e0 leurs pensionnaires.<\/p>\n<p>Les ann\u00e9es 60 voient certaines homes, comme \u00ab La Printani\u00e8re \u00bb,\u00a0\u00a0 \u00ab Les Mioches \u00bb\u00a0\u00a0 ou \u00ab La Harpe \u00bb faire appel plus syst\u00e9matiquement aux moniteurs de l\u2019ESS.<\/p>\n<p>La plupart des \u00ab enfants \u00bb de Villars-Chesi\u00e8res ont connu \u00ab Le Nid \u00bb\u00a0\u00a0 de Mademoiselle Georgette. Celle-ci les emmenait prendre des cours de ski aux Renardeaux ou au Palace avec notamment Jeannette Roud et Lucette Ravel.<\/p>\n<p><img fetchpriority=\"high\" decoding=\"async\" class=\"aligncenter size-large wp-image-29610\" src=\"https:\/\/ess-villars.ch\/wp-content\/uploads\/2023\/08\/IMG-4-1024x736.jpg\" alt=\"\" width=\"800\" height=\"575\" srcset=\"https:\/\/ess-villars.ch\/wp-content\/uploads\/2023\/08\/IMG-4-1024x736.jpg 1024w, https:\/\/ess-villars.ch\/wp-content\/uploads\/2023\/08\/IMG-4-300x216.jpg 300w, https:\/\/ess-villars.ch\/wp-content\/uploads\/2023\/08\/IMG-4-768x552.jpg 768w, https:\/\/ess-villars.ch\/wp-content\/uploads\/2023\/08\/IMG-4-1536x1105.jpg 1536w, https:\/\/ess-villars.ch\/wp-content\/uploads\/2023\/08\/IMG-4.jpg 1602w\" sizes=\"(max-width: 800px) 100vw, 800px\" \/><\/p>\n<p>Dans les ann\u00e9es 60 d\u00e9j\u00e0, \u00ab Aiglon Coll\u00e8ge \u00bb recourt aux moniteurs de ski pour encadrer son \u00e9quipe de comp\u00e9tition. D\u2019autres pensionnats viennent prendre des le\u00e7ons depuis Montreux, Lausanne ou la C\u00f4te.<\/p>\n<p><img decoding=\"async\" class=\"aligncenter size-full wp-image-29611\" src=\"https:\/\/ess-villars.ch\/wp-content\/uploads\/2023\/08\/page-34.2.jpg\" alt=\"\" width=\"888\" height=\"648\" srcset=\"https:\/\/ess-villars.ch\/wp-content\/uploads\/2023\/08\/page-34.2.jpg 888w, https:\/\/ess-villars.ch\/wp-content\/uploads\/2023\/08\/page-34.2-300x219.jpg 300w, https:\/\/ess-villars.ch\/wp-content\/uploads\/2023\/08\/page-34.2-768x560.jpg 768w\" sizes=\"(max-width: 888px) 100vw, 888px\" \/><\/p>\n<p>Dans les ann\u00e9es 2000 \u00ab Aiglon Coll\u00e8ge \u00bb, \u00ab Beau Soleil \u00bb et \u00ab La Garenne \u00bb sont d\u2019importants et fid\u00e8les partenaires de l\u2019Ecole Suisse de Ski. Du d\u00e9butant au comp\u00e9titeur, les jeunes skieurs, snowboaders et freestylers sont encadr\u00e9s par les moniteurs de l\u2019ESS. Ces instituts occupent chaque hiver une douzaine de professeurs ainsi que des guides de montagne qui, \u00e0 peau de phoque, les emm\u00e8nent sur les sommets.<\/p>\n<p>Plus r\u00e9cemment, ce sont les \u00e9coles publiques d\u2019Aigle, d\u2019Ollon de Villars et l&rsquo;\u00e9cole internationale de Pr\u00e9 Fleuri qui font con\ufb01ance \u00e0 l\u2019Ecole Suisse de Ski.<\/p>\n<p><img decoding=\"async\" class=\"aligncenter size-large wp-image-29609\" src=\"https:\/\/ess-villars.ch\/wp-content\/uploads\/2023\/08\/IMG_0048-1-1-1024x726.jpg\" alt=\"\" width=\"800\" height=\"567\" srcset=\"https:\/\/ess-villars.ch\/wp-content\/uploads\/2023\/08\/IMG_0048-1-1-1024x726.jpg 1024w, https:\/\/ess-villars.ch\/wp-content\/uploads\/2023\/08\/IMG_0048-1-1-300x213.jpg 300w, https:\/\/ess-villars.ch\/wp-content\/uploads\/2023\/08\/IMG_0048-1-1-768x545.jpg 768w, https:\/\/ess-villars.ch\/wp-content\/uploads\/2023\/08\/IMG_0048-1-1-1536x1089.jpg 1536w, https:\/\/ess-villars.ch\/wp-content\/uploads\/2023\/08\/IMG_0048-1-1-2048x1452.jpg 2048w\" sizes=\"(max-width: 800px) 100vw, 800px\" \/><\/p>\n","protected":false},"excerpt":{"rendered":"<p>Les Instituts et \u00e9coles De tous temps, l\u2019Ecole Suisse de Ski a pu compter sur une collaboration avec les diff\u00e9rents homes et instituts pour enfants du plateau de Villars. Dans un premier temps, les \u00e9tablissements disposaient le plus souvent de leurs propres moniteurs et ne recourraient que ponctuellement aux services de l\u2019ESS, pour des remplacements [&hellip;]<\/p>\n","protected":false},"author":1,"featured_media":29611,"comment_status":"open","ping_status":"open","sticky":false,"template":"","format":"standard","meta":{"_acf_changed":false,"footnotes":""},"categories":[9],"tags":[],"class_list":["post-29608","post","type-post","status-publish","format-standard","has-post-thumbnail","hentry","category-histoire"],"acf":[],"yoast_head":"<!-- This site is optimized with the Yoast SEO plugin v27.5 - https:\/\/yoast.com\/product\/yoast-seo-wordpress\/ -->\n<title>Episode 13: Les Instituts et \u00e9coles - ESS Villars<\/title>\n<meta name=\"description\" content=\"Les Instituts et \u00e9coles De tous temps, l\u2019Ecole Suisse de Ski a pu compter sur une collaboration avec les diff\u00e9rents homes e...\" \/>\n<meta name=\"robots\" content=\"index, follow, max-snippet:-1, max-image-preview:large, max-video-preview:-1\" \/>\n<link rel=\"canonical\" href=\"https:\/\/ess-villars.ch\/fr\/blogs\/item\/2551-episode-13-les-instituts-et-ecoles\/\" \/>\n<meta property=\"og:locale\" content=\"fr_FR\" \/>\n<meta property=\"og:type\" content=\"article\" \/>\n<meta property=\"og:title\" content=\"Episode 13: Les Instituts et \u00e9coles - ESS Villars\" \/>\n<meta property=\"og:description\" content=\"Les Instituts et \u00e9coles De tous temps, l\u2019Ecole Suisse de Ski a pu compter sur une collaboration avec les diff\u00e9rents homes e...\" \/>\n<meta property=\"og:url\" content=\"https:\/\/ess-villars.ch\/fr\/blogs\/item\/2551-episode-13-les-instituts-et-ecoles\" \/>\n<meta property=\"og:site_name\" content=\"ESS Villars\" \/>\n<meta property=\"article:published_time\" content=\"2023-08-30T14:48:49+00:00\" \/>\n<meta property=\"article:modified_time\" content=\"2025-09-25T10:23:53+00:00\" \/>\n<meta property=\"og:image\" content=\"https:\/\/ess-villars.ch\/wp-content\/uploads\/2023\/08\/page-34.2.jpg\" \/>\n\t<meta property=\"og:image:width\" content=\"888\" \/>\n\t<meta property=\"og:image:height\" content=\"648\" \/>\n\t<meta property=\"og:image:type\" content=\"image\/jpeg\" \/>\n<meta name=\"author\" content=\"Admin_ess_1234\" \/>\n<meta name=\"twitter:card\" content=\"summary_large_image\" \/>\n<meta name=\"twitter:label1\" content=\"\u00c9crit par\" \/>\n\t<meta name=\"twitter:data1\" content=\"Admin_ess_1234\" \/>\n\t<meta name=\"twitter:label2\" content=\"Dur\u00e9e de lecture estim\u00e9e\" \/>\n\t<meta name=\"twitter:data2\" content=\"3 minutes\" \/>\n<script type=\"application\/ld+json\" class=\"yoast-schema-graph\">{\"@context\":\"https:\\\/\\\/schema.org\",\"@graph\":[{\"@type\":\"Article\",\"@id\":\"https:\\\/\\\/ess-villars.ch\\\/fr\\\/blogs\\\/item\\\/2551-episode-13-les-instituts-et-ecoles#article\",\"isPartOf\":{\"@id\":\"https:\\\/\\\/ess-villars.ch\\\/fr\\\/blogs\\\/item\\\/2551-episode-13-les-instituts-et-ecoles\"},\"author\":{\"name\":\"Admin_ess_1234\",\"@id\":\"https:\\\/\\\/ess-villars.ch\\\/fr\\\/#\\\/schema\\\/person\\\/0f30ecd734c125feb7718cb834b17b33\"},\"headline\":\"Episode 13: Les Instituts et \u00e9coles\",\"datePublished\":\"2023-08-30T14:48:49+00:00\",\"dateModified\":\"2025-09-25T10:23:53+00:00\",\"mainEntityOfPage\":{\"@id\":\"https:\\\/\\\/ess-villars.ch\\\/fr\\\/blogs\\\/item\\\/2551-episode-13-les-instituts-et-ecoles\"},\"wordCount\":284,\"commentCount\":0,\"publisher\":{\"@id\":\"https:\\\/\\\/ess-villars.ch\\\/fr\\\/#organization\"},\"image\":{\"@id\":\"https:\\\/\\\/ess-villars.ch\\\/fr\\\/blogs\\\/item\\\/2551-episode-13-les-instituts-et-ecoles#primaryimage\"},\"thumbnailUrl\":\"https:\\\/\\\/ess-villars.ch\\\/wp-content\\\/uploads\\\/2023\\\/08\\\/page-34.2.jpg\",\"articleSection\":[\"Histoire\"],\"inLanguage\":\"fr-FR\",\"potentialAction\":[{\"@type\":\"CommentAction\",\"name\":\"Comment\",\"target\":[\"https:\\\/\\\/ess-villars.ch\\\/fr\\\/blogs\\\/item\\\/2551-episode-13-les-instituts-et-ecoles#respond\"]}]},{\"@type\":\"WebPage\",\"@id\":\"https:\\\/\\\/ess-villars.ch\\\/fr\\\/blogs\\\/item\\\/2551-episode-13-les-instituts-et-ecoles\",\"url\":\"https:\\\/\\\/ess-villars.ch\\\/fr\\\/blogs\\\/item\\\/2551-episode-13-les-instituts-et-ecoles\",\"name\":\"Episode 13: Les Instituts et \u00e9coles - ESS Villars\",\"isPartOf\":{\"@id\":\"https:\\\/\\\/ess-villars.ch\\\/fr\\\/#website\"},\"primaryImageOfPage\":{\"@id\":\"https:\\\/\\\/ess-villars.ch\\\/fr\\\/blogs\\\/item\\\/2551-episode-13-les-instituts-et-ecoles#primaryimage\"},\"image\":{\"@id\":\"https:\\\/\\\/ess-villars.ch\\\/fr\\\/blogs\\\/item\\\/2551-episode-13-les-instituts-et-ecoles#primaryimage\"},\"thumbnailUrl\":\"https:\\\/\\\/ess-villars.ch\\\/wp-content\\\/uploads\\\/2023\\\/08\\\/page-34.2.jpg\",\"datePublished\":\"2023-08-30T14:48:49+00:00\",\"dateModified\":\"2025-09-25T10:23:53+00:00\",\"description\":\"Les Instituts et \u00e9coles De tous temps, l\u2019Ecole Suisse de Ski a pu compter sur une collaboration avec les diff\u00e9rents homes e...\",\"breadcrumb\":{\"@id\":\"https:\\\/\\\/ess-villars.ch\\\/fr\\\/blogs\\\/item\\\/2551-episode-13-les-instituts-et-ecoles#breadcrumb\"},\"inLanguage\":\"fr-FR\",\"potentialAction\":[{\"@type\":\"ReadAction\",\"target\":[\"https:\\\/\\\/ess-villars.ch\\\/fr\\\/blogs\\\/item\\\/2551-episode-13-les-instituts-et-ecoles\"]}]},{\"@type\":\"ImageObject\",\"inLanguage\":\"fr-FR\",\"@id\":\"https:\\\/\\\/ess-villars.ch\\\/fr\\\/blogs\\\/item\\\/2551-episode-13-les-instituts-et-ecoles#primaryimage\",\"url\":\"https:\\\/\\\/ess-villars.ch\\\/wp-content\\\/uploads\\\/2023\\\/08\\\/page-34.2.jpg\",\"contentUrl\":\"https:\\\/\\\/ess-villars.ch\\\/wp-content\\\/uploads\\\/2023\\\/08\\\/page-34.2.jpg\",\"width\":888,\"height\":648},{\"@type\":\"BreadcrumbList\",\"@id\":\"https:\\\/\\\/ess-villars.ch\\\/fr\\\/blogs\\\/item\\\/2551-episode-13-les-instituts-et-ecoles#breadcrumb\",\"itemListElement\":[{\"@type\":\"ListItem\",\"position\":1,\"name\":\"Home\",\"item\":\"https:\\\/\\\/ess-villars.ch\\\/fr\\\/\"},{\"@type\":\"ListItem\",\"position\":2,\"name\":\"Episode 13: Les Instituts et \u00e9coles\"}]},{\"@type\":\"WebSite\",\"@id\":\"https:\\\/\\\/ess-villars.ch\\\/fr\\\/#website\",\"url\":\"https:\\\/\\\/ess-villars.ch\\\/fr\\\/\",\"name\":\"ESS Villars\",\"description\":\"Join the red legend !\",\"publisher\":{\"@id\":\"https:\\\/\\\/ess-villars.ch\\\/fr\\\/#organization\"},\"potentialAction\":[{\"@type\":\"SearchAction\",\"target\":{\"@type\":\"EntryPoint\",\"urlTemplate\":\"https:\\\/\\\/ess-villars.ch\\\/fr\\\/?s={search_term_string}\"},\"query-input\":{\"@type\":\"PropertyValueSpecification\",\"valueRequired\":true,\"valueName\":\"search_term_string\"}}],\"inLanguage\":\"fr-FR\"},{\"@type\":\"Organization\",\"@id\":\"https:\\\/\\\/ess-villars.ch\\\/fr\\\/#organization\",\"name\":\"ESS Villars\",\"url\":\"https:\\\/\\\/ess-villars.ch\\\/fr\\\/\",\"logo\":{\"@type\":\"ImageObject\",\"inLanguage\":\"fr-FR\",\"@id\":\"https:\\\/\\\/ess-villars.ch\\\/fr\\\/#\\\/schema\\\/logo\\\/image\\\/\",\"url\":\"https:\\\/\\\/ess-villars.ch\\\/wp-content\\\/uploads\\\/2023\\\/08\\\/ESS_Villars_logo_png.png\",\"contentUrl\":\"https:\\\/\\\/ess-villars.ch\\\/wp-content\\\/uploads\\\/2023\\\/08\\\/ESS_Villars_logo_png.png\",\"width\":1181,\"height\":1181,\"caption\":\"ESS Villars\"},\"image\":{\"@id\":\"https:\\\/\\\/ess-villars.ch\\\/fr\\\/#\\\/schema\\\/logo\\\/image\\\/\"}},{\"@type\":\"Person\",\"@id\":\"https:\\\/\\\/ess-villars.ch\\\/fr\\\/#\\\/schema\\\/person\\\/0f30ecd734c125feb7718cb834b17b33\",\"name\":\"Admin_ess_1234\",\"image\":{\"@type\":\"ImageObject\",\"inLanguage\":\"fr-FR\",\"@id\":\"https:\\\/\\\/secure.gravatar.com\\\/avatar\\\/5fa0ab8129cd20f0a7834bfabb7e7a1558862e46633c891c431236a50cc39ab9?s=96&d=mm&r=g\",\"url\":\"https:\\\/\\\/secure.gravatar.com\\\/avatar\\\/5fa0ab8129cd20f0a7834bfabb7e7a1558862e46633c891c431236a50cc39ab9?s=96&d=mm&r=g\",\"contentUrl\":\"https:\\\/\\\/secure.gravatar.com\\\/avatar\\\/5fa0ab8129cd20f0a7834bfabb7e7a1558862e46633c891c431236a50cc39ab9?s=96&d=mm&r=g\",\"caption\":\"Admin_ess_1234\"},\"sameAs\":[\"https:\\\/\\\/ess-villars.ch\"]}]}<\/script>\n<!-- \/ Yoast SEO plugin. -->","yoast_head_json":{"title":"Episode 13: Les Instituts et \u00e9coles - ESS Villars","description":"Les Instituts et \u00e9coles De tous temps, l\u2019Ecole Suisse de Ski a pu compter sur une collaboration avec les diff\u00e9rents homes e...","robots":{"index":"index","follow":"follow","max-snippet":"max-snippet:-1","max-image-preview":"max-image-preview:large","max-video-preview":"max-video-preview:-1"},"canonical":"https:\/\/ess-villars.ch\/fr\/blogs\/item\/2551-episode-13-les-instituts-et-ecoles\/","og_locale":"fr_FR","og_type":"article","og_title":"Episode 13: Les Instituts et \u00e9coles - ESS Villars","og_description":"Les Instituts et \u00e9coles De tous temps, l\u2019Ecole Suisse de Ski a pu compter sur une collaboration avec les diff\u00e9rents homes e...","og_url":"https:\/\/ess-villars.ch\/fr\/blogs\/item\/2551-episode-13-les-instituts-et-ecoles","og_site_name":"ESS Villars","article_published_time":"2023-08-30T14:48:49+00:00","article_modified_time":"2025-09-25T10:23:53+00:00","og_image":[{"width":888,"height":648,"url":"https:\/\/ess-villars.ch\/wp-content\/uploads\/2023\/08\/page-34.2.jpg","type":"image\/jpeg"}],"author":"Admin_ess_1234","twitter_card":"summary_large_image","twitter_misc":{"\u00c9crit par":"Admin_ess_1234","Dur\u00e9e de lecture estim\u00e9e":"3 minutes"},"schema":{"@context":"https:\/\/schema.org","@graph":[{"@type":"Article","@id":"https:\/\/ess-villars.ch\/fr\/blogs\/item\/2551-episode-13-les-instituts-et-ecoles#article","isPartOf":{"@id":"https:\/\/ess-villars.ch\/fr\/blogs\/item\/2551-episode-13-les-instituts-et-ecoles"},"author":{"name":"Admin_ess_1234","@id":"https:\/\/ess-villars.ch\/fr\/#\/schema\/person\/0f30ecd734c125feb7718cb834b17b33"},"headline":"Episode 13: Les Instituts et \u00e9coles","datePublished":"2023-08-30T14:48:49+00:00","dateModified":"2025-09-25T10:23:53+00:00","mainEntityOfPage":{"@id":"https:\/\/ess-villars.ch\/fr\/blogs\/item\/2551-episode-13-les-instituts-et-ecoles"},"wordCount":284,"commentCount":0,"publisher":{"@id":"https:\/\/ess-villars.ch\/fr\/#organization"},"image":{"@id":"https:\/\/ess-villars.ch\/fr\/blogs\/item\/2551-episode-13-les-instituts-et-ecoles#primaryimage"},"thumbnailUrl":"https:\/\/ess-villars.ch\/wp-content\/uploads\/2023\/08\/page-34.2.jpg","articleSection":["Histoire"],"inLanguage":"fr-FR","potentialAction":[{"@type":"CommentAction","name":"Comment","target":["https:\/\/ess-villars.ch\/fr\/blogs\/item\/2551-episode-13-les-instituts-et-ecoles#respond"]}]},{"@type":"WebPage","@id":"https:\/\/ess-villars.ch\/fr\/blogs\/item\/2551-episode-13-les-instituts-et-ecoles","url":"https:\/\/ess-villars.ch\/fr\/blogs\/item\/2551-episode-13-les-instituts-et-ecoles","name":"Episode 13: Les Instituts et \u00e9coles - ESS Villars","isPartOf":{"@id":"https:\/\/ess-villars.ch\/fr\/#website"},"primaryImageOfPage":{"@id":"https:\/\/ess-villars.ch\/fr\/blogs\/item\/2551-episode-13-les-instituts-et-ecoles#primaryimage"},"image":{"@id":"https:\/\/ess-villars.ch\/fr\/blogs\/item\/2551-episode-13-les-instituts-et-ecoles#primaryimage"},"thumbnailUrl":"https:\/\/ess-villars.ch\/wp-content\/uploads\/2023\/08\/page-34.2.jpg","datePublished":"2023-08-30T14:48:49+00:00","dateModified":"2025-09-25T10:23:53+00:00","description":"Les Instituts et \u00e9coles De tous temps, l\u2019Ecole Suisse de Ski a pu compter sur une collaboration avec les diff\u00e9rents homes e...","breadcrumb":{"@id":"https:\/\/ess-villars.ch\/fr\/blogs\/item\/2551-episode-13-les-instituts-et-ecoles#breadcrumb"},"inLanguage":"fr-FR","potentialAction":[{"@type":"ReadAction","target":["https:\/\/ess-villars.ch\/fr\/blogs\/item\/2551-episode-13-les-instituts-et-ecoles"]}]},{"@type":"ImageObject","inLanguage":"fr-FR","@id":"https:\/\/ess-villars.ch\/fr\/blogs\/item\/2551-episode-13-les-instituts-et-ecoles#primaryimage","url":"https:\/\/ess-villars.ch\/wp-content\/uploads\/2023\/08\/page-34.2.jpg","contentUrl":"https:\/\/ess-villars.ch\/wp-content\/uploads\/2023\/08\/page-34.2.jpg","width":888,"height":648},{"@type":"BreadcrumbList","@id":"https:\/\/ess-villars.ch\/fr\/blogs\/item\/2551-episode-13-les-instituts-et-ecoles#breadcrumb","itemListElement":[{"@type":"ListItem","position":1,"name":"Home","item":"https:\/\/ess-villars.ch\/fr\/"},{"@type":"ListItem","position":2,"name":"Episode 13: Les Instituts et \u00e9coles"}]},{"@type":"WebSite","@id":"https:\/\/ess-villars.ch\/fr\/#website","url":"https:\/\/ess-villars.ch\/fr\/","name":"ESS Villars","description":"Join the red legend !","publisher":{"@id":"https:\/\/ess-villars.ch\/fr\/#organization"},"potentialAction":[{"@type":"SearchAction","target":{"@type":"EntryPoint","urlTemplate":"https:\/\/ess-villars.ch\/fr\/?s={search_term_string}"},"query-input":{"@type":"PropertyValueSpecification","valueRequired":true,"valueName":"search_term_string"}}],"inLanguage":"fr-FR"},{"@type":"Organization","@id":"https:\/\/ess-villars.ch\/fr\/#organization","name":"ESS Villars","url":"https:\/\/ess-villars.ch\/fr\/","logo":{"@type":"ImageObject","inLanguage":"fr-FR","@id":"https:\/\/ess-villars.ch\/fr\/#\/schema\/logo\/image\/","url":"https:\/\/ess-villars.ch\/wp-content\/uploads\/2023\/08\/ESS_Villars_logo_png.png","contentUrl":"https:\/\/ess-villars.ch\/wp-content\/uploads\/2023\/08\/ESS_Villars_logo_png.png","width":1181,"height":1181,"caption":"ESS Villars"},"image":{"@id":"https:\/\/ess-villars.ch\/fr\/#\/schema\/logo\/image\/"}},{"@type":"Person","@id":"https:\/\/ess-villars.ch\/fr\/#\/schema\/person\/0f30ecd734c125feb7718cb834b17b33","name":"Admin_ess_1234","image":{"@type":"ImageObject","inLanguage":"fr-FR","@id":"https:\/\/secure.gravatar.com\/avatar\/5fa0ab8129cd20f0a7834bfabb7e7a1558862e46633c891c431236a50cc39ab9?s=96&d=mm&r=g","url":"https:\/\/secure.gravatar.com\/avatar\/5fa0ab8129cd20f0a7834bfabb7e7a1558862e46633c891c431236a50cc39ab9?s=96&d=mm&r=g","contentUrl":"https:\/\/secure.gravatar.com\/avatar\/5fa0ab8129cd20f0a7834bfabb7e7a1558862e46633c891c431236a50cc39ab9?s=96&d=mm&r=g","caption":"Admin_ess_1234"},"sameAs":["https:\/\/ess-villars.ch"]}]}},"_links":{"self":[{"href":"https:\/\/ess-villars.ch\/fr\/wp-json\/wp\/v2\/posts\/29608","targetHints":{"allow":["GET"]}}],"collection":[{"href":"https:\/\/ess-villars.ch\/fr\/wp-json\/wp\/v2\/posts"}],"about":[{"href":"https:\/\/ess-villars.ch\/fr\/wp-json\/wp\/v2\/types\/post"}],"author":[{"embeddable":true,"href":"https:\/\/ess-villars.ch\/fr\/wp-json\/wp\/v2\/users\/1"}],"replies":[{"embeddable":true,"href":"https:\/\/ess-villars.ch\/fr\/wp-json\/wp\/v2\/comments?post=29608"}],"version-history":[{"count":1,"href":"https:\/\/ess-villars.ch\/fr\/wp-json\/wp\/v2\/posts\/29608\/revisions"}],"predecessor-version":[{"id":29613,"href":"https:\/\/ess-villars.ch\/fr\/wp-json\/wp\/v2\/posts\/29608\/revisions\/29613"}],"wp:featuredmedia":[{"embeddable":true,"href":"https:\/\/ess-villars.ch\/fr\/wp-json\/wp\/v2\/media\/29611"}],"wp:attachment":[{"href":"https:\/\/ess-villars.ch\/fr\/wp-json\/wp\/v2\/media?parent=29608"}],"wp:term":[{"taxonomy":"category","embeddable":true,"href":"https:\/\/ess-villars.ch\/fr\/wp-json\/wp\/v2\/categories?post=29608"},{"taxonomy":"post_tag","embeddable":true,"href":"https:\/\/ess-villars.ch\/fr\/wp-json\/wp\/v2\/tags?post=29608"}],"curies":[{"name":"wp","href":"https:\/\/api.w.org\/{rel}","templated":true}]}}