{"id":29603,"date":"2023-08-30T16:47:50","date_gmt":"2023-08-30T14:47:50","guid":{"rendered":"https:\/\/hebergement2.ch\/?p=29603"},"modified":"2025-09-25T12:20:29","modified_gmt":"2025-09-25T10:20:29","slug":"les-annees-80","status":"publish","type":"post","link":"https:\/\/ess-villars.ch\/fr\/blogs\/item\/2552-episode-14-les-annees-80","title":{"rendered":"Episode 14: les ann\u00e9es 80&prime;"},"content":{"rendered":"<h2>les ann\u00e9es 80&prime;<\/h2>\n<div class=\"row-fluid\">\n<div class=\"span12\">\n<p>Si l\u2019industrie du ski est foisonnante, le mat\u00e9riel de ski ne conna\u00eetra pas d\u2019\u00e9volution majeure durant les ann\u00e9es 80. La grande innovation de la d\u00e9cennie est l\u2019apparition, dans les Alpes, du \u00ab surf des neiges \u00bb. Progressivement, le snowboard supplantera le monoski sur les pistes de ski.<br \/>\nUn vent \u00e9conomique favorable stimule \u00e0 nouveau l\u2019essor touristique. Une course effr\u00e9n\u00e9e s\u2019engage entre les stations de ski et les premiers canons \u00e0 neige font leur apparition.<\/p>\n<\/div>\n<\/div>\n<div class=\"row-fluid\">\n<div class=\"span6\">\n<p><img fetchpriority=\"high\" decoding=\"async\" class=\"aligncenter size-large wp-image-29606\" src=\"https:\/\/ess-villars.ch\/wp-content\/uploads\/2023\/08\/35-1024x694.jpg\" alt=\"\" width=\"800\" height=\"542\" srcset=\"https:\/\/ess-villars.ch\/wp-content\/uploads\/2023\/08\/35-1024x694.jpg 1024w, https:\/\/ess-villars.ch\/wp-content\/uploads\/2023\/08\/35-300x203.jpg 300w, https:\/\/ess-villars.ch\/wp-content\/uploads\/2023\/08\/35-768x520.jpg 768w, https:\/\/ess-villars.ch\/wp-content\/uploads\/2023\/08\/35-1536x1041.jpg 1536w, https:\/\/ess-villars.ch\/wp-content\/uploads\/2023\/08\/35-2048x1388.jpg 2048w\" sizes=\"(max-width: 800px) 100vw, 800px\" \/><\/p>\n<p>A Villars, on assiste \u00e0 un d\u00e9veloppement sans pr\u00e9c\u00e9dent de la para-h\u00f4tellerie ainsi qu\u2019\u00e0 une modernisation notable des infrastructures touristiques et des remont\u00e9es m\u00e9caniques. La construction des deux t\u00e9l\u00e9si\u00e8ges \u00ab La Rasse-Charmet \u00bb\u00a0\u00a0 et \u00ab Charmet \u2013 Chaux de Conches \u00bb permet d\u2019am\u00e9liorer consid\u00e9rablement la liaison avec le domaine de Gryon. Ces deux installations permettent \u00e9galement de rejoindre directement le domaine du Meilleret-Diablerets.<\/p>\n<p>Les ann\u00e9es 80\u00a0 verront l\u2019ESS de Villars poursuivre son d\u00e9veloppement tout en se professionnalisant. Pour assister le directeur, l\u2019\u00e9cole occupe d\u00e9sormais deux secr\u00e9taires qui renseignent les clients dans les bureaux de Bretaye et de Villars. Une jardini\u00e8re d\u2019enfants dipl\u00f4m\u00e9e \u0153uvre \u00e9galement \u00e0 la garderie. Michel Daetwyler quitte son poste sur une note glorieuse : L\u2019ESS Villars est sacr\u00e9e cham- pionne suisse des \u00e9coles de ski en 85. L\u2019hiver suivant, Gustave Chable reprend la direction d\u2019une structure forte d\u2019une quarantaine de moniteurs. Ce nombre double en p\u00e9riodes forte.<\/p>\n<\/div>\n<div class=\"span6\">\n<p>Durant ces ann\u00e9es, la plus grande \u00e9volution de l\u2019Ecole Suisse de Ski fut li\u00e9e \u00e0 l\u2019apparition du snowboard. Certains anciens n\u2019y voient qu\u2019une mode passag\u00e8re tandis que beaucoup de jeunes professeurs sont enthousiasm\u00e9s par cette nouvelle forme de glisse. Ils ne tardent pas \u00e0 se former, si bien qu\u2019en 1992, Alex Z\u2019Berg devient le premier titulaire d\u2019un brevet de snowboard \u00e0 l\u2019ESS Villars.<\/p>\n<p><img decoding=\"async\" class=\"aligncenter size-large wp-image-29605\" src=\"https:\/\/ess-villars.ch\/wp-content\/uploads\/2023\/08\/ESSSnowboardAZberg-1-1024x724.jpg\" alt=\"\" width=\"800\" height=\"566\" srcset=\"https:\/\/ess-villars.ch\/wp-content\/uploads\/2023\/08\/ESSSnowboardAZberg-1-1024x724.jpg 1024w, https:\/\/ess-villars.ch\/wp-content\/uploads\/2023\/08\/ESSSnowboardAZberg-1-300x212.jpg 300w, https:\/\/ess-villars.ch\/wp-content\/uploads\/2023\/08\/ESSSnowboardAZberg-1-768x543.jpg 768w, https:\/\/ess-villars.ch\/wp-content\/uploads\/2023\/08\/ESSSnowboardAZberg-1.jpg 1190w\" sizes=\"(max-width: 800px) 100vw, 800px\" \/><\/p>\n<p>La toute nouvelle garderie sur le site du Palace conna\u00eet un bel essor et l\u2019ESS \u00e9toffe son offre, en proposant notamment d\u00e8s 1980 les premiers \u00ab Swiss Ski Handicap \u00bb, concept national de comp\u00e9titions de ski ouvertes \u00e0 tous. Des stages de comp\u00e9tition et de ski acrobatique sont \u00e9galement propos\u00e9s. Le parapente fait son apparition dans le catalogue des prestations de l\u2019ESS, aux c\u00f4t\u00e9s du snowboard, du ski-bob et du monoski.<\/p>\n<p><img decoding=\"async\" class=\"aligncenter size-large wp-image-29604\" src=\"https:\/\/ess-villars.ch\/wp-content\/uploads\/2023\/08\/6-1024x441.jpg\" alt=\"\" width=\"800\" height=\"345\" srcset=\"https:\/\/ess-villars.ch\/wp-content\/uploads\/2023\/08\/6-1024x441.jpg 1024w, https:\/\/ess-villars.ch\/wp-content\/uploads\/2023\/08\/6-300x129.jpg 300w, https:\/\/ess-villars.ch\/wp-content\/uploads\/2023\/08\/6-768x331.jpg 768w, https:\/\/ess-villars.ch\/wp-content\/uploads\/2023\/08\/6-1536x661.jpg 1536w, https:\/\/ess-villars.ch\/wp-content\/uploads\/2023\/08\/6.jpg 1675w\" sizes=\"(max-width: 800px) 100vw, 800px\" \/><\/p>\n<\/div>\n<\/div>\n","protected":false},"excerpt":{"rendered":"<p>les ann\u00e9es 80&prime; Si l\u2019industrie du ski est foisonnante, le mat\u00e9riel de ski ne conna\u00eetra pas d\u2019\u00e9volution majeure durant les ann\u00e9es 80. La grande innovation de la d\u00e9cennie est l\u2019apparition, dans les Alpes, du \u00ab surf des neiges \u00bb. Progressivement, le snowboard supplantera le monoski sur les pistes de ski. Un vent \u00e9conomique favorable stimule [&hellip;]<\/p>\n","protected":false},"author":1,"featured_media":29606,"comment_status":"open","ping_status":"open","sticky":false,"template":"","format":"standard","meta":{"_acf_changed":false,"footnotes":""},"categories":[9],"tags":[],"class_list":["post-29603","post","type-post","status-publish","format-standard","has-post-thumbnail","hentry","category-histoire"],"acf":[],"yoast_head":"<!-- This site is optimized with the Yoast SEO plugin v27.5 - https:\/\/yoast.com\/product\/yoast-seo-wordpress\/ -->\n<title>Episode 14: les ann\u00e9es 80&#039; - ESS Villars<\/title>\n<meta name=\"description\" content=\"les ann\u00e9es 80&#039; Si l\u2019industrie du ski est foisonnante, le mat\u00e9riel de ski ne conna\u00eetra pas d\u2019\u00e9volution majeure d...\" \/>\n<meta name=\"robots\" content=\"index, follow, max-snippet:-1, max-image-preview:large, max-video-preview:-1\" \/>\n<link rel=\"canonical\" href=\"https:\/\/ess-villars.ch\/fr\/blogs\/item\/2552-episode-14-les-annees-80\/\" \/>\n<meta property=\"og:locale\" content=\"fr_FR\" \/>\n<meta property=\"og:type\" content=\"article\" \/>\n<meta property=\"og:title\" content=\"Episode 14: les ann\u00e9es 80&#039; - ESS Villars\" \/>\n<meta property=\"og:description\" content=\"les ann\u00e9es 80&#039; Si l\u2019industrie du ski est foisonnante, le mat\u00e9riel de ski ne conna\u00eetra pas d\u2019\u00e9volution majeure d...\" \/>\n<meta property=\"og:url\" content=\"https:\/\/ess-villars.ch\/fr\/blogs\/item\/2552-episode-14-les-annees-80\" \/>\n<meta property=\"og:site_name\" content=\"ESS Villars\" \/>\n<meta property=\"article:published_time\" content=\"2023-08-30T14:47:50+00:00\" \/>\n<meta property=\"article:modified_time\" content=\"2025-09-25T10:20:29+00:00\" \/>\n<meta property=\"og:image\" content=\"https:\/\/ess-villars.ch\/wp-content\/uploads\/2023\/08\/35.jpg\" \/>\n\t<meta property=\"og:image:width\" content=\"2184\" \/>\n\t<meta property=\"og:image:height\" content=\"1480\" \/>\n\t<meta property=\"og:image:type\" content=\"image\/jpeg\" \/>\n<meta name=\"author\" content=\"Admin_ess_1234\" \/>\n<meta name=\"twitter:card\" content=\"summary_large_image\" \/>\n<meta name=\"twitter:label1\" content=\"\u00c9crit par\" \/>\n\t<meta name=\"twitter:data1\" content=\"Admin_ess_1234\" \/>\n\t<meta name=\"twitter:label2\" content=\"Dur\u00e9e de lecture estim\u00e9e\" \/>\n\t<meta name=\"twitter:data2\" content=\"3 minutes\" \/>\n<script type=\"application\/ld+json\" class=\"yoast-schema-graph\">{\"@context\":\"https:\\\/\\\/schema.org\",\"@graph\":[{\"@type\":\"Article\",\"@id\":\"https:\\\/\\\/ess-villars.ch\\\/fr\\\/blogs\\\/item\\\/2552-episode-14-les-annees-80#article\",\"isPartOf\":{\"@id\":\"https:\\\/\\\/ess-villars.ch\\\/fr\\\/blogs\\\/item\\\/2552-episode-14-les-annees-80\"},\"author\":{\"name\":\"Admin_ess_1234\",\"@id\":\"https:\\\/\\\/ess-villars.ch\\\/fr\\\/#\\\/schema\\\/person\\\/0f30ecd734c125feb7718cb834b17b33\"},\"headline\":\"Episode 14: les ann\u00e9es 80&prime;\",\"datePublished\":\"2023-08-30T14:47:50+00:00\",\"dateModified\":\"2025-09-25T10:20:29+00:00\",\"mainEntityOfPage\":{\"@id\":\"https:\\\/\\\/ess-villars.ch\\\/fr\\\/blogs\\\/item\\\/2552-episode-14-les-annees-80\"},\"wordCount\":402,\"commentCount\":0,\"publisher\":{\"@id\":\"https:\\\/\\\/ess-villars.ch\\\/fr\\\/#organization\"},\"image\":{\"@id\":\"https:\\\/\\\/ess-villars.ch\\\/fr\\\/blogs\\\/item\\\/2552-episode-14-les-annees-80#primaryimage\"},\"thumbnailUrl\":\"https:\\\/\\\/ess-villars.ch\\\/wp-content\\\/uploads\\\/2023\\\/08\\\/35.jpg\",\"articleSection\":[\"Histoire\"],\"inLanguage\":\"fr-FR\",\"potentialAction\":[{\"@type\":\"CommentAction\",\"name\":\"Comment\",\"target\":[\"https:\\\/\\\/ess-villars.ch\\\/fr\\\/blogs\\\/item\\\/2552-episode-14-les-annees-80#respond\"]}]},{\"@type\":\"WebPage\",\"@id\":\"https:\\\/\\\/ess-villars.ch\\\/fr\\\/blogs\\\/item\\\/2552-episode-14-les-annees-80\",\"url\":\"https:\\\/\\\/ess-villars.ch\\\/fr\\\/blogs\\\/item\\\/2552-episode-14-les-annees-80\",\"name\":\"Episode 14: les ann\u00e9es 80' - ESS Villars\",\"isPartOf\":{\"@id\":\"https:\\\/\\\/ess-villars.ch\\\/fr\\\/#website\"},\"primaryImageOfPage\":{\"@id\":\"https:\\\/\\\/ess-villars.ch\\\/fr\\\/blogs\\\/item\\\/2552-episode-14-les-annees-80#primaryimage\"},\"image\":{\"@id\":\"https:\\\/\\\/ess-villars.ch\\\/fr\\\/blogs\\\/item\\\/2552-episode-14-les-annees-80#primaryimage\"},\"thumbnailUrl\":\"https:\\\/\\\/ess-villars.ch\\\/wp-content\\\/uploads\\\/2023\\\/08\\\/35.jpg\",\"datePublished\":\"2023-08-30T14:47:50+00:00\",\"dateModified\":\"2025-09-25T10:20:29+00:00\",\"description\":\"les ann\u00e9es 80' Si l\u2019industrie du ski est foisonnante, le mat\u00e9riel de ski ne conna\u00eetra pas d\u2019\u00e9volution majeure d...\",\"breadcrumb\":{\"@id\":\"https:\\\/\\\/ess-villars.ch\\\/fr\\\/blogs\\\/item\\\/2552-episode-14-les-annees-80#breadcrumb\"},\"inLanguage\":\"fr-FR\",\"potentialAction\":[{\"@type\":\"ReadAction\",\"target\":[\"https:\\\/\\\/ess-villars.ch\\\/fr\\\/blogs\\\/item\\\/2552-episode-14-les-annees-80\"]}]},{\"@type\":\"ImageObject\",\"inLanguage\":\"fr-FR\",\"@id\":\"https:\\\/\\\/ess-villars.ch\\\/fr\\\/blogs\\\/item\\\/2552-episode-14-les-annees-80#primaryimage\",\"url\":\"https:\\\/\\\/ess-villars.ch\\\/wp-content\\\/uploads\\\/2023\\\/08\\\/35.jpg\",\"contentUrl\":\"https:\\\/\\\/ess-villars.ch\\\/wp-content\\\/uploads\\\/2023\\\/08\\\/35.jpg\",\"width\":2184,\"height\":1480},{\"@type\":\"BreadcrumbList\",\"@id\":\"https:\\\/\\\/ess-villars.ch\\\/fr\\\/blogs\\\/item\\\/2552-episode-14-les-annees-80#breadcrumb\",\"itemListElement\":[{\"@type\":\"ListItem\",\"position\":1,\"name\":\"Home\",\"item\":\"https:\\\/\\\/ess-villars.ch\\\/fr\\\/\"},{\"@type\":\"ListItem\",\"position\":2,\"name\":\"Episode 14: les ann\u00e9es 80&prime;\"}]},{\"@type\":\"WebSite\",\"@id\":\"https:\\\/\\\/ess-villars.ch\\\/fr\\\/#website\",\"url\":\"https:\\\/\\\/ess-villars.ch\\\/fr\\\/\",\"name\":\"ESS Villars\",\"description\":\"Join the red legend !\",\"publisher\":{\"@id\":\"https:\\\/\\\/ess-villars.ch\\\/fr\\\/#organization\"},\"potentialAction\":[{\"@type\":\"SearchAction\",\"target\":{\"@type\":\"EntryPoint\",\"urlTemplate\":\"https:\\\/\\\/ess-villars.ch\\\/fr\\\/?s={search_term_string}\"},\"query-input\":{\"@type\":\"PropertyValueSpecification\",\"valueRequired\":true,\"valueName\":\"search_term_string\"}}],\"inLanguage\":\"fr-FR\"},{\"@type\":\"Organization\",\"@id\":\"https:\\\/\\\/ess-villars.ch\\\/fr\\\/#organization\",\"name\":\"ESS Villars\",\"url\":\"https:\\\/\\\/ess-villars.ch\\\/fr\\\/\",\"logo\":{\"@type\":\"ImageObject\",\"inLanguage\":\"fr-FR\",\"@id\":\"https:\\\/\\\/ess-villars.ch\\\/fr\\\/#\\\/schema\\\/logo\\\/image\\\/\",\"url\":\"https:\\\/\\\/ess-villars.ch\\\/wp-content\\\/uploads\\\/2023\\\/08\\\/ESS_Villars_logo_png.png\",\"contentUrl\":\"https:\\\/\\\/ess-villars.ch\\\/wp-content\\\/uploads\\\/2023\\\/08\\\/ESS_Villars_logo_png.png\",\"width\":1181,\"height\":1181,\"caption\":\"ESS Villars\"},\"image\":{\"@id\":\"https:\\\/\\\/ess-villars.ch\\\/fr\\\/#\\\/schema\\\/logo\\\/image\\\/\"}},{\"@type\":\"Person\",\"@id\":\"https:\\\/\\\/ess-villars.ch\\\/fr\\\/#\\\/schema\\\/person\\\/0f30ecd734c125feb7718cb834b17b33\",\"name\":\"Admin_ess_1234\",\"image\":{\"@type\":\"ImageObject\",\"inLanguage\":\"fr-FR\",\"@id\":\"https:\\\/\\\/secure.gravatar.com\\\/avatar\\\/5fa0ab8129cd20f0a7834bfabb7e7a1558862e46633c891c431236a50cc39ab9?s=96&d=mm&r=g\",\"url\":\"https:\\\/\\\/secure.gravatar.com\\\/avatar\\\/5fa0ab8129cd20f0a7834bfabb7e7a1558862e46633c891c431236a50cc39ab9?s=96&d=mm&r=g\",\"contentUrl\":\"https:\\\/\\\/secure.gravatar.com\\\/avatar\\\/5fa0ab8129cd20f0a7834bfabb7e7a1558862e46633c891c431236a50cc39ab9?s=96&d=mm&r=g\",\"caption\":\"Admin_ess_1234\"},\"sameAs\":[\"https:\\\/\\\/ess-villars.ch\"]}]}<\/script>\n<!-- \/ Yoast SEO plugin. -->","yoast_head_json":{"title":"Episode 14: les ann\u00e9es 80' - ESS Villars","description":"les ann\u00e9es 80' Si l\u2019industrie du ski est foisonnante, le mat\u00e9riel de ski ne conna\u00eetra pas d\u2019\u00e9volution majeure d...","robots":{"index":"index","follow":"follow","max-snippet":"max-snippet:-1","max-image-preview":"max-image-preview:large","max-video-preview":"max-video-preview:-1"},"canonical":"https:\/\/ess-villars.ch\/fr\/blogs\/item\/2552-episode-14-les-annees-80\/","og_locale":"fr_FR","og_type":"article","og_title":"Episode 14: les ann\u00e9es 80' - ESS Villars","og_description":"les ann\u00e9es 80' Si l\u2019industrie du ski est foisonnante, le mat\u00e9riel de ski ne conna\u00eetra pas d\u2019\u00e9volution majeure d...","og_url":"https:\/\/ess-villars.ch\/fr\/blogs\/item\/2552-episode-14-les-annees-80","og_site_name":"ESS Villars","article_published_time":"2023-08-30T14:47:50+00:00","article_modified_time":"2025-09-25T10:20:29+00:00","og_image":[{"width":2184,"height":1480,"url":"https:\/\/ess-villars.ch\/wp-content\/uploads\/2023\/08\/35.jpg","type":"image\/jpeg"}],"author":"Admin_ess_1234","twitter_card":"summary_large_image","twitter_misc":{"\u00c9crit par":"Admin_ess_1234","Dur\u00e9e de lecture estim\u00e9e":"3 minutes"},"schema":{"@context":"https:\/\/schema.org","@graph":[{"@type":"Article","@id":"https:\/\/ess-villars.ch\/fr\/blogs\/item\/2552-episode-14-les-annees-80#article","isPartOf":{"@id":"https:\/\/ess-villars.ch\/fr\/blogs\/item\/2552-episode-14-les-annees-80"},"author":{"name":"Admin_ess_1234","@id":"https:\/\/ess-villars.ch\/fr\/#\/schema\/person\/0f30ecd734c125feb7718cb834b17b33"},"headline":"Episode 14: les ann\u00e9es 80&prime;","datePublished":"2023-08-30T14:47:50+00:00","dateModified":"2025-09-25T10:20:29+00:00","mainEntityOfPage":{"@id":"https:\/\/ess-villars.ch\/fr\/blogs\/item\/2552-episode-14-les-annees-80"},"wordCount":402,"commentCount":0,"publisher":{"@id":"https:\/\/ess-villars.ch\/fr\/#organization"},"image":{"@id":"https:\/\/ess-villars.ch\/fr\/blogs\/item\/2552-episode-14-les-annees-80#primaryimage"},"thumbnailUrl":"https:\/\/ess-villars.ch\/wp-content\/uploads\/2023\/08\/35.jpg","articleSection":["Histoire"],"inLanguage":"fr-FR","potentialAction":[{"@type":"CommentAction","name":"Comment","target":["https:\/\/ess-villars.ch\/fr\/blogs\/item\/2552-episode-14-les-annees-80#respond"]}]},{"@type":"WebPage","@id":"https:\/\/ess-villars.ch\/fr\/blogs\/item\/2552-episode-14-les-annees-80","url":"https:\/\/ess-villars.ch\/fr\/blogs\/item\/2552-episode-14-les-annees-80","name":"Episode 14: les ann\u00e9es 80' - ESS Villars","isPartOf":{"@id":"https:\/\/ess-villars.ch\/fr\/#website"},"primaryImageOfPage":{"@id":"https:\/\/ess-villars.ch\/fr\/blogs\/item\/2552-episode-14-les-annees-80#primaryimage"},"image":{"@id":"https:\/\/ess-villars.ch\/fr\/blogs\/item\/2552-episode-14-les-annees-80#primaryimage"},"thumbnailUrl":"https:\/\/ess-villars.ch\/wp-content\/uploads\/2023\/08\/35.jpg","datePublished":"2023-08-30T14:47:50+00:00","dateModified":"2025-09-25T10:20:29+00:00","description":"les ann\u00e9es 80' Si l\u2019industrie du ski est foisonnante, le mat\u00e9riel de ski ne conna\u00eetra pas d\u2019\u00e9volution majeure d...","breadcrumb":{"@id":"https:\/\/ess-villars.ch\/fr\/blogs\/item\/2552-episode-14-les-annees-80#breadcrumb"},"inLanguage":"fr-FR","potentialAction":[{"@type":"ReadAction","target":["https:\/\/ess-villars.ch\/fr\/blogs\/item\/2552-episode-14-les-annees-80"]}]},{"@type":"ImageObject","inLanguage":"fr-FR","@id":"https:\/\/ess-villars.ch\/fr\/blogs\/item\/2552-episode-14-les-annees-80#primaryimage","url":"https:\/\/ess-villars.ch\/wp-content\/uploads\/2023\/08\/35.jpg","contentUrl":"https:\/\/ess-villars.ch\/wp-content\/uploads\/2023\/08\/35.jpg","width":2184,"height":1480},{"@type":"BreadcrumbList","@id":"https:\/\/ess-villars.ch\/fr\/blogs\/item\/2552-episode-14-les-annees-80#breadcrumb","itemListElement":[{"@type":"ListItem","position":1,"name":"Home","item":"https:\/\/ess-villars.ch\/fr\/"},{"@type":"ListItem","position":2,"name":"Episode 14: les ann\u00e9es 80&prime;"}]},{"@type":"WebSite","@id":"https:\/\/ess-villars.ch\/fr\/#website","url":"https:\/\/ess-villars.ch\/fr\/","name":"ESS Villars","description":"Join the red legend !","publisher":{"@id":"https:\/\/ess-villars.ch\/fr\/#organization"},"potentialAction":[{"@type":"SearchAction","target":{"@type":"EntryPoint","urlTemplate":"https:\/\/ess-villars.ch\/fr\/?s={search_term_string}"},"query-input":{"@type":"PropertyValueSpecification","valueRequired":true,"valueName":"search_term_string"}}],"inLanguage":"fr-FR"},{"@type":"Organization","@id":"https:\/\/ess-villars.ch\/fr\/#organization","name":"ESS Villars","url":"https:\/\/ess-villars.ch\/fr\/","logo":{"@type":"ImageObject","inLanguage":"fr-FR","@id":"https:\/\/ess-villars.ch\/fr\/#\/schema\/logo\/image\/","url":"https:\/\/ess-villars.ch\/wp-content\/uploads\/2023\/08\/ESS_Villars_logo_png.png","contentUrl":"https:\/\/ess-villars.ch\/wp-content\/uploads\/2023\/08\/ESS_Villars_logo_png.png","width":1181,"height":1181,"caption":"ESS Villars"},"image":{"@id":"https:\/\/ess-villars.ch\/fr\/#\/schema\/logo\/image\/"}},{"@type":"Person","@id":"https:\/\/ess-villars.ch\/fr\/#\/schema\/person\/0f30ecd734c125feb7718cb834b17b33","name":"Admin_ess_1234","image":{"@type":"ImageObject","inLanguage":"fr-FR","@id":"https:\/\/secure.gravatar.com\/avatar\/5fa0ab8129cd20f0a7834bfabb7e7a1558862e46633c891c431236a50cc39ab9?s=96&d=mm&r=g","url":"https:\/\/secure.gravatar.com\/avatar\/5fa0ab8129cd20f0a7834bfabb7e7a1558862e46633c891c431236a50cc39ab9?s=96&d=mm&r=g","contentUrl":"https:\/\/secure.gravatar.com\/avatar\/5fa0ab8129cd20f0a7834bfabb7e7a1558862e46633c891c431236a50cc39ab9?s=96&d=mm&r=g","caption":"Admin_ess_1234"},"sameAs":["https:\/\/ess-villars.ch"]}]}},"_links":{"self":[{"href":"https:\/\/ess-villars.ch\/fr\/wp-json\/wp\/v2\/posts\/29603","targetHints":{"allow":["GET"]}}],"collection":[{"href":"https:\/\/ess-villars.ch\/fr\/wp-json\/wp\/v2\/posts"}],"about":[{"href":"https:\/\/ess-villars.ch\/fr\/wp-json\/wp\/v2\/types\/post"}],"author":[{"embeddable":true,"href":"https:\/\/ess-villars.ch\/fr\/wp-json\/wp\/v2\/users\/1"}],"replies":[{"embeddable":true,"href":"https:\/\/ess-villars.ch\/fr\/wp-json\/wp\/v2\/comments?post=29603"}],"version-history":[{"count":1,"href":"https:\/\/ess-villars.ch\/fr\/wp-json\/wp\/v2\/posts\/29603\/revisions"}],"predecessor-version":[{"id":29607,"href":"https:\/\/ess-villars.ch\/fr\/wp-json\/wp\/v2\/posts\/29603\/revisions\/29607"}],"wp:featuredmedia":[{"embeddable":true,"href":"https:\/\/ess-villars.ch\/fr\/wp-json\/wp\/v2\/media\/29606"}],"wp:attachment":[{"href":"https:\/\/ess-villars.ch\/fr\/wp-json\/wp\/v2\/media?parent=29603"}],"wp:term":[{"taxonomy":"category","embeddable":true,"href":"https:\/\/ess-villars.ch\/fr\/wp-json\/wp\/v2\/categories?post=29603"},{"taxonomy":"post_tag","embeddable":true,"href":"https:\/\/ess-villars.ch\/fr\/wp-json\/wp\/v2\/tags?post=29603"}],"curies":[{"name":"wp","href":"https:\/\/api.w.org\/{rel}","templated":true}]}}