{"id":29598,"date":"2023-08-30T16:46:50","date_gmt":"2023-08-30T14:46:50","guid":{"rendered":"https:\/\/hebergement2.ch\/?p=29598"},"modified":"2025-09-25T12:20:38","modified_gmt":"2025-09-25T10:20:38","slug":"le-ski-show","status":"publish","type":"post","link":"https:\/\/ess-villars.ch\/fr\/blogs\/item\/2557-epiosde-15-le-ski-show","title":{"rendered":"Epiosde 15: Le ski Show"},"content":{"rendered":"<h2>Le Ski Show<\/h2>\n<p><img fetchpriority=\"high\" decoding=\"async\" class=\"aligncenter size-full wp-image-29600\" src=\"https:\/\/ess-villars.ch\/wp-content\/uploads\/2023\/08\/Ski-Show-19.02.2014-9.jpg\" alt=\"\" width=\"667\" height=\"1000\" srcset=\"https:\/\/ess-villars.ch\/wp-content\/uploads\/2023\/08\/Ski-Show-19.02.2014-9.jpg 667w, https:\/\/ess-villars.ch\/wp-content\/uploads\/2023\/08\/Ski-Show-19.02.2014-9-200x300.jpg 200w\" sizes=\"(max-width: 667px) 100vw, 667px\" \/><\/p>\n<p>C&rsquo;est en 1995, que Marc-Henri Duc introduit, durant les rel\u00e2ches de f\u00e9vrier, un ski show hebdomadaire sur la piste illumin\u00e9e du Palace.<\/p>\n<p>Ce show retrace l\u2019\u00e9volution du ski et des sports de neige tout au long du si\u00e8cle. Il a \u00e9volu\u00e9 au \ufb01l des ann\u00e9es et de nos jours, ce ne sont pas moins de cent moniteurs qui participent \u00e0 cette animation gratuite au centre de la stationd\u00e8s mercredi!<\/p>\n<p>Rendez-vous \u00e0 18h30 sur la piste du Palace derri\u00e8re la gare!<\/p>\n<p><img decoding=\"async\" class=\"aligncenter size-full wp-image-29599\" src=\"https:\/\/ess-villars.ch\/wp-content\/uploads\/2023\/08\/ski_vaud.jpg\" alt=\"\" width=\"811\" height=\"540\" srcset=\"https:\/\/ess-villars.ch\/wp-content\/uploads\/2023\/08\/ski_vaud.jpg 811w, https:\/\/ess-villars.ch\/wp-content\/uploads\/2023\/08\/ski_vaud-300x200.jpg 300w, https:\/\/ess-villars.ch\/wp-content\/uploads\/2023\/08\/ski_vaud-768x511.jpg 768w\" sizes=\"(max-width: 811px) 100vw, 811px\" \/><\/p>\n","protected":false},"excerpt":{"rendered":"<p>Le Ski Show C&rsquo;est en 1995, que Marc-Henri Duc introduit, durant les rel\u00e2ches de f\u00e9vrier, un ski show hebdomadaire sur la piste illumin\u00e9e du Palace. Ce show retrace l\u2019\u00e9volution du ski et des sports de neige tout au long du si\u00e8cle. Il a \u00e9volu\u00e9 au \ufb01l des ann\u00e9es et de nos jours, ce ne sont [&hellip;]<\/p>\n","protected":false},"author":1,"featured_media":29599,"comment_status":"open","ping_status":"open","sticky":false,"template":"","format":"standard","meta":{"_acf_changed":false,"footnotes":""},"categories":[9],"tags":[],"class_list":["post-29598","post","type-post","status-publish","format-standard","has-post-thumbnail","hentry","category-histoire"],"acf":[],"yoast_head":"<!-- This site is optimized with the Yoast SEO plugin v27.5 - https:\/\/yoast.com\/product\/yoast-seo-wordpress\/ -->\n<title>Epiosde 15: Le ski Show - ESS Villars<\/title>\n<meta name=\"description\" content=\"Le Ski Show C&#039;est en 1995, que Marc-Henri Duc introduit, durant les rel\u00e2ches de f\u00e9vrier, un ski show hebdomadaire sur la piste ill...\" \/>\n<meta name=\"robots\" content=\"index, follow, max-snippet:-1, max-image-preview:large, max-video-preview:-1\" \/>\n<link rel=\"canonical\" href=\"https:\/\/ess-villars.ch\/fr\/blogs\/item\/2557-epiosde-15-le-ski-show\/\" \/>\n<meta property=\"og:locale\" content=\"fr_FR\" \/>\n<meta property=\"og:type\" content=\"article\" \/>\n<meta property=\"og:title\" content=\"Epiosde 15: Le ski Show - ESS Villars\" \/>\n<meta property=\"og:description\" content=\"Le Ski Show C&#039;est en 1995, que Marc-Henri Duc introduit, durant les rel\u00e2ches de f\u00e9vrier, un ski show hebdomadaire sur la piste ill...\" \/>\n<meta property=\"og:url\" content=\"https:\/\/ess-villars.ch\/fr\/blogs\/item\/2557-epiosde-15-le-ski-show\" \/>\n<meta property=\"og:site_name\" content=\"ESS Villars\" \/>\n<meta property=\"article:published_time\" content=\"2023-08-30T14:46:50+00:00\" \/>\n<meta property=\"article:modified_time\" content=\"2025-09-25T10:20:38+00:00\" \/>\n<meta property=\"og:image\" content=\"https:\/\/ess-villars.ch\/wp-content\/uploads\/2023\/08\/ski_vaud.jpg\" \/>\n\t<meta property=\"og:image:width\" content=\"811\" \/>\n\t<meta property=\"og:image:height\" content=\"540\" \/>\n\t<meta property=\"og:image:type\" content=\"image\/jpeg\" \/>\n<meta name=\"author\" content=\"Admin_ess_1234\" \/>\n<meta name=\"twitter:card\" content=\"summary_large_image\" \/>\n<meta name=\"twitter:label1\" content=\"\u00c9crit par\" \/>\n\t<meta name=\"twitter:data1\" content=\"Admin_ess_1234\" \/>\n\t<meta name=\"twitter:label2\" content=\"Dur\u00e9e de lecture estim\u00e9e\" \/>\n\t<meta name=\"twitter:data2\" content=\"2 minutes\" \/>\n<script type=\"application\/ld+json\" class=\"yoast-schema-graph\">{\"@context\":\"https:\\\/\\\/schema.org\",\"@graph\":[{\"@type\":\"Article\",\"@id\":\"https:\\\/\\\/ess-villars.ch\\\/fr\\\/blogs\\\/item\\\/2557-epiosde-15-le-ski-show#article\",\"isPartOf\":{\"@id\":\"https:\\\/\\\/ess-villars.ch\\\/fr\\\/blogs\\\/item\\\/2557-epiosde-15-le-ski-show\"},\"author\":{\"name\":\"Admin_ess_1234\",\"@id\":\"https:\\\/\\\/ess-villars.ch\\\/fr\\\/#\\\/schema\\\/person\\\/0f30ecd734c125feb7718cb834b17b33\"},\"headline\":\"Epiosde 15: Le ski Show\",\"datePublished\":\"2023-08-30T14:46:50+00:00\",\"dateModified\":\"2025-09-25T10:20:38+00:00\",\"mainEntityOfPage\":{\"@id\":\"https:\\\/\\\/ess-villars.ch\\\/fr\\\/blogs\\\/item\\\/2557-epiosde-15-le-ski-show\"},\"wordCount\":93,\"commentCount\":0,\"publisher\":{\"@id\":\"https:\\\/\\\/ess-villars.ch\\\/fr\\\/#organization\"},\"image\":{\"@id\":\"https:\\\/\\\/ess-villars.ch\\\/fr\\\/blogs\\\/item\\\/2557-epiosde-15-le-ski-show#primaryimage\"},\"thumbnailUrl\":\"https:\\\/\\\/ess-villars.ch\\\/wp-content\\\/uploads\\\/2023\\\/08\\\/ski_vaud.jpg\",\"articleSection\":[\"Histoire\"],\"inLanguage\":\"fr-FR\",\"potentialAction\":[{\"@type\":\"CommentAction\",\"name\":\"Comment\",\"target\":[\"https:\\\/\\\/ess-villars.ch\\\/fr\\\/blogs\\\/item\\\/2557-epiosde-15-le-ski-show#respond\"]}]},{\"@type\":\"WebPage\",\"@id\":\"https:\\\/\\\/ess-villars.ch\\\/fr\\\/blogs\\\/item\\\/2557-epiosde-15-le-ski-show\",\"url\":\"https:\\\/\\\/ess-villars.ch\\\/fr\\\/blogs\\\/item\\\/2557-epiosde-15-le-ski-show\",\"name\":\"Epiosde 15: Le ski Show - ESS Villars\",\"isPartOf\":{\"@id\":\"https:\\\/\\\/ess-villars.ch\\\/fr\\\/#website\"},\"primaryImageOfPage\":{\"@id\":\"https:\\\/\\\/ess-villars.ch\\\/fr\\\/blogs\\\/item\\\/2557-epiosde-15-le-ski-show#primaryimage\"},\"image\":{\"@id\":\"https:\\\/\\\/ess-villars.ch\\\/fr\\\/blogs\\\/item\\\/2557-epiosde-15-le-ski-show#primaryimage\"},\"thumbnailUrl\":\"https:\\\/\\\/ess-villars.ch\\\/wp-content\\\/uploads\\\/2023\\\/08\\\/ski_vaud.jpg\",\"datePublished\":\"2023-08-30T14:46:50+00:00\",\"dateModified\":\"2025-09-25T10:20:38+00:00\",\"description\":\"Le Ski Show C'est en 1995, que Marc-Henri Duc introduit, durant les rel\u00e2ches de f\u00e9vrier, un ski show hebdomadaire sur la piste ill...\",\"breadcrumb\":{\"@id\":\"https:\\\/\\\/ess-villars.ch\\\/fr\\\/blogs\\\/item\\\/2557-epiosde-15-le-ski-show#breadcrumb\"},\"inLanguage\":\"fr-FR\",\"potentialAction\":[{\"@type\":\"ReadAction\",\"target\":[\"https:\\\/\\\/ess-villars.ch\\\/fr\\\/blogs\\\/item\\\/2557-epiosde-15-le-ski-show\"]}]},{\"@type\":\"ImageObject\",\"inLanguage\":\"fr-FR\",\"@id\":\"https:\\\/\\\/ess-villars.ch\\\/fr\\\/blogs\\\/item\\\/2557-epiosde-15-le-ski-show#primaryimage\",\"url\":\"https:\\\/\\\/ess-villars.ch\\\/wp-content\\\/uploads\\\/2023\\\/08\\\/ski_vaud.jpg\",\"contentUrl\":\"https:\\\/\\\/ess-villars.ch\\\/wp-content\\\/uploads\\\/2023\\\/08\\\/ski_vaud.jpg\",\"width\":811,\"height\":540},{\"@type\":\"BreadcrumbList\",\"@id\":\"https:\\\/\\\/ess-villars.ch\\\/fr\\\/blogs\\\/item\\\/2557-epiosde-15-le-ski-show#breadcrumb\",\"itemListElement\":[{\"@type\":\"ListItem\",\"position\":1,\"name\":\"Home\",\"item\":\"https:\\\/\\\/ess-villars.ch\\\/fr\\\/\"},{\"@type\":\"ListItem\",\"position\":2,\"name\":\"Epiosde 15: Le ski Show\"}]},{\"@type\":\"WebSite\",\"@id\":\"https:\\\/\\\/ess-villars.ch\\\/fr\\\/#website\",\"url\":\"https:\\\/\\\/ess-villars.ch\\\/fr\\\/\",\"name\":\"ESS Villars\",\"description\":\"Join the red legend !\",\"publisher\":{\"@id\":\"https:\\\/\\\/ess-villars.ch\\\/fr\\\/#organization\"},\"potentialAction\":[{\"@type\":\"SearchAction\",\"target\":{\"@type\":\"EntryPoint\",\"urlTemplate\":\"https:\\\/\\\/ess-villars.ch\\\/fr\\\/?s={search_term_string}\"},\"query-input\":{\"@type\":\"PropertyValueSpecification\",\"valueRequired\":true,\"valueName\":\"search_term_string\"}}],\"inLanguage\":\"fr-FR\"},{\"@type\":\"Organization\",\"@id\":\"https:\\\/\\\/ess-villars.ch\\\/fr\\\/#organization\",\"name\":\"ESS Villars\",\"url\":\"https:\\\/\\\/ess-villars.ch\\\/fr\\\/\",\"logo\":{\"@type\":\"ImageObject\",\"inLanguage\":\"fr-FR\",\"@id\":\"https:\\\/\\\/ess-villars.ch\\\/fr\\\/#\\\/schema\\\/logo\\\/image\\\/\",\"url\":\"https:\\\/\\\/ess-villars.ch\\\/wp-content\\\/uploads\\\/2023\\\/08\\\/ESS_Villars_logo_png.png\",\"contentUrl\":\"https:\\\/\\\/ess-villars.ch\\\/wp-content\\\/uploads\\\/2023\\\/08\\\/ESS_Villars_logo_png.png\",\"width\":1181,\"height\":1181,\"caption\":\"ESS Villars\"},\"image\":{\"@id\":\"https:\\\/\\\/ess-villars.ch\\\/fr\\\/#\\\/schema\\\/logo\\\/image\\\/\"}},{\"@type\":\"Person\",\"@id\":\"https:\\\/\\\/ess-villars.ch\\\/fr\\\/#\\\/schema\\\/person\\\/0f30ecd734c125feb7718cb834b17b33\",\"name\":\"Admin_ess_1234\",\"image\":{\"@type\":\"ImageObject\",\"inLanguage\":\"fr-FR\",\"@id\":\"https:\\\/\\\/secure.gravatar.com\\\/avatar\\\/5fa0ab8129cd20f0a7834bfabb7e7a1558862e46633c891c431236a50cc39ab9?s=96&d=mm&r=g\",\"url\":\"https:\\\/\\\/secure.gravatar.com\\\/avatar\\\/5fa0ab8129cd20f0a7834bfabb7e7a1558862e46633c891c431236a50cc39ab9?s=96&d=mm&r=g\",\"contentUrl\":\"https:\\\/\\\/secure.gravatar.com\\\/avatar\\\/5fa0ab8129cd20f0a7834bfabb7e7a1558862e46633c891c431236a50cc39ab9?s=96&d=mm&r=g\",\"caption\":\"Admin_ess_1234\"},\"sameAs\":[\"https:\\\/\\\/ess-villars.ch\"]}]}<\/script>\n<!-- \/ Yoast SEO plugin. -->","yoast_head_json":{"title":"Epiosde 15: Le ski Show - ESS Villars","description":"Le Ski Show C'est en 1995, que Marc-Henri Duc introduit, durant les rel\u00e2ches de f\u00e9vrier, un ski show hebdomadaire sur la piste ill...","robots":{"index":"index","follow":"follow","max-snippet":"max-snippet:-1","max-image-preview":"max-image-preview:large","max-video-preview":"max-video-preview:-1"},"canonical":"https:\/\/ess-villars.ch\/fr\/blogs\/item\/2557-epiosde-15-le-ski-show\/","og_locale":"fr_FR","og_type":"article","og_title":"Epiosde 15: Le ski Show - ESS Villars","og_description":"Le Ski Show C'est en 1995, que Marc-Henri Duc introduit, durant les rel\u00e2ches de f\u00e9vrier, un ski show hebdomadaire sur la piste ill...","og_url":"https:\/\/ess-villars.ch\/fr\/blogs\/item\/2557-epiosde-15-le-ski-show","og_site_name":"ESS Villars","article_published_time":"2023-08-30T14:46:50+00:00","article_modified_time":"2025-09-25T10:20:38+00:00","og_image":[{"width":811,"height":540,"url":"https:\/\/ess-villars.ch\/wp-content\/uploads\/2023\/08\/ski_vaud.jpg","type":"image\/jpeg"}],"author":"Admin_ess_1234","twitter_card":"summary_large_image","twitter_misc":{"\u00c9crit par":"Admin_ess_1234","Dur\u00e9e de lecture estim\u00e9e":"2 minutes"},"schema":{"@context":"https:\/\/schema.org","@graph":[{"@type":"Article","@id":"https:\/\/ess-villars.ch\/fr\/blogs\/item\/2557-epiosde-15-le-ski-show#article","isPartOf":{"@id":"https:\/\/ess-villars.ch\/fr\/blogs\/item\/2557-epiosde-15-le-ski-show"},"author":{"name":"Admin_ess_1234","@id":"https:\/\/ess-villars.ch\/fr\/#\/schema\/person\/0f30ecd734c125feb7718cb834b17b33"},"headline":"Epiosde 15: Le ski Show","datePublished":"2023-08-30T14:46:50+00:00","dateModified":"2025-09-25T10:20:38+00:00","mainEntityOfPage":{"@id":"https:\/\/ess-villars.ch\/fr\/blogs\/item\/2557-epiosde-15-le-ski-show"},"wordCount":93,"commentCount":0,"publisher":{"@id":"https:\/\/ess-villars.ch\/fr\/#organization"},"image":{"@id":"https:\/\/ess-villars.ch\/fr\/blogs\/item\/2557-epiosde-15-le-ski-show#primaryimage"},"thumbnailUrl":"https:\/\/ess-villars.ch\/wp-content\/uploads\/2023\/08\/ski_vaud.jpg","articleSection":["Histoire"],"inLanguage":"fr-FR","potentialAction":[{"@type":"CommentAction","name":"Comment","target":["https:\/\/ess-villars.ch\/fr\/blogs\/item\/2557-epiosde-15-le-ski-show#respond"]}]},{"@type":"WebPage","@id":"https:\/\/ess-villars.ch\/fr\/blogs\/item\/2557-epiosde-15-le-ski-show","url":"https:\/\/ess-villars.ch\/fr\/blogs\/item\/2557-epiosde-15-le-ski-show","name":"Epiosde 15: Le ski Show - ESS Villars","isPartOf":{"@id":"https:\/\/ess-villars.ch\/fr\/#website"},"primaryImageOfPage":{"@id":"https:\/\/ess-villars.ch\/fr\/blogs\/item\/2557-epiosde-15-le-ski-show#primaryimage"},"image":{"@id":"https:\/\/ess-villars.ch\/fr\/blogs\/item\/2557-epiosde-15-le-ski-show#primaryimage"},"thumbnailUrl":"https:\/\/ess-villars.ch\/wp-content\/uploads\/2023\/08\/ski_vaud.jpg","datePublished":"2023-08-30T14:46:50+00:00","dateModified":"2025-09-25T10:20:38+00:00","description":"Le Ski Show C'est en 1995, que Marc-Henri Duc introduit, durant les rel\u00e2ches de f\u00e9vrier, un ski show hebdomadaire sur la piste ill...","breadcrumb":{"@id":"https:\/\/ess-villars.ch\/fr\/blogs\/item\/2557-epiosde-15-le-ski-show#breadcrumb"},"inLanguage":"fr-FR","potentialAction":[{"@type":"ReadAction","target":["https:\/\/ess-villars.ch\/fr\/blogs\/item\/2557-epiosde-15-le-ski-show"]}]},{"@type":"ImageObject","inLanguage":"fr-FR","@id":"https:\/\/ess-villars.ch\/fr\/blogs\/item\/2557-epiosde-15-le-ski-show#primaryimage","url":"https:\/\/ess-villars.ch\/wp-content\/uploads\/2023\/08\/ski_vaud.jpg","contentUrl":"https:\/\/ess-villars.ch\/wp-content\/uploads\/2023\/08\/ski_vaud.jpg","width":811,"height":540},{"@type":"BreadcrumbList","@id":"https:\/\/ess-villars.ch\/fr\/blogs\/item\/2557-epiosde-15-le-ski-show#breadcrumb","itemListElement":[{"@type":"ListItem","position":1,"name":"Home","item":"https:\/\/ess-villars.ch\/fr\/"},{"@type":"ListItem","position":2,"name":"Epiosde 15: Le ski Show"}]},{"@type":"WebSite","@id":"https:\/\/ess-villars.ch\/fr\/#website","url":"https:\/\/ess-villars.ch\/fr\/","name":"ESS Villars","description":"Join the red legend !","publisher":{"@id":"https:\/\/ess-villars.ch\/fr\/#organization"},"potentialAction":[{"@type":"SearchAction","target":{"@type":"EntryPoint","urlTemplate":"https:\/\/ess-villars.ch\/fr\/?s={search_term_string}"},"query-input":{"@type":"PropertyValueSpecification","valueRequired":true,"valueName":"search_term_string"}}],"inLanguage":"fr-FR"},{"@type":"Organization","@id":"https:\/\/ess-villars.ch\/fr\/#organization","name":"ESS Villars","url":"https:\/\/ess-villars.ch\/fr\/","logo":{"@type":"ImageObject","inLanguage":"fr-FR","@id":"https:\/\/ess-villars.ch\/fr\/#\/schema\/logo\/image\/","url":"https:\/\/ess-villars.ch\/wp-content\/uploads\/2023\/08\/ESS_Villars_logo_png.png","contentUrl":"https:\/\/ess-villars.ch\/wp-content\/uploads\/2023\/08\/ESS_Villars_logo_png.png","width":1181,"height":1181,"caption":"ESS Villars"},"image":{"@id":"https:\/\/ess-villars.ch\/fr\/#\/schema\/logo\/image\/"}},{"@type":"Person","@id":"https:\/\/ess-villars.ch\/fr\/#\/schema\/person\/0f30ecd734c125feb7718cb834b17b33","name":"Admin_ess_1234","image":{"@type":"ImageObject","inLanguage":"fr-FR","@id":"https:\/\/secure.gravatar.com\/avatar\/5fa0ab8129cd20f0a7834bfabb7e7a1558862e46633c891c431236a50cc39ab9?s=96&d=mm&r=g","url":"https:\/\/secure.gravatar.com\/avatar\/5fa0ab8129cd20f0a7834bfabb7e7a1558862e46633c891c431236a50cc39ab9?s=96&d=mm&r=g","contentUrl":"https:\/\/secure.gravatar.com\/avatar\/5fa0ab8129cd20f0a7834bfabb7e7a1558862e46633c891c431236a50cc39ab9?s=96&d=mm&r=g","caption":"Admin_ess_1234"},"sameAs":["https:\/\/ess-villars.ch"]}]}},"_links":{"self":[{"href":"https:\/\/ess-villars.ch\/fr\/wp-json\/wp\/v2\/posts\/29598","targetHints":{"allow":["GET"]}}],"collection":[{"href":"https:\/\/ess-villars.ch\/fr\/wp-json\/wp\/v2\/posts"}],"about":[{"href":"https:\/\/ess-villars.ch\/fr\/wp-json\/wp\/v2\/types\/post"}],"author":[{"embeddable":true,"href":"https:\/\/ess-villars.ch\/fr\/wp-json\/wp\/v2\/users\/1"}],"replies":[{"embeddable":true,"href":"https:\/\/ess-villars.ch\/fr\/wp-json\/wp\/v2\/comments?post=29598"}],"version-history":[{"count":1,"href":"https:\/\/ess-villars.ch\/fr\/wp-json\/wp\/v2\/posts\/29598\/revisions"}],"predecessor-version":[{"id":29601,"href":"https:\/\/ess-villars.ch\/fr\/wp-json\/wp\/v2\/posts\/29598\/revisions\/29601"}],"wp:featuredmedia":[{"embeddable":true,"href":"https:\/\/ess-villars.ch\/fr\/wp-json\/wp\/v2\/media\/29599"}],"wp:attachment":[{"href":"https:\/\/ess-villars.ch\/fr\/wp-json\/wp\/v2\/media?parent=29598"}],"wp:term":[{"taxonomy":"category","embeddable":true,"href":"https:\/\/ess-villars.ch\/fr\/wp-json\/wp\/v2\/categories?post=29598"},{"taxonomy":"post_tag","embeddable":true,"href":"https:\/\/ess-villars.ch\/fr\/wp-json\/wp\/v2\/tags?post=29598"}],"curies":[{"name":"wp","href":"https:\/\/api.w.org\/{rel}","templated":true}]}}