{"id":29594,"date":"2023-08-30T16:45:36","date_gmt":"2023-08-30T14:45:36","guid":{"rendered":"https:\/\/hebergement2.ch\/?p=29594"},"modified":"2025-09-25T12:20:46","modified_gmt":"2025-09-25T10:20:46","slug":"les-descentes-aux-flambeaux","status":"publish","type":"post","link":"https:\/\/ess-villars.ch\/fr\/blogs\/item\/2550-episode-16-les-descentes-aux-flambeaux","title":{"rendered":"Episode 16: Les descentes aux flambeaux"},"content":{"rendered":"<h2>Les descentes aux flambeaux<\/h2>\n<p><img fetchpriority=\"high\" decoding=\"async\" class=\"aligncenter size-large wp-image-29596\" src=\"https:\/\/ess-villars.ch\/wp-content\/uploads\/2023\/08\/IMG_3596-1024x768.jpg\" alt=\"\" width=\"800\" height=\"600\" srcset=\"https:\/\/ess-villars.ch\/wp-content\/uploads\/2023\/08\/IMG_3596-1024x768.jpg 1024w, https:\/\/ess-villars.ch\/wp-content\/uploads\/2023\/08\/IMG_3596-300x225.jpg 300w, https:\/\/ess-villars.ch\/wp-content\/uploads\/2023\/08\/IMG_3596-768x576.jpg 768w, https:\/\/ess-villars.ch\/wp-content\/uploads\/2023\/08\/IMG_3596-1536x1152.jpg 1536w, https:\/\/ess-villars.ch\/wp-content\/uploads\/2023\/08\/IMG_3596-2048x1536.jpg 2048w\" sizes=\"(max-width: 800px) 100vw, 800px\" \/><\/p>\n<p>Dans les ann\u00e9es 60 d\u00e9j\u00e0, l\u2019Ecole Suisse de Ski avait pris pour habitude de partager une fondue avec ses clients, le temps d\u2019une soir\u00e9e champ\u00eatre \u00e0 Bretaye.<\/p>\n<p>Ces soir\u00e9es \u00ab Clair de Lune \u00bb \u00e9taient r\u00e9put\u00e9es pour leur convivialit\u00e9. Bient\u00f4t viendra s\u2019y greffer la c\u00e9l\u00e8bre danse du picoulet ponctu\u00e9e par la chanson des profs de ski. On descend alors aux flambeaux jusqu\u2019\u00e0 Villars, tandis que les moins vaillants assistent \u00e0 la procession depuis le train.<\/p>\n<p>De nos jours, ces soir\u00e9es\u00a0\u00a0 sont toujours organis\u00e9s pendant le mois de f\u00e9vrier et il arrive souvent \u00e0 des soci\u00e9t\u00e9s priv\u00e9es de mandater l\u2019ESS pour organiser de telles soir\u00e9es.\u00a0 A No\u00ebl, des descentes aux \ufb02ambeaux en compagnie de la mascotte \u00ab Snowli \u00bb sont\u00a0 propos\u00e9es pour les enfants.<\/p>\n<p>Rendez-vous vendredi \u00e0 19h15 pour le train direction la maison de montagne! D\u00e9cente pr\u00e9vu au alentour de 22h15! renseignements et inscriptions au bureau de l&rsquo;\u00e9cole de ski!<\/p>\n<p><img decoding=\"async\" class=\"aligncenter size-large wp-image-29595\" src=\"https:\/\/ess-villars.ch\/wp-content\/uploads\/2023\/08\/page-33-1024x721.jpg\" alt=\"\" width=\"800\" height=\"563\" srcset=\"https:\/\/ess-villars.ch\/wp-content\/uploads\/2023\/08\/page-33-1024x721.jpg 1024w, https:\/\/ess-villars.ch\/wp-content\/uploads\/2023\/08\/page-33-300x211.jpg 300w, https:\/\/ess-villars.ch\/wp-content\/uploads\/2023\/08\/page-33-768x541.jpg 768w, https:\/\/ess-villars.ch\/wp-content\/uploads\/2023\/08\/page-33-1536x1082.jpg 1536w, https:\/\/ess-villars.ch\/wp-content\/uploads\/2023\/08\/page-33-2048x1443.jpg 2048w\" sizes=\"(max-width: 800px) 100vw, 800px\" \/><\/p>\n","protected":false},"excerpt":{"rendered":"<p>Les descentes aux flambeaux Dans les ann\u00e9es 60 d\u00e9j\u00e0, l\u2019Ecole Suisse de Ski avait pris pour habitude de partager une fondue avec ses clients, le temps d\u2019une soir\u00e9e champ\u00eatre \u00e0 Bretaye. Ces soir\u00e9es \u00ab Clair de Lune \u00bb \u00e9taient r\u00e9put\u00e9es pour leur convivialit\u00e9. Bient\u00f4t viendra s\u2019y greffer la c\u00e9l\u00e8bre danse du picoulet ponctu\u00e9e par la [&hellip;]<\/p>\n","protected":false},"author":1,"featured_media":29596,"comment_status":"open","ping_status":"open","sticky":false,"template":"","format":"standard","meta":{"_acf_changed":false,"footnotes":""},"categories":[9],"tags":[],"class_list":["post-29594","post","type-post","status-publish","format-standard","has-post-thumbnail","hentry","category-histoire"],"acf":[],"yoast_head":"<!-- This site is optimized with the Yoast SEO plugin v27.5 - https:\/\/yoast.com\/product\/yoast-seo-wordpress\/ -->\n<title>Episode 16: Les descentes aux flambeaux - ESS Villars<\/title>\n<meta name=\"description\" content=\"Les descentes aux flambeaux Dans les ann\u00e9es 60 d\u00e9j\u00e0, l\u2019Ecole Suisse de Ski avait pris pour habitude de partager une fondue...\" \/>\n<meta name=\"robots\" content=\"index, follow, max-snippet:-1, max-image-preview:large, max-video-preview:-1\" \/>\n<link rel=\"canonical\" href=\"https:\/\/ess-villars.ch\/fr\/blogs\/item\/2550-episode-16-les-descentes-aux-flambeaux\/\" \/>\n<meta property=\"og:locale\" content=\"fr_FR\" \/>\n<meta property=\"og:type\" content=\"article\" \/>\n<meta property=\"og:title\" content=\"Episode 16: Les descentes aux flambeaux - ESS Villars\" \/>\n<meta property=\"og:description\" content=\"Les descentes aux flambeaux Dans les ann\u00e9es 60 d\u00e9j\u00e0, l\u2019Ecole Suisse de Ski avait pris pour habitude de partager une fondue...\" \/>\n<meta property=\"og:url\" content=\"https:\/\/ess-villars.ch\/fr\/blogs\/item\/2550-episode-16-les-descentes-aux-flambeaux\" \/>\n<meta property=\"og:site_name\" content=\"ESS Villars\" \/>\n<meta property=\"article:published_time\" content=\"2023-08-30T14:45:36+00:00\" \/>\n<meta property=\"article:modified_time\" content=\"2025-09-25T10:20:46+00:00\" \/>\n<meta property=\"og:image\" content=\"https:\/\/ess-villars.ch\/wp-content\/uploads\/2023\/08\/IMG_3596-scaled.jpg\" \/>\n\t<meta property=\"og:image:width\" content=\"2560\" \/>\n\t<meta property=\"og:image:height\" content=\"1920\" \/>\n\t<meta property=\"og:image:type\" content=\"image\/jpeg\" \/>\n<meta name=\"author\" content=\"Admin_ess_1234\" \/>\n<meta name=\"twitter:card\" content=\"summary_large_image\" \/>\n<meta name=\"twitter:label1\" content=\"\u00c9crit par\" \/>\n\t<meta name=\"twitter:data1\" content=\"Admin_ess_1234\" \/>\n\t<meta name=\"twitter:label2\" content=\"Dur\u00e9e de lecture estim\u00e9e\" \/>\n\t<meta name=\"twitter:data2\" content=\"2 minutes\" \/>\n<script type=\"application\/ld+json\" class=\"yoast-schema-graph\">{\"@context\":\"https:\\\/\\\/schema.org\",\"@graph\":[{\"@type\":\"Article\",\"@id\":\"https:\\\/\\\/ess-villars.ch\\\/fr\\\/blogs\\\/item\\\/2550-episode-16-les-descentes-aux-flambeaux#article\",\"isPartOf\":{\"@id\":\"https:\\\/\\\/ess-villars.ch\\\/fr\\\/blogs\\\/item\\\/2550-episode-16-les-descentes-aux-flambeaux\"},\"author\":{\"name\":\"Admin_ess_1234\",\"@id\":\"https:\\\/\\\/ess-villars.ch\\\/fr\\\/#\\\/schema\\\/person\\\/0f30ecd734c125feb7718cb834b17b33\"},\"headline\":\"Episode 16: Les descentes aux flambeaux\",\"datePublished\":\"2023-08-30T14:45:36+00:00\",\"dateModified\":\"2025-09-25T10:20:46+00:00\",\"mainEntityOfPage\":{\"@id\":\"https:\\\/\\\/ess-villars.ch\\\/fr\\\/blogs\\\/item\\\/2550-episode-16-les-descentes-aux-flambeaux\"},\"wordCount\":177,\"commentCount\":0,\"publisher\":{\"@id\":\"https:\\\/\\\/ess-villars.ch\\\/fr\\\/#organization\"},\"image\":{\"@id\":\"https:\\\/\\\/ess-villars.ch\\\/fr\\\/blogs\\\/item\\\/2550-episode-16-les-descentes-aux-flambeaux#primaryimage\"},\"thumbnailUrl\":\"https:\\\/\\\/ess-villars.ch\\\/wp-content\\\/uploads\\\/2023\\\/08\\\/IMG_3596-scaled.jpg\",\"articleSection\":[\"Histoire\"],\"inLanguage\":\"fr-FR\",\"potentialAction\":[{\"@type\":\"CommentAction\",\"name\":\"Comment\",\"target\":[\"https:\\\/\\\/ess-villars.ch\\\/fr\\\/blogs\\\/item\\\/2550-episode-16-les-descentes-aux-flambeaux#respond\"]}]},{\"@type\":\"WebPage\",\"@id\":\"https:\\\/\\\/ess-villars.ch\\\/fr\\\/blogs\\\/item\\\/2550-episode-16-les-descentes-aux-flambeaux\",\"url\":\"https:\\\/\\\/ess-villars.ch\\\/fr\\\/blogs\\\/item\\\/2550-episode-16-les-descentes-aux-flambeaux\",\"name\":\"Episode 16: Les descentes aux flambeaux - ESS Villars\",\"isPartOf\":{\"@id\":\"https:\\\/\\\/ess-villars.ch\\\/fr\\\/#website\"},\"primaryImageOfPage\":{\"@id\":\"https:\\\/\\\/ess-villars.ch\\\/fr\\\/blogs\\\/item\\\/2550-episode-16-les-descentes-aux-flambeaux#primaryimage\"},\"image\":{\"@id\":\"https:\\\/\\\/ess-villars.ch\\\/fr\\\/blogs\\\/item\\\/2550-episode-16-les-descentes-aux-flambeaux#primaryimage\"},\"thumbnailUrl\":\"https:\\\/\\\/ess-villars.ch\\\/wp-content\\\/uploads\\\/2023\\\/08\\\/IMG_3596-scaled.jpg\",\"datePublished\":\"2023-08-30T14:45:36+00:00\",\"dateModified\":\"2025-09-25T10:20:46+00:00\",\"description\":\"Les descentes aux flambeaux Dans les ann\u00e9es 60 d\u00e9j\u00e0, l\u2019Ecole Suisse de Ski avait pris pour habitude de partager une fondue...\",\"breadcrumb\":{\"@id\":\"https:\\\/\\\/ess-villars.ch\\\/fr\\\/blogs\\\/item\\\/2550-episode-16-les-descentes-aux-flambeaux#breadcrumb\"},\"inLanguage\":\"fr-FR\",\"potentialAction\":[{\"@type\":\"ReadAction\",\"target\":[\"https:\\\/\\\/ess-villars.ch\\\/fr\\\/blogs\\\/item\\\/2550-episode-16-les-descentes-aux-flambeaux\"]}]},{\"@type\":\"ImageObject\",\"inLanguage\":\"fr-FR\",\"@id\":\"https:\\\/\\\/ess-villars.ch\\\/fr\\\/blogs\\\/item\\\/2550-episode-16-les-descentes-aux-flambeaux#primaryimage\",\"url\":\"https:\\\/\\\/ess-villars.ch\\\/wp-content\\\/uploads\\\/2023\\\/08\\\/IMG_3596-scaled.jpg\",\"contentUrl\":\"https:\\\/\\\/ess-villars.ch\\\/wp-content\\\/uploads\\\/2023\\\/08\\\/IMG_3596-scaled.jpg\",\"width\":2560,\"height\":1920},{\"@type\":\"BreadcrumbList\",\"@id\":\"https:\\\/\\\/ess-villars.ch\\\/fr\\\/blogs\\\/item\\\/2550-episode-16-les-descentes-aux-flambeaux#breadcrumb\",\"itemListElement\":[{\"@type\":\"ListItem\",\"position\":1,\"name\":\"Home\",\"item\":\"https:\\\/\\\/ess-villars.ch\\\/fr\\\/\"},{\"@type\":\"ListItem\",\"position\":2,\"name\":\"Episode 16: Les descentes aux flambeaux\"}]},{\"@type\":\"WebSite\",\"@id\":\"https:\\\/\\\/ess-villars.ch\\\/fr\\\/#website\",\"url\":\"https:\\\/\\\/ess-villars.ch\\\/fr\\\/\",\"name\":\"ESS Villars\",\"description\":\"Join the red legend !\",\"publisher\":{\"@id\":\"https:\\\/\\\/ess-villars.ch\\\/fr\\\/#organization\"},\"potentialAction\":[{\"@type\":\"SearchAction\",\"target\":{\"@type\":\"EntryPoint\",\"urlTemplate\":\"https:\\\/\\\/ess-villars.ch\\\/fr\\\/?s={search_term_string}\"},\"query-input\":{\"@type\":\"PropertyValueSpecification\",\"valueRequired\":true,\"valueName\":\"search_term_string\"}}],\"inLanguage\":\"fr-FR\"},{\"@type\":\"Organization\",\"@id\":\"https:\\\/\\\/ess-villars.ch\\\/fr\\\/#organization\",\"name\":\"ESS Villars\",\"url\":\"https:\\\/\\\/ess-villars.ch\\\/fr\\\/\",\"logo\":{\"@type\":\"ImageObject\",\"inLanguage\":\"fr-FR\",\"@id\":\"https:\\\/\\\/ess-villars.ch\\\/fr\\\/#\\\/schema\\\/logo\\\/image\\\/\",\"url\":\"https:\\\/\\\/ess-villars.ch\\\/wp-content\\\/uploads\\\/2023\\\/08\\\/ESS_Villars_logo_png.png\",\"contentUrl\":\"https:\\\/\\\/ess-villars.ch\\\/wp-content\\\/uploads\\\/2023\\\/08\\\/ESS_Villars_logo_png.png\",\"width\":1181,\"height\":1181,\"caption\":\"ESS Villars\"},\"image\":{\"@id\":\"https:\\\/\\\/ess-villars.ch\\\/fr\\\/#\\\/schema\\\/logo\\\/image\\\/\"}},{\"@type\":\"Person\",\"@id\":\"https:\\\/\\\/ess-villars.ch\\\/fr\\\/#\\\/schema\\\/person\\\/0f30ecd734c125feb7718cb834b17b33\",\"name\":\"Admin_ess_1234\",\"image\":{\"@type\":\"ImageObject\",\"inLanguage\":\"fr-FR\",\"@id\":\"https:\\\/\\\/secure.gravatar.com\\\/avatar\\\/5fa0ab8129cd20f0a7834bfabb7e7a1558862e46633c891c431236a50cc39ab9?s=96&d=mm&r=g\",\"url\":\"https:\\\/\\\/secure.gravatar.com\\\/avatar\\\/5fa0ab8129cd20f0a7834bfabb7e7a1558862e46633c891c431236a50cc39ab9?s=96&d=mm&r=g\",\"contentUrl\":\"https:\\\/\\\/secure.gravatar.com\\\/avatar\\\/5fa0ab8129cd20f0a7834bfabb7e7a1558862e46633c891c431236a50cc39ab9?s=96&d=mm&r=g\",\"caption\":\"Admin_ess_1234\"},\"sameAs\":[\"https:\\\/\\\/ess-villars.ch\"]}]}<\/script>\n<!-- \/ Yoast SEO plugin. -->","yoast_head_json":{"title":"Episode 16: Les descentes aux flambeaux - ESS Villars","description":"Les descentes aux flambeaux Dans les ann\u00e9es 60 d\u00e9j\u00e0, l\u2019Ecole Suisse de Ski avait pris pour habitude de partager une fondue...","robots":{"index":"index","follow":"follow","max-snippet":"max-snippet:-1","max-image-preview":"max-image-preview:large","max-video-preview":"max-video-preview:-1"},"canonical":"https:\/\/ess-villars.ch\/fr\/blogs\/item\/2550-episode-16-les-descentes-aux-flambeaux\/","og_locale":"fr_FR","og_type":"article","og_title":"Episode 16: Les descentes aux flambeaux - ESS Villars","og_description":"Les descentes aux flambeaux Dans les ann\u00e9es 60 d\u00e9j\u00e0, l\u2019Ecole Suisse de Ski avait pris pour habitude de partager une fondue...","og_url":"https:\/\/ess-villars.ch\/fr\/blogs\/item\/2550-episode-16-les-descentes-aux-flambeaux","og_site_name":"ESS Villars","article_published_time":"2023-08-30T14:45:36+00:00","article_modified_time":"2025-09-25T10:20:46+00:00","og_image":[{"width":2560,"height":1920,"url":"https:\/\/ess-villars.ch\/wp-content\/uploads\/2023\/08\/IMG_3596-scaled.jpg","type":"image\/jpeg"}],"author":"Admin_ess_1234","twitter_card":"summary_large_image","twitter_misc":{"\u00c9crit par":"Admin_ess_1234","Dur\u00e9e de lecture estim\u00e9e":"2 minutes"},"schema":{"@context":"https:\/\/schema.org","@graph":[{"@type":"Article","@id":"https:\/\/ess-villars.ch\/fr\/blogs\/item\/2550-episode-16-les-descentes-aux-flambeaux#article","isPartOf":{"@id":"https:\/\/ess-villars.ch\/fr\/blogs\/item\/2550-episode-16-les-descentes-aux-flambeaux"},"author":{"name":"Admin_ess_1234","@id":"https:\/\/ess-villars.ch\/fr\/#\/schema\/person\/0f30ecd734c125feb7718cb834b17b33"},"headline":"Episode 16: Les descentes aux flambeaux","datePublished":"2023-08-30T14:45:36+00:00","dateModified":"2025-09-25T10:20:46+00:00","mainEntityOfPage":{"@id":"https:\/\/ess-villars.ch\/fr\/blogs\/item\/2550-episode-16-les-descentes-aux-flambeaux"},"wordCount":177,"commentCount":0,"publisher":{"@id":"https:\/\/ess-villars.ch\/fr\/#organization"},"image":{"@id":"https:\/\/ess-villars.ch\/fr\/blogs\/item\/2550-episode-16-les-descentes-aux-flambeaux#primaryimage"},"thumbnailUrl":"https:\/\/ess-villars.ch\/wp-content\/uploads\/2023\/08\/IMG_3596-scaled.jpg","articleSection":["Histoire"],"inLanguage":"fr-FR","potentialAction":[{"@type":"CommentAction","name":"Comment","target":["https:\/\/ess-villars.ch\/fr\/blogs\/item\/2550-episode-16-les-descentes-aux-flambeaux#respond"]}]},{"@type":"WebPage","@id":"https:\/\/ess-villars.ch\/fr\/blogs\/item\/2550-episode-16-les-descentes-aux-flambeaux","url":"https:\/\/ess-villars.ch\/fr\/blogs\/item\/2550-episode-16-les-descentes-aux-flambeaux","name":"Episode 16: Les descentes aux flambeaux - ESS Villars","isPartOf":{"@id":"https:\/\/ess-villars.ch\/fr\/#website"},"primaryImageOfPage":{"@id":"https:\/\/ess-villars.ch\/fr\/blogs\/item\/2550-episode-16-les-descentes-aux-flambeaux#primaryimage"},"image":{"@id":"https:\/\/ess-villars.ch\/fr\/blogs\/item\/2550-episode-16-les-descentes-aux-flambeaux#primaryimage"},"thumbnailUrl":"https:\/\/ess-villars.ch\/wp-content\/uploads\/2023\/08\/IMG_3596-scaled.jpg","datePublished":"2023-08-30T14:45:36+00:00","dateModified":"2025-09-25T10:20:46+00:00","description":"Les descentes aux flambeaux Dans les ann\u00e9es 60 d\u00e9j\u00e0, l\u2019Ecole Suisse de Ski avait pris pour habitude de partager une fondue...","breadcrumb":{"@id":"https:\/\/ess-villars.ch\/fr\/blogs\/item\/2550-episode-16-les-descentes-aux-flambeaux#breadcrumb"},"inLanguage":"fr-FR","potentialAction":[{"@type":"ReadAction","target":["https:\/\/ess-villars.ch\/fr\/blogs\/item\/2550-episode-16-les-descentes-aux-flambeaux"]}]},{"@type":"ImageObject","inLanguage":"fr-FR","@id":"https:\/\/ess-villars.ch\/fr\/blogs\/item\/2550-episode-16-les-descentes-aux-flambeaux#primaryimage","url":"https:\/\/ess-villars.ch\/wp-content\/uploads\/2023\/08\/IMG_3596-scaled.jpg","contentUrl":"https:\/\/ess-villars.ch\/wp-content\/uploads\/2023\/08\/IMG_3596-scaled.jpg","width":2560,"height":1920},{"@type":"BreadcrumbList","@id":"https:\/\/ess-villars.ch\/fr\/blogs\/item\/2550-episode-16-les-descentes-aux-flambeaux#breadcrumb","itemListElement":[{"@type":"ListItem","position":1,"name":"Home","item":"https:\/\/ess-villars.ch\/fr\/"},{"@type":"ListItem","position":2,"name":"Episode 16: Les descentes aux flambeaux"}]},{"@type":"WebSite","@id":"https:\/\/ess-villars.ch\/fr\/#website","url":"https:\/\/ess-villars.ch\/fr\/","name":"ESS Villars","description":"Join the red legend !","publisher":{"@id":"https:\/\/ess-villars.ch\/fr\/#organization"},"potentialAction":[{"@type":"SearchAction","target":{"@type":"EntryPoint","urlTemplate":"https:\/\/ess-villars.ch\/fr\/?s={search_term_string}"},"query-input":{"@type":"PropertyValueSpecification","valueRequired":true,"valueName":"search_term_string"}}],"inLanguage":"fr-FR"},{"@type":"Organization","@id":"https:\/\/ess-villars.ch\/fr\/#organization","name":"ESS Villars","url":"https:\/\/ess-villars.ch\/fr\/","logo":{"@type":"ImageObject","inLanguage":"fr-FR","@id":"https:\/\/ess-villars.ch\/fr\/#\/schema\/logo\/image\/","url":"https:\/\/ess-villars.ch\/wp-content\/uploads\/2023\/08\/ESS_Villars_logo_png.png","contentUrl":"https:\/\/ess-villars.ch\/wp-content\/uploads\/2023\/08\/ESS_Villars_logo_png.png","width":1181,"height":1181,"caption":"ESS Villars"},"image":{"@id":"https:\/\/ess-villars.ch\/fr\/#\/schema\/logo\/image\/"}},{"@type":"Person","@id":"https:\/\/ess-villars.ch\/fr\/#\/schema\/person\/0f30ecd734c125feb7718cb834b17b33","name":"Admin_ess_1234","image":{"@type":"ImageObject","inLanguage":"fr-FR","@id":"https:\/\/secure.gravatar.com\/avatar\/5fa0ab8129cd20f0a7834bfabb7e7a1558862e46633c891c431236a50cc39ab9?s=96&d=mm&r=g","url":"https:\/\/secure.gravatar.com\/avatar\/5fa0ab8129cd20f0a7834bfabb7e7a1558862e46633c891c431236a50cc39ab9?s=96&d=mm&r=g","contentUrl":"https:\/\/secure.gravatar.com\/avatar\/5fa0ab8129cd20f0a7834bfabb7e7a1558862e46633c891c431236a50cc39ab9?s=96&d=mm&r=g","caption":"Admin_ess_1234"},"sameAs":["https:\/\/ess-villars.ch"]}]}},"_links":{"self":[{"href":"https:\/\/ess-villars.ch\/fr\/wp-json\/wp\/v2\/posts\/29594","targetHints":{"allow":["GET"]}}],"collection":[{"href":"https:\/\/ess-villars.ch\/fr\/wp-json\/wp\/v2\/posts"}],"about":[{"href":"https:\/\/ess-villars.ch\/fr\/wp-json\/wp\/v2\/types\/post"}],"author":[{"embeddable":true,"href":"https:\/\/ess-villars.ch\/fr\/wp-json\/wp\/v2\/users\/1"}],"replies":[{"embeddable":true,"href":"https:\/\/ess-villars.ch\/fr\/wp-json\/wp\/v2\/comments?post=29594"}],"version-history":[{"count":1,"href":"https:\/\/ess-villars.ch\/fr\/wp-json\/wp\/v2\/posts\/29594\/revisions"}],"predecessor-version":[{"id":29597,"href":"https:\/\/ess-villars.ch\/fr\/wp-json\/wp\/v2\/posts\/29594\/revisions\/29597"}],"wp:featuredmedia":[{"embeddable":true,"href":"https:\/\/ess-villars.ch\/fr\/wp-json\/wp\/v2\/media\/29596"}],"wp:attachment":[{"href":"https:\/\/ess-villars.ch\/fr\/wp-json\/wp\/v2\/media?parent=29594"}],"wp:term":[{"taxonomy":"category","embeddable":true,"href":"https:\/\/ess-villars.ch\/fr\/wp-json\/wp\/v2\/categories?post=29594"},{"taxonomy":"post_tag","embeddable":true,"href":"https:\/\/ess-villars.ch\/fr\/wp-json\/wp\/v2\/tags?post=29594"}],"curies":[{"name":"wp","href":"https:\/\/api.w.org\/{rel}","templated":true}]}}