{"id":29582,"date":"2023-08-30T16:43:24","date_gmt":"2023-08-30T14:43:24","guid":{"rendered":"https:\/\/hebergement2.ch\/?p=29582"},"modified":"2025-09-25T12:21:01","modified_gmt":"2025-09-25T10:21:01","slug":"ecole-suisse-de-sports-de-neige","status":"publish","type":"post","link":"https:\/\/ess-villars.ch\/fr\/blogs\/item\/2554-episode-18-ecole-suisse-de-sports-de-neige","title":{"rendered":"Episode 18: Ecole Suisse de&#8230; Sports de Neige&#8230;"},"content":{"rendered":"<h2>Ecole Suisse de&#8230; Sports de Neige&#8230;<\/h2>\n<p><img fetchpriority=\"high\" decoding=\"async\" class=\"aligncenter size-large wp-image-29585\" src=\"https:\/\/ess-villars.ch\/wp-content\/uploads\/2023\/08\/IMG_0022-Squal-1024x717.jpg\" alt=\"\" width=\"800\" height=\"560\" srcset=\"https:\/\/ess-villars.ch\/wp-content\/uploads\/2023\/08\/IMG_0022-Squal-1024x717.jpg 1024w, https:\/\/ess-villars.ch\/wp-content\/uploads\/2023\/08\/IMG_0022-Squal-300x210.jpg 300w, https:\/\/ess-villars.ch\/wp-content\/uploads\/2023\/08\/IMG_0022-Squal-768x538.jpg 768w, https:\/\/ess-villars.ch\/wp-content\/uploads\/2023\/08\/IMG_0022-Squal.jpg 1500w\" sizes=\"(max-width: 800px) 100vw, 800px\" \/><\/p>\n<p>L\u2019activit\u00e9 de l\u2019Ecole Suisse de Ski et de Snowboard de Villars ne s\u2019est jamais r\u00e9duite qu\u2019au simple enseignement du ski et du snowboard.<\/p>\n<p>Depuis sa fondation, l\u2019ESS a propos\u00e9 des cours de ski de fond, que ce soit en compl\u00e9ment ou en alternative au ski alpin.<\/p>\n<p>Au \ufb01l des ann\u00e9es, l\u2019ESS a su s\u2019adapter aux diff\u00e9rentes modes et \u00e9volutions des sports de glisse. Ainsi, du ski \u00ab compact \u00bb au monoski, du \u00ab ski artistique \u00bb au Skwal, les moniteurs ont dispens\u00e9 leur enseignement sur toutes sortes d\u2019engins. Sans oublier les conseils avis\u00e9s d\u2019Andr\u00e9e Olloz \u00e0 Sir George Solti, fervent adepte du\u2026Ski-bob\u2026<\/p>\n<p><img decoding=\"async\" class=\"aligncenter size-large wp-image-29583\" src=\"https:\/\/ess-villars.ch\/wp-content\/uploads\/2023\/08\/ESS-90-00-9-1024x773.jpg\" alt=\"\" width=\"800\" height=\"604\" srcset=\"https:\/\/ess-villars.ch\/wp-content\/uploads\/2023\/08\/ESS-90-00-9-1024x773.jpg 1024w, https:\/\/ess-villars.ch\/wp-content\/uploads\/2023\/08\/ESS-90-00-9-300x226.jpg 300w, https:\/\/ess-villars.ch\/wp-content\/uploads\/2023\/08\/ESS-90-00-9-768x580.jpg 768w, https:\/\/ess-villars.ch\/wp-content\/uploads\/2023\/08\/ESS-90-00-9-1536x1159.jpg 1536w, https:\/\/ess-villars.ch\/wp-content\/uploads\/2023\/08\/ESS-90-00-9.jpg 2031w\" sizes=\"(max-width: 800px) 100vw, 800px\" \/><\/p>\n<p>Dans les ann\u00e9es 80, alors que ses coll\u00e8gues d\u00e9couvrent le surf des neiges, Christophe Smith, teste les premiers prototypes de parapente. \u00ab Avec les premi\u00e8res ailes, il arrivait les bons jours de ne toucher que deux ou trois fois la neige entre le sommet du Chamossaire et le lac de Bretaye \u00bb se souvient- il\u2026 Depuis, les voiles ont bien \u00e9volu\u00e9 et Christophe peut exercer sa passion en faisant voler les h\u00f4tes de la station.<\/p>\n<p><img decoding=\"async\" class=\"aligncenter size-large wp-image-29584\" src=\"https:\/\/ess-villars.ch\/wp-content\/uploads\/2023\/08\/IMG_0023-2-674x1024.jpg\" alt=\"\" width=\"674\" height=\"1024\" srcset=\"https:\/\/ess-villars.ch\/wp-content\/uploads\/2023\/08\/IMG_0023-2-674x1024.jpg 674w, https:\/\/ess-villars.ch\/wp-content\/uploads\/2023\/08\/IMG_0023-2-197x300.jpg 197w, https:\/\/ess-villars.ch\/wp-content\/uploads\/2023\/08\/IMG_0023-2-768x1167.jpg 768w, https:\/\/ess-villars.ch\/wp-content\/uploads\/2023\/08\/IMG_0023-2-1011x1536.jpg 1011w, https:\/\/ess-villars.ch\/wp-content\/uploads\/2023\/08\/IMG_0023-2.jpg 1050w\" sizes=\"(max-width: 674px) 100vw, 674px\" \/><\/p>\n<p>Les ann\u00e9es 90 voient le retour en gr\u00e2ce du T\u00e9l\u00e9mark et en 1993, Alexandre Z\u2019Berg devient le premier professeur de l\u2019ESS Villars \u00e0 poss\u00e9der les trois brevets de Ski, Snowboard et T\u00e9l\u00e9mark.<\/p>\n<p>Ces derni\u00e8res ann\u00e9es, l\u2019engouement pour le \u00ab Free-ride \u00bb ne cesse d\u2019augmenter et les professeurs de ski \u0153uvrent \u00e0 conjuguer s\u00e9curit\u00e9 et joies du ski hors-piste. Les guides de montagnes emm\u00e8nent les amoureux de la sur les plus beaux \u00e0 peau de phoque en h\u00e9licopt\u00e8re\u2026 Derni\u00e8rement avec l\u2019\u00e9closion des snowparks, l\u2019ESS a \u00e9galement un fort d\u00e9veloppement \u00ab Free-style \u00bb.<\/p>\n<p>On assiste \u00e9galement \u00e0 un retour force des sports \u00ab nature \u00bb et semaine, de deux \u00e0 cinq sillonnent notre belle \u00e0 pied ou en raquettes, en compagnie des clients du Club Mediterran\u00e9e.<\/p>\n","protected":false},"excerpt":{"rendered":"<p>Ecole Suisse de&#8230; Sports de Neige&#8230; L\u2019activit\u00e9 de l\u2019Ecole Suisse de Ski et de Snowboard de Villars ne s\u2019est jamais r\u00e9duite qu\u2019au simple enseignement du ski et du snowboard. Depuis sa fondation, l\u2019ESS a propos\u00e9 des cours de ski de fond, que ce soit en compl\u00e9ment ou en alternative au ski alpin. Au \ufb01l des [&hellip;]<\/p>\n","protected":false},"author":1,"featured_media":29585,"comment_status":"open","ping_status":"open","sticky":false,"template":"","format":"standard","meta":{"_acf_changed":false,"footnotes":""},"categories":[9],"tags":[],"class_list":["post-29582","post","type-post","status-publish","format-standard","has-post-thumbnail","hentry","category-histoire"],"acf":[],"yoast_head":"<!-- This site is optimized with the Yoast SEO plugin v27.5 - https:\/\/yoast.com\/product\/yoast-seo-wordpress\/ -->\n<title>Episode 18: Ecole Suisse de... Sports de Neige... - ESS Villars<\/title>\n<meta name=\"description\" content=\"Ecole Suisse de... Sports de Neige... L\u2019activit\u00e9 de l\u2019Ecole Suisse de Ski et de Snowboard de Villars ne s\u2019est j...\" \/>\n<meta name=\"robots\" content=\"index, follow, max-snippet:-1, max-image-preview:large, max-video-preview:-1\" \/>\n<link rel=\"canonical\" href=\"https:\/\/ess-villars.ch\/fr\/blogs\/item\/2554-episode-18-ecole-suisse-de-sports-de-neige\/\" \/>\n<meta property=\"og:locale\" content=\"fr_FR\" \/>\n<meta property=\"og:type\" content=\"article\" \/>\n<meta property=\"og:title\" content=\"Episode 18: Ecole Suisse de... Sports de Neige... - ESS Villars\" \/>\n<meta property=\"og:description\" content=\"Ecole Suisse de... Sports de Neige... L\u2019activit\u00e9 de l\u2019Ecole Suisse de Ski et de Snowboard de Villars ne s\u2019est j...\" \/>\n<meta property=\"og:url\" content=\"https:\/\/ess-villars.ch\/fr\/blogs\/item\/2554-episode-18-ecole-suisse-de-sports-de-neige\" \/>\n<meta property=\"og:site_name\" content=\"ESS Villars\" \/>\n<meta property=\"article:published_time\" content=\"2023-08-30T14:43:24+00:00\" \/>\n<meta property=\"article:modified_time\" content=\"2025-09-25T10:21:01+00:00\" \/>\n<meta property=\"og:image\" content=\"https:\/\/ess-villars.ch\/wp-content\/uploads\/2023\/08\/IMG_0022-Squal.jpg\" \/>\n\t<meta property=\"og:image:width\" content=\"1500\" \/>\n\t<meta property=\"og:image:height\" content=\"1050\" \/>\n\t<meta property=\"og:image:type\" content=\"image\/jpeg\" \/>\n<meta name=\"author\" content=\"Admin_ess_1234\" \/>\n<meta name=\"twitter:card\" content=\"summary_large_image\" \/>\n<meta name=\"twitter:label1\" content=\"\u00c9crit par\" \/>\n\t<meta name=\"twitter:data1\" content=\"Admin_ess_1234\" \/>\n\t<meta name=\"twitter:label2\" content=\"Dur\u00e9e de lecture estim\u00e9e\" \/>\n\t<meta name=\"twitter:data2\" content=\"3 minutes\" \/>\n<script type=\"application\/ld+json\" class=\"yoast-schema-graph\">{\"@context\":\"https:\\\/\\\/schema.org\",\"@graph\":[{\"@type\":\"Article\",\"@id\":\"https:\\\/\\\/ess-villars.ch\\\/fr\\\/blogs\\\/item\\\/2554-episode-18-ecole-suisse-de-sports-de-neige#article\",\"isPartOf\":{\"@id\":\"https:\\\/\\\/ess-villars.ch\\\/fr\\\/blogs\\\/item\\\/2554-episode-18-ecole-suisse-de-sports-de-neige\"},\"author\":{\"name\":\"Admin_ess_1234\",\"@id\":\"https:\\\/\\\/ess-villars.ch\\\/fr\\\/#\\\/schema\\\/person\\\/0f30ecd734c125feb7718cb834b17b33\"},\"headline\":\"Episode 18: Ecole Suisse de&#8230; Sports de Neige&#8230;\",\"datePublished\":\"2023-08-30T14:43:24+00:00\",\"dateModified\":\"2025-09-25T10:21:01+00:00\",\"mainEntityOfPage\":{\"@id\":\"https:\\\/\\\/ess-villars.ch\\\/fr\\\/blogs\\\/item\\\/2554-episode-18-ecole-suisse-de-sports-de-neige\"},\"wordCount\":335,\"commentCount\":0,\"publisher\":{\"@id\":\"https:\\\/\\\/ess-villars.ch\\\/fr\\\/#organization\"},\"image\":{\"@id\":\"https:\\\/\\\/ess-villars.ch\\\/fr\\\/blogs\\\/item\\\/2554-episode-18-ecole-suisse-de-sports-de-neige#primaryimage\"},\"thumbnailUrl\":\"https:\\\/\\\/ess-villars.ch\\\/wp-content\\\/uploads\\\/2023\\\/08\\\/IMG_0022-Squal.jpg\",\"articleSection\":[\"Histoire\"],\"inLanguage\":\"fr-FR\",\"potentialAction\":[{\"@type\":\"CommentAction\",\"name\":\"Comment\",\"target\":[\"https:\\\/\\\/ess-villars.ch\\\/fr\\\/blogs\\\/item\\\/2554-episode-18-ecole-suisse-de-sports-de-neige#respond\"]}]},{\"@type\":\"WebPage\",\"@id\":\"https:\\\/\\\/ess-villars.ch\\\/fr\\\/blogs\\\/item\\\/2554-episode-18-ecole-suisse-de-sports-de-neige\",\"url\":\"https:\\\/\\\/ess-villars.ch\\\/fr\\\/blogs\\\/item\\\/2554-episode-18-ecole-suisse-de-sports-de-neige\",\"name\":\"Episode 18: Ecole Suisse de... Sports de Neige... - ESS Villars\",\"isPartOf\":{\"@id\":\"https:\\\/\\\/ess-villars.ch\\\/fr\\\/#website\"},\"primaryImageOfPage\":{\"@id\":\"https:\\\/\\\/ess-villars.ch\\\/fr\\\/blogs\\\/item\\\/2554-episode-18-ecole-suisse-de-sports-de-neige#primaryimage\"},\"image\":{\"@id\":\"https:\\\/\\\/ess-villars.ch\\\/fr\\\/blogs\\\/item\\\/2554-episode-18-ecole-suisse-de-sports-de-neige#primaryimage\"},\"thumbnailUrl\":\"https:\\\/\\\/ess-villars.ch\\\/wp-content\\\/uploads\\\/2023\\\/08\\\/IMG_0022-Squal.jpg\",\"datePublished\":\"2023-08-30T14:43:24+00:00\",\"dateModified\":\"2025-09-25T10:21:01+00:00\",\"description\":\"Ecole Suisse de... Sports de Neige... L\u2019activit\u00e9 de l\u2019Ecole Suisse de Ski et de Snowboard de Villars ne s\u2019est j...\",\"breadcrumb\":{\"@id\":\"https:\\\/\\\/ess-villars.ch\\\/fr\\\/blogs\\\/item\\\/2554-episode-18-ecole-suisse-de-sports-de-neige#breadcrumb\"},\"inLanguage\":\"fr-FR\",\"potentialAction\":[{\"@type\":\"ReadAction\",\"target\":[\"https:\\\/\\\/ess-villars.ch\\\/fr\\\/blogs\\\/item\\\/2554-episode-18-ecole-suisse-de-sports-de-neige\"]}]},{\"@type\":\"ImageObject\",\"inLanguage\":\"fr-FR\",\"@id\":\"https:\\\/\\\/ess-villars.ch\\\/fr\\\/blogs\\\/item\\\/2554-episode-18-ecole-suisse-de-sports-de-neige#primaryimage\",\"url\":\"https:\\\/\\\/ess-villars.ch\\\/wp-content\\\/uploads\\\/2023\\\/08\\\/IMG_0022-Squal.jpg\",\"contentUrl\":\"https:\\\/\\\/ess-villars.ch\\\/wp-content\\\/uploads\\\/2023\\\/08\\\/IMG_0022-Squal.jpg\",\"width\":1500,\"height\":1050},{\"@type\":\"BreadcrumbList\",\"@id\":\"https:\\\/\\\/ess-villars.ch\\\/fr\\\/blogs\\\/item\\\/2554-episode-18-ecole-suisse-de-sports-de-neige#breadcrumb\",\"itemListElement\":[{\"@type\":\"ListItem\",\"position\":1,\"name\":\"Home\",\"item\":\"https:\\\/\\\/ess-villars.ch\\\/fr\\\/\"},{\"@type\":\"ListItem\",\"position\":2,\"name\":\"Episode 18: Ecole Suisse de&#8230; Sports de Neige&#8230;\"}]},{\"@type\":\"WebSite\",\"@id\":\"https:\\\/\\\/ess-villars.ch\\\/fr\\\/#website\",\"url\":\"https:\\\/\\\/ess-villars.ch\\\/fr\\\/\",\"name\":\"ESS Villars\",\"description\":\"Join the red legend !\",\"publisher\":{\"@id\":\"https:\\\/\\\/ess-villars.ch\\\/fr\\\/#organization\"},\"potentialAction\":[{\"@type\":\"SearchAction\",\"target\":{\"@type\":\"EntryPoint\",\"urlTemplate\":\"https:\\\/\\\/ess-villars.ch\\\/fr\\\/?s={search_term_string}\"},\"query-input\":{\"@type\":\"PropertyValueSpecification\",\"valueRequired\":true,\"valueName\":\"search_term_string\"}}],\"inLanguage\":\"fr-FR\"},{\"@type\":\"Organization\",\"@id\":\"https:\\\/\\\/ess-villars.ch\\\/fr\\\/#organization\",\"name\":\"ESS Villars\",\"url\":\"https:\\\/\\\/ess-villars.ch\\\/fr\\\/\",\"logo\":{\"@type\":\"ImageObject\",\"inLanguage\":\"fr-FR\",\"@id\":\"https:\\\/\\\/ess-villars.ch\\\/fr\\\/#\\\/schema\\\/logo\\\/image\\\/\",\"url\":\"https:\\\/\\\/ess-villars.ch\\\/wp-content\\\/uploads\\\/2023\\\/08\\\/ESS_Villars_logo_png.png\",\"contentUrl\":\"https:\\\/\\\/ess-villars.ch\\\/wp-content\\\/uploads\\\/2023\\\/08\\\/ESS_Villars_logo_png.png\",\"width\":1181,\"height\":1181,\"caption\":\"ESS Villars\"},\"image\":{\"@id\":\"https:\\\/\\\/ess-villars.ch\\\/fr\\\/#\\\/schema\\\/logo\\\/image\\\/\"}},{\"@type\":\"Person\",\"@id\":\"https:\\\/\\\/ess-villars.ch\\\/fr\\\/#\\\/schema\\\/person\\\/0f30ecd734c125feb7718cb834b17b33\",\"name\":\"Admin_ess_1234\",\"image\":{\"@type\":\"ImageObject\",\"inLanguage\":\"fr-FR\",\"@id\":\"https:\\\/\\\/secure.gravatar.com\\\/avatar\\\/5fa0ab8129cd20f0a7834bfabb7e7a1558862e46633c891c431236a50cc39ab9?s=96&d=mm&r=g\",\"url\":\"https:\\\/\\\/secure.gravatar.com\\\/avatar\\\/5fa0ab8129cd20f0a7834bfabb7e7a1558862e46633c891c431236a50cc39ab9?s=96&d=mm&r=g\",\"contentUrl\":\"https:\\\/\\\/secure.gravatar.com\\\/avatar\\\/5fa0ab8129cd20f0a7834bfabb7e7a1558862e46633c891c431236a50cc39ab9?s=96&d=mm&r=g\",\"caption\":\"Admin_ess_1234\"},\"sameAs\":[\"https:\\\/\\\/ess-villars.ch\"]}]}<\/script>\n<!-- \/ Yoast SEO plugin. -->","yoast_head_json":{"title":"Episode 18: Ecole Suisse de... Sports de Neige... - ESS Villars","description":"Ecole Suisse de... Sports de Neige... L\u2019activit\u00e9 de l\u2019Ecole Suisse de Ski et de Snowboard de Villars ne s\u2019est j...","robots":{"index":"index","follow":"follow","max-snippet":"max-snippet:-1","max-image-preview":"max-image-preview:large","max-video-preview":"max-video-preview:-1"},"canonical":"https:\/\/ess-villars.ch\/fr\/blogs\/item\/2554-episode-18-ecole-suisse-de-sports-de-neige\/","og_locale":"fr_FR","og_type":"article","og_title":"Episode 18: Ecole Suisse de... Sports de Neige... - ESS Villars","og_description":"Ecole Suisse de... Sports de Neige... L\u2019activit\u00e9 de l\u2019Ecole Suisse de Ski et de Snowboard de Villars ne s\u2019est j...","og_url":"https:\/\/ess-villars.ch\/fr\/blogs\/item\/2554-episode-18-ecole-suisse-de-sports-de-neige","og_site_name":"ESS Villars","article_published_time":"2023-08-30T14:43:24+00:00","article_modified_time":"2025-09-25T10:21:01+00:00","og_image":[{"width":1500,"height":1050,"url":"https:\/\/ess-villars.ch\/wp-content\/uploads\/2023\/08\/IMG_0022-Squal.jpg","type":"image\/jpeg"}],"author":"Admin_ess_1234","twitter_card":"summary_large_image","twitter_misc":{"\u00c9crit par":"Admin_ess_1234","Dur\u00e9e de lecture estim\u00e9e":"3 minutes"},"schema":{"@context":"https:\/\/schema.org","@graph":[{"@type":"Article","@id":"https:\/\/ess-villars.ch\/fr\/blogs\/item\/2554-episode-18-ecole-suisse-de-sports-de-neige#article","isPartOf":{"@id":"https:\/\/ess-villars.ch\/fr\/blogs\/item\/2554-episode-18-ecole-suisse-de-sports-de-neige"},"author":{"name":"Admin_ess_1234","@id":"https:\/\/ess-villars.ch\/fr\/#\/schema\/person\/0f30ecd734c125feb7718cb834b17b33"},"headline":"Episode 18: Ecole Suisse de&#8230; Sports de Neige&#8230;","datePublished":"2023-08-30T14:43:24+00:00","dateModified":"2025-09-25T10:21:01+00:00","mainEntityOfPage":{"@id":"https:\/\/ess-villars.ch\/fr\/blogs\/item\/2554-episode-18-ecole-suisse-de-sports-de-neige"},"wordCount":335,"commentCount":0,"publisher":{"@id":"https:\/\/ess-villars.ch\/fr\/#organization"},"image":{"@id":"https:\/\/ess-villars.ch\/fr\/blogs\/item\/2554-episode-18-ecole-suisse-de-sports-de-neige#primaryimage"},"thumbnailUrl":"https:\/\/ess-villars.ch\/wp-content\/uploads\/2023\/08\/IMG_0022-Squal.jpg","articleSection":["Histoire"],"inLanguage":"fr-FR","potentialAction":[{"@type":"CommentAction","name":"Comment","target":["https:\/\/ess-villars.ch\/fr\/blogs\/item\/2554-episode-18-ecole-suisse-de-sports-de-neige#respond"]}]},{"@type":"WebPage","@id":"https:\/\/ess-villars.ch\/fr\/blogs\/item\/2554-episode-18-ecole-suisse-de-sports-de-neige","url":"https:\/\/ess-villars.ch\/fr\/blogs\/item\/2554-episode-18-ecole-suisse-de-sports-de-neige","name":"Episode 18: Ecole Suisse de... Sports de Neige... - ESS Villars","isPartOf":{"@id":"https:\/\/ess-villars.ch\/fr\/#website"},"primaryImageOfPage":{"@id":"https:\/\/ess-villars.ch\/fr\/blogs\/item\/2554-episode-18-ecole-suisse-de-sports-de-neige#primaryimage"},"image":{"@id":"https:\/\/ess-villars.ch\/fr\/blogs\/item\/2554-episode-18-ecole-suisse-de-sports-de-neige#primaryimage"},"thumbnailUrl":"https:\/\/ess-villars.ch\/wp-content\/uploads\/2023\/08\/IMG_0022-Squal.jpg","datePublished":"2023-08-30T14:43:24+00:00","dateModified":"2025-09-25T10:21:01+00:00","description":"Ecole Suisse de... Sports de Neige... L\u2019activit\u00e9 de l\u2019Ecole Suisse de Ski et de Snowboard de Villars ne s\u2019est j...","breadcrumb":{"@id":"https:\/\/ess-villars.ch\/fr\/blogs\/item\/2554-episode-18-ecole-suisse-de-sports-de-neige#breadcrumb"},"inLanguage":"fr-FR","potentialAction":[{"@type":"ReadAction","target":["https:\/\/ess-villars.ch\/fr\/blogs\/item\/2554-episode-18-ecole-suisse-de-sports-de-neige"]}]},{"@type":"ImageObject","inLanguage":"fr-FR","@id":"https:\/\/ess-villars.ch\/fr\/blogs\/item\/2554-episode-18-ecole-suisse-de-sports-de-neige#primaryimage","url":"https:\/\/ess-villars.ch\/wp-content\/uploads\/2023\/08\/IMG_0022-Squal.jpg","contentUrl":"https:\/\/ess-villars.ch\/wp-content\/uploads\/2023\/08\/IMG_0022-Squal.jpg","width":1500,"height":1050},{"@type":"BreadcrumbList","@id":"https:\/\/ess-villars.ch\/fr\/blogs\/item\/2554-episode-18-ecole-suisse-de-sports-de-neige#breadcrumb","itemListElement":[{"@type":"ListItem","position":1,"name":"Home","item":"https:\/\/ess-villars.ch\/fr\/"},{"@type":"ListItem","position":2,"name":"Episode 18: Ecole Suisse de&#8230; Sports de Neige&#8230;"}]},{"@type":"WebSite","@id":"https:\/\/ess-villars.ch\/fr\/#website","url":"https:\/\/ess-villars.ch\/fr\/","name":"ESS Villars","description":"Join the red legend !","publisher":{"@id":"https:\/\/ess-villars.ch\/fr\/#organization"},"potentialAction":[{"@type":"SearchAction","target":{"@type":"EntryPoint","urlTemplate":"https:\/\/ess-villars.ch\/fr\/?s={search_term_string}"},"query-input":{"@type":"PropertyValueSpecification","valueRequired":true,"valueName":"search_term_string"}}],"inLanguage":"fr-FR"},{"@type":"Organization","@id":"https:\/\/ess-villars.ch\/fr\/#organization","name":"ESS Villars","url":"https:\/\/ess-villars.ch\/fr\/","logo":{"@type":"ImageObject","inLanguage":"fr-FR","@id":"https:\/\/ess-villars.ch\/fr\/#\/schema\/logo\/image\/","url":"https:\/\/ess-villars.ch\/wp-content\/uploads\/2023\/08\/ESS_Villars_logo_png.png","contentUrl":"https:\/\/ess-villars.ch\/wp-content\/uploads\/2023\/08\/ESS_Villars_logo_png.png","width":1181,"height":1181,"caption":"ESS Villars"},"image":{"@id":"https:\/\/ess-villars.ch\/fr\/#\/schema\/logo\/image\/"}},{"@type":"Person","@id":"https:\/\/ess-villars.ch\/fr\/#\/schema\/person\/0f30ecd734c125feb7718cb834b17b33","name":"Admin_ess_1234","image":{"@type":"ImageObject","inLanguage":"fr-FR","@id":"https:\/\/secure.gravatar.com\/avatar\/5fa0ab8129cd20f0a7834bfabb7e7a1558862e46633c891c431236a50cc39ab9?s=96&d=mm&r=g","url":"https:\/\/secure.gravatar.com\/avatar\/5fa0ab8129cd20f0a7834bfabb7e7a1558862e46633c891c431236a50cc39ab9?s=96&d=mm&r=g","contentUrl":"https:\/\/secure.gravatar.com\/avatar\/5fa0ab8129cd20f0a7834bfabb7e7a1558862e46633c891c431236a50cc39ab9?s=96&d=mm&r=g","caption":"Admin_ess_1234"},"sameAs":["https:\/\/ess-villars.ch"]}]}},"_links":{"self":[{"href":"https:\/\/ess-villars.ch\/fr\/wp-json\/wp\/v2\/posts\/29582","targetHints":{"allow":["GET"]}}],"collection":[{"href":"https:\/\/ess-villars.ch\/fr\/wp-json\/wp\/v2\/posts"}],"about":[{"href":"https:\/\/ess-villars.ch\/fr\/wp-json\/wp\/v2\/types\/post"}],"author":[{"embeddable":true,"href":"https:\/\/ess-villars.ch\/fr\/wp-json\/wp\/v2\/users\/1"}],"replies":[{"embeddable":true,"href":"https:\/\/ess-villars.ch\/fr\/wp-json\/wp\/v2\/comments?post=29582"}],"version-history":[{"count":1,"href":"https:\/\/ess-villars.ch\/fr\/wp-json\/wp\/v2\/posts\/29582\/revisions"}],"predecessor-version":[{"id":29586,"href":"https:\/\/ess-villars.ch\/fr\/wp-json\/wp\/v2\/posts\/29582\/revisions\/29586"}],"wp:featuredmedia":[{"embeddable":true,"href":"https:\/\/ess-villars.ch\/fr\/wp-json\/wp\/v2\/media\/29585"}],"wp:attachment":[{"href":"https:\/\/ess-villars.ch\/fr\/wp-json\/wp\/v2\/media?parent=29582"}],"wp:term":[{"taxonomy":"category","embeddable":true,"href":"https:\/\/ess-villars.ch\/fr\/wp-json\/wp\/v2\/categories?post=29582"},{"taxonomy":"post_tag","embeddable":true,"href":"https:\/\/ess-villars.ch\/fr\/wp-json\/wp\/v2\/tags?post=29582"}],"curies":[{"name":"wp","href":"https:\/\/api.w.org\/{rel}","templated":true}]}}