{"id":29575,"date":"2023-08-30T16:42:24","date_gmt":"2023-08-30T14:42:24","guid":{"rendered":"https:\/\/hebergement2.ch\/?p=29575"},"modified":"2025-09-25T12:21:09","modified_gmt":"2025-09-25T10:21:09","slug":"les-annees-90","status":"publish","type":"post","link":"https:\/\/ess-villars.ch\/fr\/blogs\/item\/2555-episode-19-les-annees-90","title":{"rendered":"Episode 19: Les ann\u00e9es 90&prime;"},"content":{"rendered":"<h2>Les ann\u00e9es 90&prime;<\/h2>\n<p>Dans le milieu du ski, l\u2019arriv\u00e9e des premiers skis taill\u00e9s change consid\u00e9rablement la donne technique.<\/p>\n<p>En 1992, Annick Bonzon participe aux Jeux Olympiques d\u2019Albertville tandis que C\u00e9line Daetwyler obtient \u00e0 Maribor sa deuxi\u00e8me couronne mondiale chez les Juniors.<\/p>\n<p>Les ann\u00e9es 90 voient\u00a0aussi se poursuivre la progression du snowboard. Sur les pistes de ski, le snowboard est pass\u00e9, en 20 ans \u00e0 peine, du statut d\u2019h\u00f4te impopulaire \u00e0 celui de sport de neige incontournable.<\/p>\n<p><img fetchpriority=\"high\" decoding=\"async\" class=\"aligncenter size-large wp-image-29578\" src=\"https:\/\/ess-villars.ch\/wp-content\/uploads\/2023\/08\/ESS-90-00-32-1024x739.jpg\" alt=\"\" width=\"800\" height=\"577\" srcset=\"https:\/\/ess-villars.ch\/wp-content\/uploads\/2023\/08\/ESS-90-00-32-1024x739.jpg 1024w, https:\/\/ess-villars.ch\/wp-content\/uploads\/2023\/08\/ESS-90-00-32-300x216.jpg 300w, https:\/\/ess-villars.ch\/wp-content\/uploads\/2023\/08\/ESS-90-00-32-768x554.jpg 768w, https:\/\/ess-villars.ch\/wp-content\/uploads\/2023\/08\/ESS-90-00-32-1536x1108.jpg 1536w, https:\/\/ess-villars.ch\/wp-content\/uploads\/2023\/08\/ESS-90-00-32-2048x1477.jpg 2048w\" sizes=\"(max-width: 800px) 100vw, 800px\" \/><\/p>\n<p>Avec le d\u00e9veloppement des compagnies a\u00e9riennes et la multiplication des vols charters, les stations de ski sont de plus en plus concurrenc\u00e9es par les destinations baln\u00e9aires. A Villars, de plus en plus de gens acqui\u00e8rent une r\u00e9sidence secondaire. On assiste \u00e0 une nette internationalisation des h\u00f4tes de la station, plus particuli\u00e8rement \u00e0 une forte recrudescence de la client\u00e8le anglaise, hollandaise et italienne.<\/p>\n<p>Au niveau des pistes de ski, les liaisons avec Gryon et les Diablerets sont am\u00e9lior\u00e9es avec le remplacement du t\u00e9l\u00e9ski de la Gryonne, la construction du t\u00e9l\u00e9si\u00e8ge \u00ab Sodoleuvre-La Croix des Chaux \u00bb et de celui de \u00ab Conche-Perche \u00bb. On assiste \u00e9galement au remplacement des t\u00e9l\u00e9si\u00e8ges du Lac Noir et du Grand Chamossaire par deux installations de derni\u00e8re g\u00e9n\u00e9ration.<\/p>\n<p>La direction de l\u2019Ecole Suisse de Ski est reprise en 1989 par Michel Martin. D\u00e8s son arriv\u00e9e, Michel est confront\u00e9 \u00e0 l\u2019une des saisons les moins enneig\u00e9es du si\u00e8cle : \u00e0 No\u00ebl, seul le t\u00e9l\u00e9ski du Roc d\u2019Orsay fonctionne.<\/p>\n<p><img decoding=\"async\" class=\"aligncenter size-large wp-image-29579\" src=\"https:\/\/ess-villars.ch\/wp-content\/uploads\/2023\/08\/groupe-1024x692.jpg\" alt=\"\" width=\"800\" height=\"541\" srcset=\"https:\/\/ess-villars.ch\/wp-content\/uploads\/2023\/08\/groupe-1024x692.jpg 1024w, https:\/\/ess-villars.ch\/wp-content\/uploads\/2023\/08\/groupe-300x203.jpg 300w, https:\/\/ess-villars.ch\/wp-content\/uploads\/2023\/08\/groupe-768x519.jpg 768w, https:\/\/ess-villars.ch\/wp-content\/uploads\/2023\/08\/groupe-1536x1038.jpg 1536w, https:\/\/ess-villars.ch\/wp-content\/uploads\/2023\/08\/groupe-2048x1384.jpg 2048w\" sizes=\"(max-width: 800px) 100vw, 800px\" \/><\/p>\n<p>C&rsquo;est \u00e0 cette \u00e9poque que Michel Martin cr\u00e9e les pr\u00e9-OJ pour pallier \u00e0 la fermeture du nid de \u00ab Mlle Georgette \u00bb. Marc-Henri Duc lance ensuite le \u00ab ski juniors \u00bb et l\u2019on met en place, \u00e0 Bretaye comme \u00e0 Villars, des \u00ab jardins des neiges \u00bb ferm\u00e9s et s\u00e9curis\u00e9s, d\u00e9volus \u00e0\u00a0l\u2019enseignement du ski\u00a0aux enfants.<\/p>\n<p><img decoding=\"async\" class=\"aligncenter size-large wp-image-29572\" src=\"https:\/\/ess-villars.ch\/wp-content\/uploads\/2023\/08\/IMG_0008-groupe-ESS-1024x470.jpg\" alt=\"\" width=\"800\" height=\"367\" srcset=\"https:\/\/ess-villars.ch\/wp-content\/uploads\/2023\/08\/IMG_0008-groupe-ESS-1024x470.jpg 1024w, https:\/\/ess-villars.ch\/wp-content\/uploads\/2023\/08\/IMG_0008-groupe-ESS-300x138.jpg 300w, https:\/\/ess-villars.ch\/wp-content\/uploads\/2023\/08\/IMG_0008-groupe-ESS-768x353.jpg 768w, https:\/\/ess-villars.ch\/wp-content\/uploads\/2023\/08\/IMG_0008-groupe-ESS-1536x706.jpg 1536w, https:\/\/ess-villars.ch\/wp-content\/uploads\/2023\/08\/IMG_0008-groupe-ESS-2048x941.jpg 2048w\" sizes=\"(max-width: 800px) 100vw, 800px\" \/><\/p>\n","protected":false},"excerpt":{"rendered":"<p>Les ann\u00e9es 90&prime; Dans le milieu du ski, l\u2019arriv\u00e9e des premiers skis taill\u00e9s change consid\u00e9rablement la donne technique. En 1992, Annick Bonzon participe aux Jeux Olympiques d\u2019Albertville tandis que C\u00e9line Daetwyler obtient \u00e0 Maribor sa deuxi\u00e8me couronne mondiale chez les Juniors. Les ann\u00e9es 90 voient\u00a0aussi se poursuivre la progression du snowboard. Sur les pistes de [&hellip;]<\/p>\n","protected":false},"author":1,"featured_media":29579,"comment_status":"open","ping_status":"open","sticky":false,"template":"","format":"standard","meta":{"_acf_changed":false,"footnotes":""},"categories":[9],"tags":[],"class_list":["post-29575","post","type-post","status-publish","format-standard","has-post-thumbnail","hentry","category-histoire"],"acf":[],"yoast_head":"<!-- This site is optimized with the Yoast SEO plugin v27.5 - https:\/\/yoast.com\/product\/yoast-seo-wordpress\/ -->\n<title>Episode 19: Les ann\u00e9es 90&#039; - ESS Villars<\/title>\n<meta name=\"description\" content=\"Les ann\u00e9es 90&#039; Dans le milieu du ski, l\u2019arriv\u00e9e des premiers skis taill\u00e9s change consid\u00e9rablement la donne technique...\" \/>\n<meta name=\"robots\" content=\"index, follow, max-snippet:-1, max-image-preview:large, max-video-preview:-1\" \/>\n<link rel=\"canonical\" href=\"https:\/\/ess-villars.ch\/fr\/blogs\/item\/2555-episode-19-les-annees-90\/\" \/>\n<meta property=\"og:locale\" content=\"fr_FR\" \/>\n<meta property=\"og:type\" content=\"article\" \/>\n<meta property=\"og:title\" content=\"Episode 19: Les ann\u00e9es 90&#039; - ESS Villars\" \/>\n<meta property=\"og:description\" content=\"Les ann\u00e9es 90&#039; Dans le milieu du ski, l\u2019arriv\u00e9e des premiers skis taill\u00e9s change consid\u00e9rablement la donne technique...\" \/>\n<meta property=\"og:url\" content=\"https:\/\/ess-villars.ch\/fr\/blogs\/item\/2555-episode-19-les-annees-90\" \/>\n<meta property=\"og:site_name\" content=\"ESS Villars\" \/>\n<meta property=\"article:published_time\" content=\"2023-08-30T14:42:24+00:00\" \/>\n<meta property=\"article:modified_time\" content=\"2025-09-25T10:21:09+00:00\" \/>\n<meta property=\"og:image\" content=\"https:\/\/ess-villars.ch\/wp-content\/uploads\/2023\/08\/groupe.jpg\" \/>\n\t<meta property=\"og:image:width\" content=\"2208\" \/>\n\t<meta property=\"og:image:height\" content=\"1492\" \/>\n\t<meta property=\"og:image:type\" content=\"image\/jpeg\" \/>\n<meta name=\"author\" content=\"Admin_ess_1234\" \/>\n<meta name=\"twitter:card\" content=\"summary_large_image\" \/>\n<meta name=\"twitter:label1\" content=\"\u00c9crit par\" \/>\n\t<meta name=\"twitter:data1\" content=\"Admin_ess_1234\" \/>\n\t<meta name=\"twitter:label2\" content=\"Dur\u00e9e de lecture estim\u00e9e\" \/>\n\t<meta name=\"twitter:data2\" content=\"3 minutes\" \/>\n<script type=\"application\/ld+json\" class=\"yoast-schema-graph\">{\"@context\":\"https:\\\/\\\/schema.org\",\"@graph\":[{\"@type\":\"Article\",\"@id\":\"https:\\\/\\\/ess-villars.ch\\\/fr\\\/blogs\\\/item\\\/2555-episode-19-les-annees-90#article\",\"isPartOf\":{\"@id\":\"https:\\\/\\\/ess-villars.ch\\\/fr\\\/blogs\\\/item\\\/2555-episode-19-les-annees-90\"},\"author\":{\"name\":\"Admin_ess_1234\",\"@id\":\"https:\\\/\\\/ess-villars.ch\\\/fr\\\/#\\\/schema\\\/person\\\/0f30ecd734c125feb7718cb834b17b33\"},\"headline\":\"Episode 19: Les ann\u00e9es 90&prime;\",\"datePublished\":\"2023-08-30T14:42:24+00:00\",\"dateModified\":\"2025-09-25T10:21:09+00:00\",\"mainEntityOfPage\":{\"@id\":\"https:\\\/\\\/ess-villars.ch\\\/fr\\\/blogs\\\/item\\\/2555-episode-19-les-annees-90\"},\"wordCount\":323,\"commentCount\":0,\"publisher\":{\"@id\":\"https:\\\/\\\/ess-villars.ch\\\/fr\\\/#organization\"},\"image\":{\"@id\":\"https:\\\/\\\/ess-villars.ch\\\/fr\\\/blogs\\\/item\\\/2555-episode-19-les-annees-90#primaryimage\"},\"thumbnailUrl\":\"https:\\\/\\\/ess-villars.ch\\\/wp-content\\\/uploads\\\/2023\\\/08\\\/groupe.jpg\",\"articleSection\":[\"Histoire\"],\"inLanguage\":\"fr-FR\",\"potentialAction\":[{\"@type\":\"CommentAction\",\"name\":\"Comment\",\"target\":[\"https:\\\/\\\/ess-villars.ch\\\/fr\\\/blogs\\\/item\\\/2555-episode-19-les-annees-90#respond\"]}]},{\"@type\":\"WebPage\",\"@id\":\"https:\\\/\\\/ess-villars.ch\\\/fr\\\/blogs\\\/item\\\/2555-episode-19-les-annees-90\",\"url\":\"https:\\\/\\\/ess-villars.ch\\\/fr\\\/blogs\\\/item\\\/2555-episode-19-les-annees-90\",\"name\":\"Episode 19: Les ann\u00e9es 90' - ESS Villars\",\"isPartOf\":{\"@id\":\"https:\\\/\\\/ess-villars.ch\\\/fr\\\/#website\"},\"primaryImageOfPage\":{\"@id\":\"https:\\\/\\\/ess-villars.ch\\\/fr\\\/blogs\\\/item\\\/2555-episode-19-les-annees-90#primaryimage\"},\"image\":{\"@id\":\"https:\\\/\\\/ess-villars.ch\\\/fr\\\/blogs\\\/item\\\/2555-episode-19-les-annees-90#primaryimage\"},\"thumbnailUrl\":\"https:\\\/\\\/ess-villars.ch\\\/wp-content\\\/uploads\\\/2023\\\/08\\\/groupe.jpg\",\"datePublished\":\"2023-08-30T14:42:24+00:00\",\"dateModified\":\"2025-09-25T10:21:09+00:00\",\"description\":\"Les ann\u00e9es 90' Dans le milieu du ski, l\u2019arriv\u00e9e des premiers skis taill\u00e9s change consid\u00e9rablement la donne technique...\",\"breadcrumb\":{\"@id\":\"https:\\\/\\\/ess-villars.ch\\\/fr\\\/blogs\\\/item\\\/2555-episode-19-les-annees-90#breadcrumb\"},\"inLanguage\":\"fr-FR\",\"potentialAction\":[{\"@type\":\"ReadAction\",\"target\":[\"https:\\\/\\\/ess-villars.ch\\\/fr\\\/blogs\\\/item\\\/2555-episode-19-les-annees-90\"]}]},{\"@type\":\"ImageObject\",\"inLanguage\":\"fr-FR\",\"@id\":\"https:\\\/\\\/ess-villars.ch\\\/fr\\\/blogs\\\/item\\\/2555-episode-19-les-annees-90#primaryimage\",\"url\":\"https:\\\/\\\/ess-villars.ch\\\/wp-content\\\/uploads\\\/2023\\\/08\\\/groupe.jpg\",\"contentUrl\":\"https:\\\/\\\/ess-villars.ch\\\/wp-content\\\/uploads\\\/2023\\\/08\\\/groupe.jpg\",\"width\":2208,\"height\":1492},{\"@type\":\"BreadcrumbList\",\"@id\":\"https:\\\/\\\/ess-villars.ch\\\/fr\\\/blogs\\\/item\\\/2555-episode-19-les-annees-90#breadcrumb\",\"itemListElement\":[{\"@type\":\"ListItem\",\"position\":1,\"name\":\"Home\",\"item\":\"https:\\\/\\\/ess-villars.ch\\\/fr\\\/\"},{\"@type\":\"ListItem\",\"position\":2,\"name\":\"Episode 19: Les ann\u00e9es 90&prime;\"}]},{\"@type\":\"WebSite\",\"@id\":\"https:\\\/\\\/ess-villars.ch\\\/fr\\\/#website\",\"url\":\"https:\\\/\\\/ess-villars.ch\\\/fr\\\/\",\"name\":\"ESS Villars\",\"description\":\"Join the red legend !\",\"publisher\":{\"@id\":\"https:\\\/\\\/ess-villars.ch\\\/fr\\\/#organization\"},\"potentialAction\":[{\"@type\":\"SearchAction\",\"target\":{\"@type\":\"EntryPoint\",\"urlTemplate\":\"https:\\\/\\\/ess-villars.ch\\\/fr\\\/?s={search_term_string}\"},\"query-input\":{\"@type\":\"PropertyValueSpecification\",\"valueRequired\":true,\"valueName\":\"search_term_string\"}}],\"inLanguage\":\"fr-FR\"},{\"@type\":\"Organization\",\"@id\":\"https:\\\/\\\/ess-villars.ch\\\/fr\\\/#organization\",\"name\":\"ESS Villars\",\"url\":\"https:\\\/\\\/ess-villars.ch\\\/fr\\\/\",\"logo\":{\"@type\":\"ImageObject\",\"inLanguage\":\"fr-FR\",\"@id\":\"https:\\\/\\\/ess-villars.ch\\\/fr\\\/#\\\/schema\\\/logo\\\/image\\\/\",\"url\":\"https:\\\/\\\/ess-villars.ch\\\/wp-content\\\/uploads\\\/2023\\\/08\\\/ESS_Villars_logo_png.png\",\"contentUrl\":\"https:\\\/\\\/ess-villars.ch\\\/wp-content\\\/uploads\\\/2023\\\/08\\\/ESS_Villars_logo_png.png\",\"width\":1181,\"height\":1181,\"caption\":\"ESS Villars\"},\"image\":{\"@id\":\"https:\\\/\\\/ess-villars.ch\\\/fr\\\/#\\\/schema\\\/logo\\\/image\\\/\"}},{\"@type\":\"Person\",\"@id\":\"https:\\\/\\\/ess-villars.ch\\\/fr\\\/#\\\/schema\\\/person\\\/0f30ecd734c125feb7718cb834b17b33\",\"name\":\"Admin_ess_1234\",\"image\":{\"@type\":\"ImageObject\",\"inLanguage\":\"fr-FR\",\"@id\":\"https:\\\/\\\/secure.gravatar.com\\\/avatar\\\/5fa0ab8129cd20f0a7834bfabb7e7a1558862e46633c891c431236a50cc39ab9?s=96&d=mm&r=g\",\"url\":\"https:\\\/\\\/secure.gravatar.com\\\/avatar\\\/5fa0ab8129cd20f0a7834bfabb7e7a1558862e46633c891c431236a50cc39ab9?s=96&d=mm&r=g\",\"contentUrl\":\"https:\\\/\\\/secure.gravatar.com\\\/avatar\\\/5fa0ab8129cd20f0a7834bfabb7e7a1558862e46633c891c431236a50cc39ab9?s=96&d=mm&r=g\",\"caption\":\"Admin_ess_1234\"},\"sameAs\":[\"https:\\\/\\\/ess-villars.ch\"]}]}<\/script>\n<!-- \/ Yoast SEO plugin. -->","yoast_head_json":{"title":"Episode 19: Les ann\u00e9es 90' - ESS Villars","description":"Les ann\u00e9es 90' Dans le milieu du ski, l\u2019arriv\u00e9e des premiers skis taill\u00e9s change consid\u00e9rablement la donne technique...","robots":{"index":"index","follow":"follow","max-snippet":"max-snippet:-1","max-image-preview":"max-image-preview:large","max-video-preview":"max-video-preview:-1"},"canonical":"https:\/\/ess-villars.ch\/fr\/blogs\/item\/2555-episode-19-les-annees-90\/","og_locale":"fr_FR","og_type":"article","og_title":"Episode 19: Les ann\u00e9es 90' - ESS Villars","og_description":"Les ann\u00e9es 90' Dans le milieu du ski, l\u2019arriv\u00e9e des premiers skis taill\u00e9s change consid\u00e9rablement la donne technique...","og_url":"https:\/\/ess-villars.ch\/fr\/blogs\/item\/2555-episode-19-les-annees-90","og_site_name":"ESS Villars","article_published_time":"2023-08-30T14:42:24+00:00","article_modified_time":"2025-09-25T10:21:09+00:00","og_image":[{"width":2208,"height":1492,"url":"https:\/\/ess-villars.ch\/wp-content\/uploads\/2023\/08\/groupe.jpg","type":"image\/jpeg"}],"author":"Admin_ess_1234","twitter_card":"summary_large_image","twitter_misc":{"\u00c9crit par":"Admin_ess_1234","Dur\u00e9e de lecture estim\u00e9e":"3 minutes"},"schema":{"@context":"https:\/\/schema.org","@graph":[{"@type":"Article","@id":"https:\/\/ess-villars.ch\/fr\/blogs\/item\/2555-episode-19-les-annees-90#article","isPartOf":{"@id":"https:\/\/ess-villars.ch\/fr\/blogs\/item\/2555-episode-19-les-annees-90"},"author":{"name":"Admin_ess_1234","@id":"https:\/\/ess-villars.ch\/fr\/#\/schema\/person\/0f30ecd734c125feb7718cb834b17b33"},"headline":"Episode 19: Les ann\u00e9es 90&prime;","datePublished":"2023-08-30T14:42:24+00:00","dateModified":"2025-09-25T10:21:09+00:00","mainEntityOfPage":{"@id":"https:\/\/ess-villars.ch\/fr\/blogs\/item\/2555-episode-19-les-annees-90"},"wordCount":323,"commentCount":0,"publisher":{"@id":"https:\/\/ess-villars.ch\/fr\/#organization"},"image":{"@id":"https:\/\/ess-villars.ch\/fr\/blogs\/item\/2555-episode-19-les-annees-90#primaryimage"},"thumbnailUrl":"https:\/\/ess-villars.ch\/wp-content\/uploads\/2023\/08\/groupe.jpg","articleSection":["Histoire"],"inLanguage":"fr-FR","potentialAction":[{"@type":"CommentAction","name":"Comment","target":["https:\/\/ess-villars.ch\/fr\/blogs\/item\/2555-episode-19-les-annees-90#respond"]}]},{"@type":"WebPage","@id":"https:\/\/ess-villars.ch\/fr\/blogs\/item\/2555-episode-19-les-annees-90","url":"https:\/\/ess-villars.ch\/fr\/blogs\/item\/2555-episode-19-les-annees-90","name":"Episode 19: Les ann\u00e9es 90' - ESS Villars","isPartOf":{"@id":"https:\/\/ess-villars.ch\/fr\/#website"},"primaryImageOfPage":{"@id":"https:\/\/ess-villars.ch\/fr\/blogs\/item\/2555-episode-19-les-annees-90#primaryimage"},"image":{"@id":"https:\/\/ess-villars.ch\/fr\/blogs\/item\/2555-episode-19-les-annees-90#primaryimage"},"thumbnailUrl":"https:\/\/ess-villars.ch\/wp-content\/uploads\/2023\/08\/groupe.jpg","datePublished":"2023-08-30T14:42:24+00:00","dateModified":"2025-09-25T10:21:09+00:00","description":"Les ann\u00e9es 90' Dans le milieu du ski, l\u2019arriv\u00e9e des premiers skis taill\u00e9s change consid\u00e9rablement la donne technique...","breadcrumb":{"@id":"https:\/\/ess-villars.ch\/fr\/blogs\/item\/2555-episode-19-les-annees-90#breadcrumb"},"inLanguage":"fr-FR","potentialAction":[{"@type":"ReadAction","target":["https:\/\/ess-villars.ch\/fr\/blogs\/item\/2555-episode-19-les-annees-90"]}]},{"@type":"ImageObject","inLanguage":"fr-FR","@id":"https:\/\/ess-villars.ch\/fr\/blogs\/item\/2555-episode-19-les-annees-90#primaryimage","url":"https:\/\/ess-villars.ch\/wp-content\/uploads\/2023\/08\/groupe.jpg","contentUrl":"https:\/\/ess-villars.ch\/wp-content\/uploads\/2023\/08\/groupe.jpg","width":2208,"height":1492},{"@type":"BreadcrumbList","@id":"https:\/\/ess-villars.ch\/fr\/blogs\/item\/2555-episode-19-les-annees-90#breadcrumb","itemListElement":[{"@type":"ListItem","position":1,"name":"Home","item":"https:\/\/ess-villars.ch\/fr\/"},{"@type":"ListItem","position":2,"name":"Episode 19: Les ann\u00e9es 90&prime;"}]},{"@type":"WebSite","@id":"https:\/\/ess-villars.ch\/fr\/#website","url":"https:\/\/ess-villars.ch\/fr\/","name":"ESS Villars","description":"Join the red legend !","publisher":{"@id":"https:\/\/ess-villars.ch\/fr\/#organization"},"potentialAction":[{"@type":"SearchAction","target":{"@type":"EntryPoint","urlTemplate":"https:\/\/ess-villars.ch\/fr\/?s={search_term_string}"},"query-input":{"@type":"PropertyValueSpecification","valueRequired":true,"valueName":"search_term_string"}}],"inLanguage":"fr-FR"},{"@type":"Organization","@id":"https:\/\/ess-villars.ch\/fr\/#organization","name":"ESS Villars","url":"https:\/\/ess-villars.ch\/fr\/","logo":{"@type":"ImageObject","inLanguage":"fr-FR","@id":"https:\/\/ess-villars.ch\/fr\/#\/schema\/logo\/image\/","url":"https:\/\/ess-villars.ch\/wp-content\/uploads\/2023\/08\/ESS_Villars_logo_png.png","contentUrl":"https:\/\/ess-villars.ch\/wp-content\/uploads\/2023\/08\/ESS_Villars_logo_png.png","width":1181,"height":1181,"caption":"ESS Villars"},"image":{"@id":"https:\/\/ess-villars.ch\/fr\/#\/schema\/logo\/image\/"}},{"@type":"Person","@id":"https:\/\/ess-villars.ch\/fr\/#\/schema\/person\/0f30ecd734c125feb7718cb834b17b33","name":"Admin_ess_1234","image":{"@type":"ImageObject","inLanguage":"fr-FR","@id":"https:\/\/secure.gravatar.com\/avatar\/5fa0ab8129cd20f0a7834bfabb7e7a1558862e46633c891c431236a50cc39ab9?s=96&d=mm&r=g","url":"https:\/\/secure.gravatar.com\/avatar\/5fa0ab8129cd20f0a7834bfabb7e7a1558862e46633c891c431236a50cc39ab9?s=96&d=mm&r=g","contentUrl":"https:\/\/secure.gravatar.com\/avatar\/5fa0ab8129cd20f0a7834bfabb7e7a1558862e46633c891c431236a50cc39ab9?s=96&d=mm&r=g","caption":"Admin_ess_1234"},"sameAs":["https:\/\/ess-villars.ch"]}]}},"_links":{"self":[{"href":"https:\/\/ess-villars.ch\/fr\/wp-json\/wp\/v2\/posts\/29575","targetHints":{"allow":["GET"]}}],"collection":[{"href":"https:\/\/ess-villars.ch\/fr\/wp-json\/wp\/v2\/posts"}],"about":[{"href":"https:\/\/ess-villars.ch\/fr\/wp-json\/wp\/v2\/types\/post"}],"author":[{"embeddable":true,"href":"https:\/\/ess-villars.ch\/fr\/wp-json\/wp\/v2\/users\/1"}],"replies":[{"embeddable":true,"href":"https:\/\/ess-villars.ch\/fr\/wp-json\/wp\/v2\/comments?post=29575"}],"version-history":[{"count":2,"href":"https:\/\/ess-villars.ch\/fr\/wp-json\/wp\/v2\/posts\/29575\/revisions"}],"predecessor-version":[{"id":29581,"href":"https:\/\/ess-villars.ch\/fr\/wp-json\/wp\/v2\/posts\/29575\/revisions\/29581"}],"wp:featuredmedia":[{"embeddable":true,"href":"https:\/\/ess-villars.ch\/fr\/wp-json\/wp\/v2\/media\/29579"}],"wp:attachment":[{"href":"https:\/\/ess-villars.ch\/fr\/wp-json\/wp\/v2\/media?parent=29575"}],"wp:term":[{"taxonomy":"category","embeddable":true,"href":"https:\/\/ess-villars.ch\/fr\/wp-json\/wp\/v2\/categories?post=29575"},{"taxonomy":"post_tag","embeddable":true,"href":"https:\/\/ess-villars.ch\/fr\/wp-json\/wp\/v2\/tags?post=29575"}],"curies":[{"name":"wp","href":"https:\/\/api.w.org\/{rel}","templated":true}]}}