{"id":29571,"date":"2023-08-30T16:41:59","date_gmt":"2023-08-30T14:41:59","guid":{"rendered":"https:\/\/hebergement2.ch\/?p=29571"},"modified":"2025-09-25T12:21:16","modified_gmt":"2025-09-25T10:21:16","slug":"vers-de-nouveaux-defis","status":"publish","type":"post","link":"https:\/\/ess-villars.ch\/fr\/blogs\/item\/2556-episode-20-vers-de-nouveaux-defis","title":{"rendered":"Episode 20: Vers de nouveaux d\u00e9fis"},"content":{"rendered":"<h2>Vers de nouveaux d\u00e9fis<\/h2>\n<p>Le fort d\u00e9veloppement des r\u00e9sidences secondaires pose un nouveau d\u00e9\ufb01 \u00e0 l\u2019ESS. Les s\u00e9jours, particuli\u00e8rement ceux des h\u00f4tes suisses, se multiplient certes mais raccourcissent \u00e9galement. Ils d\u00e9pendent en outre beaucoup plus qu\u2019avant de la m\u00e9t\u00e9o.<\/p>\n<p><img fetchpriority=\"high\" decoding=\"async\" class=\"aligncenter size-large wp-image-29573\" src=\"https:\/\/ess-villars.ch\/wp-content\/uploads\/2023\/08\/IMG_0029-1-716x1024.jpg\" alt=\"\" width=\"716\" height=\"1024\" srcset=\"https:\/\/ess-villars.ch\/wp-content\/uploads\/2023\/08\/IMG_0029-1-716x1024.jpg 716w, https:\/\/ess-villars.ch\/wp-content\/uploads\/2023\/08\/IMG_0029-1-210x300.jpg 210w, https:\/\/ess-villars.ch\/wp-content\/uploads\/2023\/08\/IMG_0029-1-768x1098.jpg 768w, https:\/\/ess-villars.ch\/wp-content\/uploads\/2023\/08\/IMG_0029-1-1074x1536.jpg 1074w, https:\/\/ess-villars.ch\/wp-content\/uploads\/2023\/08\/IMG_0029-1-1433x2048.jpg 1433w, https:\/\/ess-villars.ch\/wp-content\/uploads\/2023\/08\/IMG_0029-1.jpg 1788w\" sizes=\"(max-width: 716px) 100vw, 716px\" \/><\/p>\n<p>Ce d\u00e9\ufb01 sera relev\u00e9 par l\u2019ESS, notamment par son nouveau directeur Marc-Henri Duc, en place d\u00e8s 1992. L\u2019ESS saura faire preuve d\u2019innovation et de \ufb02exibilit\u00e9, tant et si bien que l\u2019ESS s\u00e9duit non seulement les propri\u00e9taires de r\u00e9sidences secondaires mais \u00e9galement toute une client\u00e8le de citadins qui se rendent \u00e0 Villars pour prendre des cours de ski.<\/p>\n<p>En 1995, l\u2019Ecole Suisse de Ski de Villars devient l\u2019 \u00ab Ecole Suisse de Ski &amp; Snowboard de Villars\u00bb. Depuis elle n\u2019a pas cess\u00e9 de se d\u00e9velopper. Elle travaille de plus en plus avec les \u00ab tour-op\u00e9rateurs \u00bb anglais et le retour d\u2019une client\u00e8le plus ais\u00e9e permet \u00e0 beaucoup de moniteurs de recommencer \u00e0 travailler \u00e0 l\u2019engagement journalier, comme c\u2019\u00e9tait le cas jusque dans les ann\u00e9es 60. Marc-Henri Duc r\u00e9organise l\u2019ESS en profondeur et sa rigueur est connue loin \u00e0 la ronde. L\u2019habillement des moniteurs est uniformis\u00e9 avec l\u2019imposition du pantalon rouge. La formation interne des professeurs de ski est r\u00e9organis\u00e9e et en 1997, St\u00e9phan Dufresne est nomm\u00e9 responsable de la formation pour le snowboard.<\/p>\n<p>Le directeur est maintenant engag\u00e9 \u00e0 l\u2019ann\u00e9e, tout comme une secr\u00e9taire. A la \ufb01n de la d\u00e9cennie, l\u2019ESS de Villars occupe pr\u00e8s de 200 collaborateurs.<\/p>\n<p><img decoding=\"async\" class=\"aligncenter size-large wp-image-29572\" src=\"https:\/\/ess-villars.ch\/wp-content\/uploads\/2023\/08\/IMG_0008-groupe-ESS-1024x470.jpg\" alt=\"\" width=\"800\" height=\"367\" srcset=\"https:\/\/ess-villars.ch\/wp-content\/uploads\/2023\/08\/IMG_0008-groupe-ESS-1024x470.jpg 1024w, https:\/\/ess-villars.ch\/wp-content\/uploads\/2023\/08\/IMG_0008-groupe-ESS-300x138.jpg 300w, https:\/\/ess-villars.ch\/wp-content\/uploads\/2023\/08\/IMG_0008-groupe-ESS-768x353.jpg 768w, https:\/\/ess-villars.ch\/wp-content\/uploads\/2023\/08\/IMG_0008-groupe-ESS-1536x706.jpg 1536w, https:\/\/ess-villars.ch\/wp-content\/uploads\/2023\/08\/IMG_0008-groupe-ESS-2048x941.jpg 2048w\" sizes=\"(max-width: 800px) 100vw, 800px\" \/><\/p>\n","protected":false},"excerpt":{"rendered":"<p>Vers de nouveaux d\u00e9fis Le fort d\u00e9veloppement des r\u00e9sidences secondaires pose un nouveau d\u00e9\ufb01 \u00e0 l\u2019ESS. Les s\u00e9jours, particuli\u00e8rement ceux des h\u00f4tes suisses, se multiplient certes mais raccourcissent \u00e9galement. Ils d\u00e9pendent en outre beaucoup plus qu\u2019avant de la m\u00e9t\u00e9o. Ce d\u00e9\ufb01 sera relev\u00e9 par l\u2019ESS, notamment par son nouveau directeur Marc-Henri Duc, en place d\u00e8s [&hellip;]<\/p>\n","protected":false},"author":1,"featured_media":29572,"comment_status":"open","ping_status":"open","sticky":false,"template":"","format":"standard","meta":{"_acf_changed":false,"footnotes":""},"categories":[9],"tags":[],"class_list":["post-29571","post","type-post","status-publish","format-standard","has-post-thumbnail","hentry","category-histoire"],"acf":[],"yoast_head":"<!-- This site is optimized with the Yoast SEO plugin v27.5 - https:\/\/yoast.com\/product\/yoast-seo-wordpress\/ -->\n<title>Episode 20: Vers de nouveaux d\u00e9fis - ESS Villars<\/title>\n<meta name=\"description\" content=\"Vers de nouveaux d\u00e9fis Le fort d\u00e9veloppement des r\u00e9sidences secondaires pose un nouveau d\u00e9\ufb01 \u00e0 l\u2019ESS. Les s&amp;ea..\" \/>\n<meta name=\"robots\" content=\"index, follow, max-snippet:-1, max-image-preview:large, max-video-preview:-1\" \/>\n<link rel=\"canonical\" href=\"https:\/\/ess-villars.ch\/fr\/blogs\/item\/2556-episode-20-vers-de-nouveaux-defis\/\" \/>\n<meta property=\"og:locale\" content=\"fr_FR\" \/>\n<meta property=\"og:type\" content=\"article\" \/>\n<meta property=\"og:title\" content=\"Episode 20: Vers de nouveaux d\u00e9fis - ESS Villars\" \/>\n<meta property=\"og:description\" content=\"Vers de nouveaux d\u00e9fis Le fort d\u00e9veloppement des r\u00e9sidences secondaires pose un nouveau d\u00e9\ufb01 \u00e0 l\u2019ESS. Les s&amp;ea..\" \/>\n<meta property=\"og:url\" content=\"https:\/\/ess-villars.ch\/fr\/blogs\/item\/2556-episode-20-vers-de-nouveaux-defis\" \/>\n<meta property=\"og:site_name\" content=\"ESS Villars\" \/>\n<meta property=\"article:published_time\" content=\"2023-08-30T14:41:59+00:00\" \/>\n<meta property=\"article:modified_time\" content=\"2025-09-25T10:21:16+00:00\" \/>\n<meta property=\"og:image\" content=\"https:\/\/ess-villars.ch\/wp-content\/uploads\/2023\/08\/IMG_0008-groupe-ESS.jpg\" \/>\n\t<meta property=\"og:image:width\" content=\"2083\" \/>\n\t<meta property=\"og:image:height\" content=\"957\" \/>\n\t<meta property=\"og:image:type\" content=\"image\/jpeg\" \/>\n<meta name=\"author\" content=\"Admin_ess_1234\" \/>\n<meta name=\"twitter:card\" content=\"summary_large_image\" \/>\n<meta name=\"twitter:label1\" content=\"\u00c9crit par\" \/>\n\t<meta name=\"twitter:data1\" content=\"Admin_ess_1234\" \/>\n\t<meta name=\"twitter:label2\" content=\"Dur\u00e9e de lecture estim\u00e9e\" \/>\n\t<meta name=\"twitter:data2\" content=\"2 minutes\" \/>\n<script type=\"application\/ld+json\" class=\"yoast-schema-graph\">{\"@context\":\"https:\\\/\\\/schema.org\",\"@graph\":[{\"@type\":\"Article\",\"@id\":\"https:\\\/\\\/ess-villars.ch\\\/fr\\\/blogs\\\/item\\\/2556-episode-20-vers-de-nouveaux-defis#article\",\"isPartOf\":{\"@id\":\"https:\\\/\\\/ess-villars.ch\\\/fr\\\/blogs\\\/item\\\/2556-episode-20-vers-de-nouveaux-defis\"},\"author\":{\"name\":\"Admin_ess_1234\",\"@id\":\"https:\\\/\\\/ess-villars.ch\\\/fr\\\/#\\\/schema\\\/person\\\/0f30ecd734c125feb7718cb834b17b33\"},\"headline\":\"Episode 20: Vers de nouveaux d\u00e9fis\",\"datePublished\":\"2023-08-30T14:41:59+00:00\",\"dateModified\":\"2025-09-25T10:21:16+00:00\",\"mainEntityOfPage\":{\"@id\":\"https:\\\/\\\/ess-villars.ch\\\/fr\\\/blogs\\\/item\\\/2556-episode-20-vers-de-nouveaux-defis\"},\"wordCount\":270,\"commentCount\":0,\"publisher\":{\"@id\":\"https:\\\/\\\/ess-villars.ch\\\/fr\\\/#organization\"},\"image\":{\"@id\":\"https:\\\/\\\/ess-villars.ch\\\/fr\\\/blogs\\\/item\\\/2556-episode-20-vers-de-nouveaux-defis#primaryimage\"},\"thumbnailUrl\":\"https:\\\/\\\/ess-villars.ch\\\/wp-content\\\/uploads\\\/2023\\\/08\\\/IMG_0008-groupe-ESS.jpg\",\"articleSection\":[\"Histoire\"],\"inLanguage\":\"fr-FR\",\"potentialAction\":[{\"@type\":\"CommentAction\",\"name\":\"Comment\",\"target\":[\"https:\\\/\\\/ess-villars.ch\\\/fr\\\/blogs\\\/item\\\/2556-episode-20-vers-de-nouveaux-defis#respond\"]}]},{\"@type\":\"WebPage\",\"@id\":\"https:\\\/\\\/ess-villars.ch\\\/fr\\\/blogs\\\/item\\\/2556-episode-20-vers-de-nouveaux-defis\",\"url\":\"https:\\\/\\\/ess-villars.ch\\\/fr\\\/blogs\\\/item\\\/2556-episode-20-vers-de-nouveaux-defis\",\"name\":\"Episode 20: Vers de nouveaux d\u00e9fis - ESS Villars\",\"isPartOf\":{\"@id\":\"https:\\\/\\\/ess-villars.ch\\\/fr\\\/#website\"},\"primaryImageOfPage\":{\"@id\":\"https:\\\/\\\/ess-villars.ch\\\/fr\\\/blogs\\\/item\\\/2556-episode-20-vers-de-nouveaux-defis#primaryimage\"},\"image\":{\"@id\":\"https:\\\/\\\/ess-villars.ch\\\/fr\\\/blogs\\\/item\\\/2556-episode-20-vers-de-nouveaux-defis#primaryimage\"},\"thumbnailUrl\":\"https:\\\/\\\/ess-villars.ch\\\/wp-content\\\/uploads\\\/2023\\\/08\\\/IMG_0008-groupe-ESS.jpg\",\"datePublished\":\"2023-08-30T14:41:59+00:00\",\"dateModified\":\"2025-09-25T10:21:16+00:00\",\"description\":\"Vers de nouveaux d\u00e9fis Le fort d\u00e9veloppement des r\u00e9sidences secondaires pose un nouveau d\u00e9\ufb01 \u00e0 l\u2019ESS. Les s&ea..\",\"breadcrumb\":{\"@id\":\"https:\\\/\\\/ess-villars.ch\\\/fr\\\/blogs\\\/item\\\/2556-episode-20-vers-de-nouveaux-defis#breadcrumb\"},\"inLanguage\":\"fr-FR\",\"potentialAction\":[{\"@type\":\"ReadAction\",\"target\":[\"https:\\\/\\\/ess-villars.ch\\\/fr\\\/blogs\\\/item\\\/2556-episode-20-vers-de-nouveaux-defis\"]}]},{\"@type\":\"ImageObject\",\"inLanguage\":\"fr-FR\",\"@id\":\"https:\\\/\\\/ess-villars.ch\\\/fr\\\/blogs\\\/item\\\/2556-episode-20-vers-de-nouveaux-defis#primaryimage\",\"url\":\"https:\\\/\\\/ess-villars.ch\\\/wp-content\\\/uploads\\\/2023\\\/08\\\/IMG_0008-groupe-ESS.jpg\",\"contentUrl\":\"https:\\\/\\\/ess-villars.ch\\\/wp-content\\\/uploads\\\/2023\\\/08\\\/IMG_0008-groupe-ESS.jpg\",\"width\":2083,\"height\":957},{\"@type\":\"BreadcrumbList\",\"@id\":\"https:\\\/\\\/ess-villars.ch\\\/fr\\\/blogs\\\/item\\\/2556-episode-20-vers-de-nouveaux-defis#breadcrumb\",\"itemListElement\":[{\"@type\":\"ListItem\",\"position\":1,\"name\":\"Home\",\"item\":\"https:\\\/\\\/ess-villars.ch\\\/fr\\\/\"},{\"@type\":\"ListItem\",\"position\":2,\"name\":\"Episode 20: Vers de nouveaux d\u00e9fis\"}]},{\"@type\":\"WebSite\",\"@id\":\"https:\\\/\\\/ess-villars.ch\\\/fr\\\/#website\",\"url\":\"https:\\\/\\\/ess-villars.ch\\\/fr\\\/\",\"name\":\"ESS Villars\",\"description\":\"Join the red legend !\",\"publisher\":{\"@id\":\"https:\\\/\\\/ess-villars.ch\\\/fr\\\/#organization\"},\"potentialAction\":[{\"@type\":\"SearchAction\",\"target\":{\"@type\":\"EntryPoint\",\"urlTemplate\":\"https:\\\/\\\/ess-villars.ch\\\/fr\\\/?s={search_term_string}\"},\"query-input\":{\"@type\":\"PropertyValueSpecification\",\"valueRequired\":true,\"valueName\":\"search_term_string\"}}],\"inLanguage\":\"fr-FR\"},{\"@type\":\"Organization\",\"@id\":\"https:\\\/\\\/ess-villars.ch\\\/fr\\\/#organization\",\"name\":\"ESS Villars\",\"url\":\"https:\\\/\\\/ess-villars.ch\\\/fr\\\/\",\"logo\":{\"@type\":\"ImageObject\",\"inLanguage\":\"fr-FR\",\"@id\":\"https:\\\/\\\/ess-villars.ch\\\/fr\\\/#\\\/schema\\\/logo\\\/image\\\/\",\"url\":\"https:\\\/\\\/ess-villars.ch\\\/wp-content\\\/uploads\\\/2023\\\/08\\\/ESS_Villars_logo_png.png\",\"contentUrl\":\"https:\\\/\\\/ess-villars.ch\\\/wp-content\\\/uploads\\\/2023\\\/08\\\/ESS_Villars_logo_png.png\",\"width\":1181,\"height\":1181,\"caption\":\"ESS Villars\"},\"image\":{\"@id\":\"https:\\\/\\\/ess-villars.ch\\\/fr\\\/#\\\/schema\\\/logo\\\/image\\\/\"}},{\"@type\":\"Person\",\"@id\":\"https:\\\/\\\/ess-villars.ch\\\/fr\\\/#\\\/schema\\\/person\\\/0f30ecd734c125feb7718cb834b17b33\",\"name\":\"Admin_ess_1234\",\"image\":{\"@type\":\"ImageObject\",\"inLanguage\":\"fr-FR\",\"@id\":\"https:\\\/\\\/secure.gravatar.com\\\/avatar\\\/5fa0ab8129cd20f0a7834bfabb7e7a1558862e46633c891c431236a50cc39ab9?s=96&d=mm&r=g\",\"url\":\"https:\\\/\\\/secure.gravatar.com\\\/avatar\\\/5fa0ab8129cd20f0a7834bfabb7e7a1558862e46633c891c431236a50cc39ab9?s=96&d=mm&r=g\",\"contentUrl\":\"https:\\\/\\\/secure.gravatar.com\\\/avatar\\\/5fa0ab8129cd20f0a7834bfabb7e7a1558862e46633c891c431236a50cc39ab9?s=96&d=mm&r=g\",\"caption\":\"Admin_ess_1234\"},\"sameAs\":[\"https:\\\/\\\/ess-villars.ch\"]}]}<\/script>\n<!-- \/ Yoast SEO plugin. -->","yoast_head_json":{"title":"Episode 20: Vers de nouveaux d\u00e9fis - ESS Villars","description":"Vers de nouveaux d\u00e9fis Le fort d\u00e9veloppement des r\u00e9sidences secondaires pose un nouveau d\u00e9\ufb01 \u00e0 l\u2019ESS. Les s&ea..","robots":{"index":"index","follow":"follow","max-snippet":"max-snippet:-1","max-image-preview":"max-image-preview:large","max-video-preview":"max-video-preview:-1"},"canonical":"https:\/\/ess-villars.ch\/fr\/blogs\/item\/2556-episode-20-vers-de-nouveaux-defis\/","og_locale":"fr_FR","og_type":"article","og_title":"Episode 20: Vers de nouveaux d\u00e9fis - ESS Villars","og_description":"Vers de nouveaux d\u00e9fis Le fort d\u00e9veloppement des r\u00e9sidences secondaires pose un nouveau d\u00e9\ufb01 \u00e0 l\u2019ESS. Les s&ea..","og_url":"https:\/\/ess-villars.ch\/fr\/blogs\/item\/2556-episode-20-vers-de-nouveaux-defis","og_site_name":"ESS Villars","article_published_time":"2023-08-30T14:41:59+00:00","article_modified_time":"2025-09-25T10:21:16+00:00","og_image":[{"width":2083,"height":957,"url":"https:\/\/ess-villars.ch\/wp-content\/uploads\/2023\/08\/IMG_0008-groupe-ESS.jpg","type":"image\/jpeg"}],"author":"Admin_ess_1234","twitter_card":"summary_large_image","twitter_misc":{"\u00c9crit par":"Admin_ess_1234","Dur\u00e9e de lecture estim\u00e9e":"2 minutes"},"schema":{"@context":"https:\/\/schema.org","@graph":[{"@type":"Article","@id":"https:\/\/ess-villars.ch\/fr\/blogs\/item\/2556-episode-20-vers-de-nouveaux-defis#article","isPartOf":{"@id":"https:\/\/ess-villars.ch\/fr\/blogs\/item\/2556-episode-20-vers-de-nouveaux-defis"},"author":{"name":"Admin_ess_1234","@id":"https:\/\/ess-villars.ch\/fr\/#\/schema\/person\/0f30ecd734c125feb7718cb834b17b33"},"headline":"Episode 20: Vers de nouveaux d\u00e9fis","datePublished":"2023-08-30T14:41:59+00:00","dateModified":"2025-09-25T10:21:16+00:00","mainEntityOfPage":{"@id":"https:\/\/ess-villars.ch\/fr\/blogs\/item\/2556-episode-20-vers-de-nouveaux-defis"},"wordCount":270,"commentCount":0,"publisher":{"@id":"https:\/\/ess-villars.ch\/fr\/#organization"},"image":{"@id":"https:\/\/ess-villars.ch\/fr\/blogs\/item\/2556-episode-20-vers-de-nouveaux-defis#primaryimage"},"thumbnailUrl":"https:\/\/ess-villars.ch\/wp-content\/uploads\/2023\/08\/IMG_0008-groupe-ESS.jpg","articleSection":["Histoire"],"inLanguage":"fr-FR","potentialAction":[{"@type":"CommentAction","name":"Comment","target":["https:\/\/ess-villars.ch\/fr\/blogs\/item\/2556-episode-20-vers-de-nouveaux-defis#respond"]}]},{"@type":"WebPage","@id":"https:\/\/ess-villars.ch\/fr\/blogs\/item\/2556-episode-20-vers-de-nouveaux-defis","url":"https:\/\/ess-villars.ch\/fr\/blogs\/item\/2556-episode-20-vers-de-nouveaux-defis","name":"Episode 20: Vers de nouveaux d\u00e9fis - ESS Villars","isPartOf":{"@id":"https:\/\/ess-villars.ch\/fr\/#website"},"primaryImageOfPage":{"@id":"https:\/\/ess-villars.ch\/fr\/blogs\/item\/2556-episode-20-vers-de-nouveaux-defis#primaryimage"},"image":{"@id":"https:\/\/ess-villars.ch\/fr\/blogs\/item\/2556-episode-20-vers-de-nouveaux-defis#primaryimage"},"thumbnailUrl":"https:\/\/ess-villars.ch\/wp-content\/uploads\/2023\/08\/IMG_0008-groupe-ESS.jpg","datePublished":"2023-08-30T14:41:59+00:00","dateModified":"2025-09-25T10:21:16+00:00","description":"Vers de nouveaux d\u00e9fis Le fort d\u00e9veloppement des r\u00e9sidences secondaires pose un nouveau d\u00e9\ufb01 \u00e0 l\u2019ESS. Les s&ea..","breadcrumb":{"@id":"https:\/\/ess-villars.ch\/fr\/blogs\/item\/2556-episode-20-vers-de-nouveaux-defis#breadcrumb"},"inLanguage":"fr-FR","potentialAction":[{"@type":"ReadAction","target":["https:\/\/ess-villars.ch\/fr\/blogs\/item\/2556-episode-20-vers-de-nouveaux-defis"]}]},{"@type":"ImageObject","inLanguage":"fr-FR","@id":"https:\/\/ess-villars.ch\/fr\/blogs\/item\/2556-episode-20-vers-de-nouveaux-defis#primaryimage","url":"https:\/\/ess-villars.ch\/wp-content\/uploads\/2023\/08\/IMG_0008-groupe-ESS.jpg","contentUrl":"https:\/\/ess-villars.ch\/wp-content\/uploads\/2023\/08\/IMG_0008-groupe-ESS.jpg","width":2083,"height":957},{"@type":"BreadcrumbList","@id":"https:\/\/ess-villars.ch\/fr\/blogs\/item\/2556-episode-20-vers-de-nouveaux-defis#breadcrumb","itemListElement":[{"@type":"ListItem","position":1,"name":"Home","item":"https:\/\/ess-villars.ch\/fr\/"},{"@type":"ListItem","position":2,"name":"Episode 20: Vers de nouveaux d\u00e9fis"}]},{"@type":"WebSite","@id":"https:\/\/ess-villars.ch\/fr\/#website","url":"https:\/\/ess-villars.ch\/fr\/","name":"ESS Villars","description":"Join the red legend !","publisher":{"@id":"https:\/\/ess-villars.ch\/fr\/#organization"},"potentialAction":[{"@type":"SearchAction","target":{"@type":"EntryPoint","urlTemplate":"https:\/\/ess-villars.ch\/fr\/?s={search_term_string}"},"query-input":{"@type":"PropertyValueSpecification","valueRequired":true,"valueName":"search_term_string"}}],"inLanguage":"fr-FR"},{"@type":"Organization","@id":"https:\/\/ess-villars.ch\/fr\/#organization","name":"ESS Villars","url":"https:\/\/ess-villars.ch\/fr\/","logo":{"@type":"ImageObject","inLanguage":"fr-FR","@id":"https:\/\/ess-villars.ch\/fr\/#\/schema\/logo\/image\/","url":"https:\/\/ess-villars.ch\/wp-content\/uploads\/2023\/08\/ESS_Villars_logo_png.png","contentUrl":"https:\/\/ess-villars.ch\/wp-content\/uploads\/2023\/08\/ESS_Villars_logo_png.png","width":1181,"height":1181,"caption":"ESS Villars"},"image":{"@id":"https:\/\/ess-villars.ch\/fr\/#\/schema\/logo\/image\/"}},{"@type":"Person","@id":"https:\/\/ess-villars.ch\/fr\/#\/schema\/person\/0f30ecd734c125feb7718cb834b17b33","name":"Admin_ess_1234","image":{"@type":"ImageObject","inLanguage":"fr-FR","@id":"https:\/\/secure.gravatar.com\/avatar\/5fa0ab8129cd20f0a7834bfabb7e7a1558862e46633c891c431236a50cc39ab9?s=96&d=mm&r=g","url":"https:\/\/secure.gravatar.com\/avatar\/5fa0ab8129cd20f0a7834bfabb7e7a1558862e46633c891c431236a50cc39ab9?s=96&d=mm&r=g","contentUrl":"https:\/\/secure.gravatar.com\/avatar\/5fa0ab8129cd20f0a7834bfabb7e7a1558862e46633c891c431236a50cc39ab9?s=96&d=mm&r=g","caption":"Admin_ess_1234"},"sameAs":["https:\/\/ess-villars.ch"]}]}},"_links":{"self":[{"href":"https:\/\/ess-villars.ch\/fr\/wp-json\/wp\/v2\/posts\/29571","targetHints":{"allow":["GET"]}}],"collection":[{"href":"https:\/\/ess-villars.ch\/fr\/wp-json\/wp\/v2\/posts"}],"about":[{"href":"https:\/\/ess-villars.ch\/fr\/wp-json\/wp\/v2\/types\/post"}],"author":[{"embeddable":true,"href":"https:\/\/ess-villars.ch\/fr\/wp-json\/wp\/v2\/users\/1"}],"replies":[{"embeddable":true,"href":"https:\/\/ess-villars.ch\/fr\/wp-json\/wp\/v2\/comments?post=29571"}],"version-history":[{"count":2,"href":"https:\/\/ess-villars.ch\/fr\/wp-json\/wp\/v2\/posts\/29571\/revisions"}],"predecessor-version":[{"id":29576,"href":"https:\/\/ess-villars.ch\/fr\/wp-json\/wp\/v2\/posts\/29571\/revisions\/29576"}],"wp:featuredmedia":[{"embeddable":true,"href":"https:\/\/ess-villars.ch\/fr\/wp-json\/wp\/v2\/media\/29572"}],"wp:attachment":[{"href":"https:\/\/ess-villars.ch\/fr\/wp-json\/wp\/v2\/media?parent=29571"}],"wp:term":[{"taxonomy":"category","embeddable":true,"href":"https:\/\/ess-villars.ch\/fr\/wp-json\/wp\/v2\/categories?post=29571"},{"taxonomy":"post_tag","embeddable":true,"href":"https:\/\/ess-villars.ch\/fr\/wp-json\/wp\/v2\/tags?post=29571"}],"curies":[{"name":"wp","href":"https:\/\/api.w.org\/{rel}","templated":true}]}}