{"id":29547,"date":"2023-08-30T16:38:32","date_gmt":"2023-08-30T14:38:32","guid":{"rendered":"https:\/\/hebergement2.ch\/?p=29547"},"modified":"2025-09-25T12:21:42","modified_gmt":"2025-09-25T10:21:42","slug":"les-annees-club-med","status":"publish","type":"post","link":"https:\/\/ess-villars.ch\/fr\/blogs\/item\/2561-episode-23-les-annees-club-med","title":{"rendered":"Episode 23: Les ann\u00e9es Club Med"},"content":{"rendered":"<h2>Les ann\u00e9es Club Med<\/h2>\n<p>Depuis son arriv\u00e9e \u00e0 Villars en 1968, le Club M\u00e9diterran\u00e9e recourait ponctuellement aux services de l\u2019ESS pour pallier aux blessures ou absences de ses propres moniteurs.<\/p>\n<p><img fetchpriority=\"high\" decoding=\"async\" class=\"aligncenter size-large wp-image-29548\" src=\"https:\/\/ess-villars.ch\/wp-content\/uploads\/2023\/08\/IMG_0008-4-689x1024.jpg\" alt=\"\" width=\"689\" height=\"1024\" srcset=\"https:\/\/ess-villars.ch\/wp-content\/uploads\/2023\/08\/IMG_0008-4-689x1024.jpg 689w, https:\/\/ess-villars.ch\/wp-content\/uploads\/2023\/08\/IMG_0008-4-202x300.jpg 202w, https:\/\/ess-villars.ch\/wp-content\/uploads\/2023\/08\/IMG_0008-4-768x1142.jpg 768w, https:\/\/ess-villars.ch\/wp-content\/uploads\/2023\/08\/IMG_0008-4-1033x1536.jpg 1033w, https:\/\/ess-villars.ch\/wp-content\/uploads\/2023\/08\/IMG_0008-4-1378x2048.jpg 1378w, https:\/\/ess-villars.ch\/wp-content\/uploads\/2023\/08\/IMG_0008-4.jpg 1496w\" sizes=\"(max-width: 689px) 100vw, 689px\" \/><\/p>\n<p>En 1999, le Club M\u00e9diterran\u00e9e d\u00e9cide de con\ufb01er \u00e0 l\u2019Ecole Suisse de Ski l\u2019enseignement du ski \u00e0 ses h\u00f4tes. La transition se fera progressivement puisqu\u2019en hiver 99, cinq collaborateurs de l\u2019ESS pr\u00eatent main forte aux moniteurs fran\u00e7ais du Club M\u00e9diterran\u00e9e. L\u2019hiver suivant, l\u2019ESS prend les commandes et une vingtaine de professeurs de l\u2019ESS officient au Club. Fr\u00e9d\u00e9ric Lauquin, le \u00ab Chef de Centre \u00bb en place du Club M\u00e9diterran\u00e9e rejoint les rangs de l\u2019ESS et assure une transition harmonieuse. Les clients du Club Med (appel\u00e9s aussi \u00ab GM \u00bb) se montrent de suite tr\u00e8s satisfaits du changement.<\/p>\n<div class=\"span6\">\n<p>L\u2019Ecole Suisse de Ski a connu un gros essor depuis le d\u00e9but de sa collaboration avec le Club Med. Jusqu&rsquo;\u00e0 l&rsquo;hiver dernier, c&rsquo;\u00e9tait jusqu\u2019\u00e0 quarante moniteurs qui encadraient chaque semaine les groupes de ski, de snowboard et de raquettes du Club. Ils y appr\u00e9ciaient les bons buffets et le c\u00f4t\u00e9 convivial bien entendu, mais \u00e9galement le rythme moins soutenu d\u2019un enseignement \u00ab \u00e0 la semaine \u00bb.<\/p>\n<p><img decoding=\"async\" class=\"aligncenter size-large wp-image-29549\" src=\"https:\/\/ess-villars.ch\/wp-content\/uploads\/2023\/08\/ESS-46-768x1024.jpg\" alt=\"\" width=\"768\" height=\"1024\" srcset=\"https:\/\/ess-villars.ch\/wp-content\/uploads\/2023\/08\/ESS-46-768x1024.jpg 768w, https:\/\/ess-villars.ch\/wp-content\/uploads\/2023\/08\/ESS-46-225x300.jpg 225w, https:\/\/ess-villars.ch\/wp-content\/uploads\/2023\/08\/ESS-46-1152x1536.jpg 1152w, https:\/\/ess-villars.ch\/wp-content\/uploads\/2023\/08\/ESS-46-1536x2048.jpg 1536w, https:\/\/ess-villars.ch\/wp-content\/uploads\/2023\/08\/ESS-46.jpg 1704w\" sizes=\"(max-width: 768px) 100vw, 768px\" \/><\/p>\n<p>Apr\u00e8s pr\u00e8s de 50 ann\u00e9es de bon et loyaux service, le Club Med de Villars a tir\u00e9 sa r\u00e9v\u00e9rence. Qu&rsquo;\u00e0 cela ne tienne, Les anciens GM, amoureux des beaux paysages et de nos moniteurs \ud83d\ude42 ont rejoint nos cours pour leurs plus grand plaisir!<\/p>\n<p><img decoding=\"async\" class=\"aligncenter size-large wp-image-29550\" src=\"https:\/\/ess-villars.ch\/wp-content\/uploads\/2023\/08\/ESS-114-1024x699.jpg\" alt=\"\" width=\"800\" height=\"546\" srcset=\"https:\/\/ess-villars.ch\/wp-content\/uploads\/2023\/08\/ESS-114-1024x699.jpg 1024w, https:\/\/ess-villars.ch\/wp-content\/uploads\/2023\/08\/ESS-114-300x205.jpg 300w, https:\/\/ess-villars.ch\/wp-content\/uploads\/2023\/08\/ESS-114-768x525.jpg 768w, https:\/\/ess-villars.ch\/wp-content\/uploads\/2023\/08\/ESS-114-1536x1049.jpg 1536w, https:\/\/ess-villars.ch\/wp-content\/uploads\/2023\/08\/ESS-114-2048x1399.jpg 2048w\" sizes=\"(max-width: 800px) 100vw, 800px\" \/><\/p>\n<\/div>\n","protected":false},"excerpt":{"rendered":"<p>Les ann\u00e9es Club Med Depuis son arriv\u00e9e \u00e0 Villars en 1968, le Club M\u00e9diterran\u00e9e recourait ponctuellement aux services de l\u2019ESS pour pallier aux blessures ou absences de ses propres moniteurs. En 1999, le Club M\u00e9diterran\u00e9e d\u00e9cide de con\ufb01er \u00e0 l\u2019Ecole Suisse de Ski l\u2019enseignement du ski \u00e0 ses h\u00f4tes. La transition se fera progressivement puisqu\u2019en [&hellip;]<\/p>\n","protected":false},"author":1,"featured_media":29550,"comment_status":"open","ping_status":"open","sticky":false,"template":"","format":"standard","meta":{"_acf_changed":false,"footnotes":""},"categories":[9],"tags":[],"class_list":["post-29547","post","type-post","status-publish","format-standard","has-post-thumbnail","hentry","category-histoire"],"acf":[],"yoast_head":"<!-- This site is optimized with the Yoast SEO plugin v27.5 - https:\/\/yoast.com\/product\/yoast-seo-wordpress\/ -->\n<title>Episode 23: Les ann\u00e9es Club Med - ESS Villars<\/title>\n<meta name=\"description\" content=\"Les ann\u00e9es Club Med Depuis son arriv\u00e9e \u00e0 Villars en 1968, le Club M\u00e9diterran\u00e9e recourait ponctuellement aux...\" \/>\n<meta name=\"robots\" content=\"index, follow, max-snippet:-1, max-image-preview:large, max-video-preview:-1\" \/>\n<link rel=\"canonical\" href=\"https:\/\/ess-villars.ch\/fr\/blogs\/item\/2561-episode-23-les-annees-club-med\/\" \/>\n<meta property=\"og:locale\" content=\"fr_FR\" \/>\n<meta property=\"og:type\" content=\"article\" \/>\n<meta property=\"og:title\" content=\"Episode 23: Les ann\u00e9es Club Med - ESS Villars\" \/>\n<meta property=\"og:description\" content=\"Les ann\u00e9es Club Med Depuis son arriv\u00e9e \u00e0 Villars en 1968, le Club M\u00e9diterran\u00e9e recourait ponctuellement aux...\" \/>\n<meta property=\"og:url\" content=\"https:\/\/ess-villars.ch\/fr\/blogs\/item\/2561-episode-23-les-annees-club-med\" \/>\n<meta property=\"og:site_name\" content=\"ESS Villars\" \/>\n<meta property=\"article:published_time\" content=\"2023-08-30T14:38:32+00:00\" \/>\n<meta property=\"article:modified_time\" content=\"2025-09-25T10:21:42+00:00\" \/>\n<meta property=\"og:image\" content=\"https:\/\/ess-villars.ch\/wp-content\/uploads\/2023\/08\/ESS-114-scaled.jpg\" \/>\n\t<meta property=\"og:image:width\" content=\"2560\" \/>\n\t<meta property=\"og:image:height\" content=\"1749\" \/>\n\t<meta property=\"og:image:type\" content=\"image\/jpeg\" \/>\n<meta name=\"author\" content=\"Admin_ess_1234\" \/>\n<meta name=\"twitter:card\" content=\"summary_large_image\" \/>\n<meta name=\"twitter:label1\" content=\"\u00c9crit par\" \/>\n\t<meta name=\"twitter:data1\" content=\"Admin_ess_1234\" \/>\n\t<meta name=\"twitter:label2\" content=\"Dur\u00e9e de lecture estim\u00e9e\" \/>\n\t<meta name=\"twitter:data2\" content=\"2 minutes\" \/>\n<script type=\"application\/ld+json\" class=\"yoast-schema-graph\">{\"@context\":\"https:\\\/\\\/schema.org\",\"@graph\":[{\"@type\":\"Article\",\"@id\":\"https:\\\/\\\/ess-villars.ch\\\/fr\\\/blogs\\\/item\\\/2561-episode-23-les-annees-club-med#article\",\"isPartOf\":{\"@id\":\"https:\\\/\\\/ess-villars.ch\\\/fr\\\/blogs\\\/item\\\/2561-episode-23-les-annees-club-med\"},\"author\":{\"name\":\"Admin_ess_1234\",\"@id\":\"https:\\\/\\\/ess-villars.ch\\\/fr\\\/#\\\/schema\\\/person\\\/0f30ecd734c125feb7718cb834b17b33\"},\"headline\":\"Episode 23: Les ann\u00e9es Club Med\",\"datePublished\":\"2023-08-30T14:38:32+00:00\",\"dateModified\":\"2025-09-25T10:21:42+00:00\",\"mainEntityOfPage\":{\"@id\":\"https:\\\/\\\/ess-villars.ch\\\/fr\\\/blogs\\\/item\\\/2561-episode-23-les-annees-club-med\"},\"wordCount\":269,\"commentCount\":0,\"publisher\":{\"@id\":\"https:\\\/\\\/ess-villars.ch\\\/fr\\\/#organization\"},\"image\":{\"@id\":\"https:\\\/\\\/ess-villars.ch\\\/fr\\\/blogs\\\/item\\\/2561-episode-23-les-annees-club-med#primaryimage\"},\"thumbnailUrl\":\"https:\\\/\\\/ess-villars.ch\\\/wp-content\\\/uploads\\\/2023\\\/08\\\/ESS-114-scaled.jpg\",\"articleSection\":[\"Histoire\"],\"inLanguage\":\"fr-FR\",\"potentialAction\":[{\"@type\":\"CommentAction\",\"name\":\"Comment\",\"target\":[\"https:\\\/\\\/ess-villars.ch\\\/fr\\\/blogs\\\/item\\\/2561-episode-23-les-annees-club-med#respond\"]}]},{\"@type\":\"WebPage\",\"@id\":\"https:\\\/\\\/ess-villars.ch\\\/fr\\\/blogs\\\/item\\\/2561-episode-23-les-annees-club-med\",\"url\":\"https:\\\/\\\/ess-villars.ch\\\/fr\\\/blogs\\\/item\\\/2561-episode-23-les-annees-club-med\",\"name\":\"Episode 23: Les ann\u00e9es Club Med - ESS Villars\",\"isPartOf\":{\"@id\":\"https:\\\/\\\/ess-villars.ch\\\/fr\\\/#website\"},\"primaryImageOfPage\":{\"@id\":\"https:\\\/\\\/ess-villars.ch\\\/fr\\\/blogs\\\/item\\\/2561-episode-23-les-annees-club-med#primaryimage\"},\"image\":{\"@id\":\"https:\\\/\\\/ess-villars.ch\\\/fr\\\/blogs\\\/item\\\/2561-episode-23-les-annees-club-med#primaryimage\"},\"thumbnailUrl\":\"https:\\\/\\\/ess-villars.ch\\\/wp-content\\\/uploads\\\/2023\\\/08\\\/ESS-114-scaled.jpg\",\"datePublished\":\"2023-08-30T14:38:32+00:00\",\"dateModified\":\"2025-09-25T10:21:42+00:00\",\"description\":\"Les ann\u00e9es Club Med Depuis son arriv\u00e9e \u00e0 Villars en 1968, le Club M\u00e9diterran\u00e9e recourait ponctuellement aux...\",\"breadcrumb\":{\"@id\":\"https:\\\/\\\/ess-villars.ch\\\/fr\\\/blogs\\\/item\\\/2561-episode-23-les-annees-club-med#breadcrumb\"},\"inLanguage\":\"fr-FR\",\"potentialAction\":[{\"@type\":\"ReadAction\",\"target\":[\"https:\\\/\\\/ess-villars.ch\\\/fr\\\/blogs\\\/item\\\/2561-episode-23-les-annees-club-med\"]}]},{\"@type\":\"ImageObject\",\"inLanguage\":\"fr-FR\",\"@id\":\"https:\\\/\\\/ess-villars.ch\\\/fr\\\/blogs\\\/item\\\/2561-episode-23-les-annees-club-med#primaryimage\",\"url\":\"https:\\\/\\\/ess-villars.ch\\\/wp-content\\\/uploads\\\/2023\\\/08\\\/ESS-114-scaled.jpg\",\"contentUrl\":\"https:\\\/\\\/ess-villars.ch\\\/wp-content\\\/uploads\\\/2023\\\/08\\\/ESS-114-scaled.jpg\",\"width\":2560,\"height\":1749},{\"@type\":\"BreadcrumbList\",\"@id\":\"https:\\\/\\\/ess-villars.ch\\\/fr\\\/blogs\\\/item\\\/2561-episode-23-les-annees-club-med#breadcrumb\",\"itemListElement\":[{\"@type\":\"ListItem\",\"position\":1,\"name\":\"Home\",\"item\":\"https:\\\/\\\/ess-villars.ch\\\/fr\\\/\"},{\"@type\":\"ListItem\",\"position\":2,\"name\":\"Episode 23: Les ann\u00e9es Club Med\"}]},{\"@type\":\"WebSite\",\"@id\":\"https:\\\/\\\/ess-villars.ch\\\/fr\\\/#website\",\"url\":\"https:\\\/\\\/ess-villars.ch\\\/fr\\\/\",\"name\":\"ESS Villars\",\"description\":\"Join the red legend !\",\"publisher\":{\"@id\":\"https:\\\/\\\/ess-villars.ch\\\/fr\\\/#organization\"},\"potentialAction\":[{\"@type\":\"SearchAction\",\"target\":{\"@type\":\"EntryPoint\",\"urlTemplate\":\"https:\\\/\\\/ess-villars.ch\\\/fr\\\/?s={search_term_string}\"},\"query-input\":{\"@type\":\"PropertyValueSpecification\",\"valueRequired\":true,\"valueName\":\"search_term_string\"}}],\"inLanguage\":\"fr-FR\"},{\"@type\":\"Organization\",\"@id\":\"https:\\\/\\\/ess-villars.ch\\\/fr\\\/#organization\",\"name\":\"ESS Villars\",\"url\":\"https:\\\/\\\/ess-villars.ch\\\/fr\\\/\",\"logo\":{\"@type\":\"ImageObject\",\"inLanguage\":\"fr-FR\",\"@id\":\"https:\\\/\\\/ess-villars.ch\\\/fr\\\/#\\\/schema\\\/logo\\\/image\\\/\",\"url\":\"https:\\\/\\\/ess-villars.ch\\\/wp-content\\\/uploads\\\/2023\\\/08\\\/ESS_Villars_logo_png.png\",\"contentUrl\":\"https:\\\/\\\/ess-villars.ch\\\/wp-content\\\/uploads\\\/2023\\\/08\\\/ESS_Villars_logo_png.png\",\"width\":1181,\"height\":1181,\"caption\":\"ESS Villars\"},\"image\":{\"@id\":\"https:\\\/\\\/ess-villars.ch\\\/fr\\\/#\\\/schema\\\/logo\\\/image\\\/\"}},{\"@type\":\"Person\",\"@id\":\"https:\\\/\\\/ess-villars.ch\\\/fr\\\/#\\\/schema\\\/person\\\/0f30ecd734c125feb7718cb834b17b33\",\"name\":\"Admin_ess_1234\",\"image\":{\"@type\":\"ImageObject\",\"inLanguage\":\"fr-FR\",\"@id\":\"https:\\\/\\\/secure.gravatar.com\\\/avatar\\\/5fa0ab8129cd20f0a7834bfabb7e7a1558862e46633c891c431236a50cc39ab9?s=96&d=mm&r=g\",\"url\":\"https:\\\/\\\/secure.gravatar.com\\\/avatar\\\/5fa0ab8129cd20f0a7834bfabb7e7a1558862e46633c891c431236a50cc39ab9?s=96&d=mm&r=g\",\"contentUrl\":\"https:\\\/\\\/secure.gravatar.com\\\/avatar\\\/5fa0ab8129cd20f0a7834bfabb7e7a1558862e46633c891c431236a50cc39ab9?s=96&d=mm&r=g\",\"caption\":\"Admin_ess_1234\"},\"sameAs\":[\"https:\\\/\\\/ess-villars.ch\"]}]}<\/script>\n<!-- \/ Yoast SEO plugin. -->","yoast_head_json":{"title":"Episode 23: Les ann\u00e9es Club Med - ESS Villars","description":"Les ann\u00e9es Club Med Depuis son arriv\u00e9e \u00e0 Villars en 1968, le Club M\u00e9diterran\u00e9e recourait ponctuellement aux...","robots":{"index":"index","follow":"follow","max-snippet":"max-snippet:-1","max-image-preview":"max-image-preview:large","max-video-preview":"max-video-preview:-1"},"canonical":"https:\/\/ess-villars.ch\/fr\/blogs\/item\/2561-episode-23-les-annees-club-med\/","og_locale":"fr_FR","og_type":"article","og_title":"Episode 23: Les ann\u00e9es Club Med - ESS Villars","og_description":"Les ann\u00e9es Club Med Depuis son arriv\u00e9e \u00e0 Villars en 1968, le Club M\u00e9diterran\u00e9e recourait ponctuellement aux...","og_url":"https:\/\/ess-villars.ch\/fr\/blogs\/item\/2561-episode-23-les-annees-club-med","og_site_name":"ESS Villars","article_published_time":"2023-08-30T14:38:32+00:00","article_modified_time":"2025-09-25T10:21:42+00:00","og_image":[{"width":2560,"height":1749,"url":"https:\/\/ess-villars.ch\/wp-content\/uploads\/2023\/08\/ESS-114-scaled.jpg","type":"image\/jpeg"}],"author":"Admin_ess_1234","twitter_card":"summary_large_image","twitter_misc":{"\u00c9crit par":"Admin_ess_1234","Dur\u00e9e de lecture estim\u00e9e":"2 minutes"},"schema":{"@context":"https:\/\/schema.org","@graph":[{"@type":"Article","@id":"https:\/\/ess-villars.ch\/fr\/blogs\/item\/2561-episode-23-les-annees-club-med#article","isPartOf":{"@id":"https:\/\/ess-villars.ch\/fr\/blogs\/item\/2561-episode-23-les-annees-club-med"},"author":{"name":"Admin_ess_1234","@id":"https:\/\/ess-villars.ch\/fr\/#\/schema\/person\/0f30ecd734c125feb7718cb834b17b33"},"headline":"Episode 23: Les ann\u00e9es Club Med","datePublished":"2023-08-30T14:38:32+00:00","dateModified":"2025-09-25T10:21:42+00:00","mainEntityOfPage":{"@id":"https:\/\/ess-villars.ch\/fr\/blogs\/item\/2561-episode-23-les-annees-club-med"},"wordCount":269,"commentCount":0,"publisher":{"@id":"https:\/\/ess-villars.ch\/fr\/#organization"},"image":{"@id":"https:\/\/ess-villars.ch\/fr\/blogs\/item\/2561-episode-23-les-annees-club-med#primaryimage"},"thumbnailUrl":"https:\/\/ess-villars.ch\/wp-content\/uploads\/2023\/08\/ESS-114-scaled.jpg","articleSection":["Histoire"],"inLanguage":"fr-FR","potentialAction":[{"@type":"CommentAction","name":"Comment","target":["https:\/\/ess-villars.ch\/fr\/blogs\/item\/2561-episode-23-les-annees-club-med#respond"]}]},{"@type":"WebPage","@id":"https:\/\/ess-villars.ch\/fr\/blogs\/item\/2561-episode-23-les-annees-club-med","url":"https:\/\/ess-villars.ch\/fr\/blogs\/item\/2561-episode-23-les-annees-club-med","name":"Episode 23: Les ann\u00e9es Club Med - ESS Villars","isPartOf":{"@id":"https:\/\/ess-villars.ch\/fr\/#website"},"primaryImageOfPage":{"@id":"https:\/\/ess-villars.ch\/fr\/blogs\/item\/2561-episode-23-les-annees-club-med#primaryimage"},"image":{"@id":"https:\/\/ess-villars.ch\/fr\/blogs\/item\/2561-episode-23-les-annees-club-med#primaryimage"},"thumbnailUrl":"https:\/\/ess-villars.ch\/wp-content\/uploads\/2023\/08\/ESS-114-scaled.jpg","datePublished":"2023-08-30T14:38:32+00:00","dateModified":"2025-09-25T10:21:42+00:00","description":"Les ann\u00e9es Club Med Depuis son arriv\u00e9e \u00e0 Villars en 1968, le Club M\u00e9diterran\u00e9e recourait ponctuellement aux...","breadcrumb":{"@id":"https:\/\/ess-villars.ch\/fr\/blogs\/item\/2561-episode-23-les-annees-club-med#breadcrumb"},"inLanguage":"fr-FR","potentialAction":[{"@type":"ReadAction","target":["https:\/\/ess-villars.ch\/fr\/blogs\/item\/2561-episode-23-les-annees-club-med"]}]},{"@type":"ImageObject","inLanguage":"fr-FR","@id":"https:\/\/ess-villars.ch\/fr\/blogs\/item\/2561-episode-23-les-annees-club-med#primaryimage","url":"https:\/\/ess-villars.ch\/wp-content\/uploads\/2023\/08\/ESS-114-scaled.jpg","contentUrl":"https:\/\/ess-villars.ch\/wp-content\/uploads\/2023\/08\/ESS-114-scaled.jpg","width":2560,"height":1749},{"@type":"BreadcrumbList","@id":"https:\/\/ess-villars.ch\/fr\/blogs\/item\/2561-episode-23-les-annees-club-med#breadcrumb","itemListElement":[{"@type":"ListItem","position":1,"name":"Home","item":"https:\/\/ess-villars.ch\/fr\/"},{"@type":"ListItem","position":2,"name":"Episode 23: Les ann\u00e9es Club Med"}]},{"@type":"WebSite","@id":"https:\/\/ess-villars.ch\/fr\/#website","url":"https:\/\/ess-villars.ch\/fr\/","name":"ESS Villars","description":"Join the red legend !","publisher":{"@id":"https:\/\/ess-villars.ch\/fr\/#organization"},"potentialAction":[{"@type":"SearchAction","target":{"@type":"EntryPoint","urlTemplate":"https:\/\/ess-villars.ch\/fr\/?s={search_term_string}"},"query-input":{"@type":"PropertyValueSpecification","valueRequired":true,"valueName":"search_term_string"}}],"inLanguage":"fr-FR"},{"@type":"Organization","@id":"https:\/\/ess-villars.ch\/fr\/#organization","name":"ESS Villars","url":"https:\/\/ess-villars.ch\/fr\/","logo":{"@type":"ImageObject","inLanguage":"fr-FR","@id":"https:\/\/ess-villars.ch\/fr\/#\/schema\/logo\/image\/","url":"https:\/\/ess-villars.ch\/wp-content\/uploads\/2023\/08\/ESS_Villars_logo_png.png","contentUrl":"https:\/\/ess-villars.ch\/wp-content\/uploads\/2023\/08\/ESS_Villars_logo_png.png","width":1181,"height":1181,"caption":"ESS Villars"},"image":{"@id":"https:\/\/ess-villars.ch\/fr\/#\/schema\/logo\/image\/"}},{"@type":"Person","@id":"https:\/\/ess-villars.ch\/fr\/#\/schema\/person\/0f30ecd734c125feb7718cb834b17b33","name":"Admin_ess_1234","image":{"@type":"ImageObject","inLanguage":"fr-FR","@id":"https:\/\/secure.gravatar.com\/avatar\/5fa0ab8129cd20f0a7834bfabb7e7a1558862e46633c891c431236a50cc39ab9?s=96&d=mm&r=g","url":"https:\/\/secure.gravatar.com\/avatar\/5fa0ab8129cd20f0a7834bfabb7e7a1558862e46633c891c431236a50cc39ab9?s=96&d=mm&r=g","contentUrl":"https:\/\/secure.gravatar.com\/avatar\/5fa0ab8129cd20f0a7834bfabb7e7a1558862e46633c891c431236a50cc39ab9?s=96&d=mm&r=g","caption":"Admin_ess_1234"},"sameAs":["https:\/\/ess-villars.ch"]}]}},"_links":{"self":[{"href":"https:\/\/ess-villars.ch\/fr\/wp-json\/wp\/v2\/posts\/29547","targetHints":{"allow":["GET"]}}],"collection":[{"href":"https:\/\/ess-villars.ch\/fr\/wp-json\/wp\/v2\/posts"}],"about":[{"href":"https:\/\/ess-villars.ch\/fr\/wp-json\/wp\/v2\/types\/post"}],"author":[{"embeddable":true,"href":"https:\/\/ess-villars.ch\/fr\/wp-json\/wp\/v2\/users\/1"}],"replies":[{"embeddable":true,"href":"https:\/\/ess-villars.ch\/fr\/wp-json\/wp\/v2\/comments?post=29547"}],"version-history":[{"count":4,"href":"https:\/\/ess-villars.ch\/fr\/wp-json\/wp\/v2\/posts\/29547\/revisions"}],"predecessor-version":[{"id":29566,"href":"https:\/\/ess-villars.ch\/fr\/wp-json\/wp\/v2\/posts\/29547\/revisions\/29566"}],"wp:featuredmedia":[{"embeddable":true,"href":"https:\/\/ess-villars.ch\/fr\/wp-json\/wp\/v2\/media\/29550"}],"wp:attachment":[{"href":"https:\/\/ess-villars.ch\/fr\/wp-json\/wp\/v2\/media?parent=29547"}],"wp:term":[{"taxonomy":"category","embeddable":true,"href":"https:\/\/ess-villars.ch\/fr\/wp-json\/wp\/v2\/categories?post=29547"},{"taxonomy":"post_tag","embeddable":true,"href":"https:\/\/ess-villars.ch\/fr\/wp-json\/wp\/v2\/tags?post=29547"}],"curies":[{"name":"wp","href":"https:\/\/api.w.org\/{rel}","templated":true}]}}