{"id":28965,"date":"2023-08-30T16:35:27","date_gmt":"2023-08-30T14:35:27","guid":{"rendered":"https:\/\/hebergement2.ch\/?p=28965"},"modified":"2025-09-25T12:22:03","modified_gmt":"2025-09-25T10:22:03","slug":"les-accompagnateurs-de-villars","status":"publish","type":"post","link":"https:\/\/ess-villars.ch\/fr\/blogs\/item\/2562-episode-26-les-accompagnateurs-de-villars","title":{"rendered":"Episode 26: Les accompagnateurs de Villars"},"content":{"rendered":"<h2>Les accompagnateurs de Villars<\/h2>\n<p>Suite \u00e0 l\u2019excellente collaboration en place depuis quelques ann\u00e9es entre les deux soci\u00e9t\u00e9s, le Club Med demande en 2002 \u00e0 l\u2019ESS de Villars d\u2019encadrer ses randonn\u00e9es estivales. La soci\u00e9t\u00e9 des \u00abAccompagnateurs de Villars\u00bb est cr\u00e9\u00e9e \u00e0 ces \ufb01ns. Cette nouvelle soci\u00e9t\u00e9 repr\u00e9sentait pour une petite dizaine de professeurs de ski de l\u2019ESS un compl\u00e9ment id\u00e9al \u00e0 leur profession hivernale.<\/p>\n<p>L\u2019organisation de cette nouvelle activit\u00e9 est con\ufb01\u00e9e \u00e0 Pascal Brunner qui met alors sur pied un cours de formation et se charge d\u2019\u00e9tablir des programmes. L\u2019activit\u00e9 rencontre d\u2019entr\u00e9e de jeu un \u00e9norme succ\u00e8s. Les GM sont enchant\u00e9s de d\u00e9couvrir la r\u00e9gion en compagnie d\u2019accompagnateurs du cru et la demande ne cesse de cro\u00eetre. L\u2019offre est progressivement d\u00e9velopp\u00e9e avec l\u2019introduction notamment du Nordic Walking, de randonn\u00e9es \u00e0 th\u00e8mes et de sorties pour les enfants.<\/p>\n<p>En 2007, les \u00ab Accompagnateurs de Villars \u00bb, maintenant au nombre de quarante, ont emmen\u00e9 pas loin de 15\u2019000 GM sur nos beaux sentiers tout au long de l\u2019\u00e9t\u00e9.<\/p>\n<p><img fetchpriority=\"high\" decoding=\"async\" class=\"aligncenter wp-image-28966 size-large\" src=\"https:\/\/ess-villars.ch\/wp-content\/uploads\/2023\/08\/20180808_150548-1024x768.jpg\" alt=\"\" width=\"800\" height=\"600\" srcset=\"https:\/\/ess-villars.ch\/wp-content\/uploads\/2023\/08\/20180808_150548-1024x768.jpg 1024w, https:\/\/ess-villars.ch\/wp-content\/uploads\/2023\/08\/20180808_150548-300x225.jpg 300w, https:\/\/ess-villars.ch\/wp-content\/uploads\/2023\/08\/20180808_150548-768x576.jpg 768w, https:\/\/ess-villars.ch\/wp-content\/uploads\/2023\/08\/20180808_150548-1536x1152.jpg 1536w, https:\/\/ess-villars.ch\/wp-content\/uploads\/2023\/08\/20180808_150548-2048x1536.jpg 2048w\" sizes=\"(max-width: 800px) 100vw, 800px\" \/><\/p>\n<p>Bien que le Club Med ne passe plus ces \u00e9t\u00e9s \u00e0 Villars, les accompagnateurs restent pour autant actif et guident les plus jeunes comme les plus grands dans les plus beaux sentiers des environs.<\/p>\n<p><img decoding=\"async\" class=\"aligncenter size-large wp-image-28967\" src=\"https:\/\/ess-villars.ch\/wp-content\/uploads\/2023\/08\/005-1024x385.jpg\" alt=\"\" width=\"800\" height=\"301\" srcset=\"https:\/\/ess-villars.ch\/wp-content\/uploads\/2023\/08\/005-1024x385.jpg 1024w, https:\/\/ess-villars.ch\/wp-content\/uploads\/2023\/08\/005-300x113.jpg 300w, https:\/\/ess-villars.ch\/wp-content\/uploads\/2023\/08\/005-768x289.jpg 768w, https:\/\/ess-villars.ch\/wp-content\/uploads\/2023\/08\/005-1536x577.jpg 1536w, https:\/\/ess-villars.ch\/wp-content\/uploads\/2023\/08\/005-2048x769.jpg 2048w\" sizes=\"(max-width: 800px) 100vw, 800px\" \/><\/p>\n","protected":false},"excerpt":{"rendered":"<p>Les accompagnateurs de Villars Suite \u00e0 l\u2019excellente collaboration en place depuis quelques ann\u00e9es entre les deux soci\u00e9t\u00e9s, le Club Med demande en 2002 \u00e0 l\u2019ESS de Villars d\u2019encadrer ses randonn\u00e9es estivales. La soci\u00e9t\u00e9 des \u00abAccompagnateurs de Villars\u00bb est cr\u00e9\u00e9e \u00e0 ces \ufb01ns. Cette nouvelle soci\u00e9t\u00e9 repr\u00e9sentait pour une petite dizaine de professeurs de ski de [&hellip;]<\/p>\n","protected":false},"author":1,"featured_media":28966,"comment_status":"open","ping_status":"open","sticky":false,"template":"","format":"standard","meta":{"_acf_changed":false,"footnotes":""},"categories":[9],"tags":[],"class_list":["post-28965","post","type-post","status-publish","format-standard","has-post-thumbnail","hentry","category-histoire"],"acf":[],"yoast_head":"<!-- This site is optimized with the Yoast SEO plugin v27.5 - https:\/\/yoast.com\/product\/yoast-seo-wordpress\/ -->\n<title>Episode 26: Les accompagnateurs de Villars - ESS Villars<\/title>\n<meta name=\"description\" content=\"Les accompagnateurs de Villars Suite \u00e0 l\u2019excellente collaboration en place depuis quelques ann\u00e9es entre les deux soci\u00e9t&amp;eac...\" \/>\n<meta name=\"robots\" content=\"index, follow, max-snippet:-1, max-image-preview:large, max-video-preview:-1\" \/>\n<link rel=\"canonical\" href=\"https:\/\/ess-villars.ch\/fr\/blogs\/item\/2562-episode-26-les-accompagnateurs-de-villars\/\" \/>\n<meta property=\"og:locale\" content=\"fr_FR\" \/>\n<meta property=\"og:type\" content=\"article\" \/>\n<meta property=\"og:title\" content=\"Episode 26: Les accompagnateurs de Villars - ESS Villars\" \/>\n<meta property=\"og:description\" content=\"Les accompagnateurs de Villars Suite \u00e0 l\u2019excellente collaboration en place depuis quelques ann\u00e9es entre les deux soci\u00e9t&amp;eac...\" \/>\n<meta property=\"og:url\" content=\"https:\/\/ess-villars.ch\/fr\/blogs\/item\/2562-episode-26-les-accompagnateurs-de-villars\" \/>\n<meta property=\"og:site_name\" content=\"ESS Villars\" \/>\n<meta property=\"article:published_time\" content=\"2023-08-30T14:35:27+00:00\" \/>\n<meta property=\"article:modified_time\" content=\"2025-09-25T10:22:03+00:00\" \/>\n<meta property=\"og:image\" content=\"https:\/\/ess-villars.ch\/wp-content\/uploads\/2023\/08\/20180808_150548-scaled.jpg\" \/>\n\t<meta property=\"og:image:width\" content=\"2560\" \/>\n\t<meta property=\"og:image:height\" content=\"1920\" \/>\n\t<meta property=\"og:image:type\" content=\"image\/jpeg\" \/>\n<meta name=\"author\" content=\"Admin_ess_1234\" \/>\n<meta name=\"twitter:card\" content=\"summary_large_image\" \/>\n<meta name=\"twitter:label1\" content=\"\u00c9crit par\" \/>\n\t<meta name=\"twitter:data1\" content=\"Admin_ess_1234\" \/>\n\t<meta name=\"twitter:label2\" content=\"Dur\u00e9e de lecture estim\u00e9e\" \/>\n\t<meta name=\"twitter:data2\" content=\"2 minutes\" \/>\n<script type=\"application\/ld+json\" class=\"yoast-schema-graph\">{\"@context\":\"https:\\\/\\\/schema.org\",\"@graph\":[{\"@type\":\"Article\",\"@id\":\"https:\\\/\\\/ess-villars.ch\\\/fr\\\/blogs\\\/item\\\/2562-episode-26-les-accompagnateurs-de-villars#article\",\"isPartOf\":{\"@id\":\"https:\\\/\\\/ess-villars.ch\\\/fr\\\/blogs\\\/item\\\/2562-episode-26-les-accompagnateurs-de-villars\"},\"author\":{\"name\":\"Admin_ess_1234\",\"@id\":\"https:\\\/\\\/ess-villars.ch\\\/fr\\\/#\\\/schema\\\/person\\\/0f30ecd734c125feb7718cb834b17b33\"},\"headline\":\"Episode 26: Les accompagnateurs de Villars\",\"datePublished\":\"2023-08-30T14:35:27+00:00\",\"dateModified\":\"2025-09-25T10:22:03+00:00\",\"mainEntityOfPage\":{\"@id\":\"https:\\\/\\\/ess-villars.ch\\\/fr\\\/blogs\\\/item\\\/2562-episode-26-les-accompagnateurs-de-villars\"},\"wordCount\":226,\"commentCount\":0,\"publisher\":{\"@id\":\"https:\\\/\\\/ess-villars.ch\\\/fr\\\/#organization\"},\"image\":{\"@id\":\"https:\\\/\\\/ess-villars.ch\\\/fr\\\/blogs\\\/item\\\/2562-episode-26-les-accompagnateurs-de-villars#primaryimage\"},\"thumbnailUrl\":\"https:\\\/\\\/ess-villars.ch\\\/wp-content\\\/uploads\\\/2023\\\/08\\\/20180808_150548-scaled.jpg\",\"articleSection\":[\"Histoire\"],\"inLanguage\":\"fr-FR\",\"potentialAction\":[{\"@type\":\"CommentAction\",\"name\":\"Comment\",\"target\":[\"https:\\\/\\\/ess-villars.ch\\\/fr\\\/blogs\\\/item\\\/2562-episode-26-les-accompagnateurs-de-villars#respond\"]}]},{\"@type\":\"WebPage\",\"@id\":\"https:\\\/\\\/ess-villars.ch\\\/fr\\\/blogs\\\/item\\\/2562-episode-26-les-accompagnateurs-de-villars\",\"url\":\"https:\\\/\\\/ess-villars.ch\\\/fr\\\/blogs\\\/item\\\/2562-episode-26-les-accompagnateurs-de-villars\",\"name\":\"Episode 26: Les accompagnateurs de Villars - ESS Villars\",\"isPartOf\":{\"@id\":\"https:\\\/\\\/ess-villars.ch\\\/fr\\\/#website\"},\"primaryImageOfPage\":{\"@id\":\"https:\\\/\\\/ess-villars.ch\\\/fr\\\/blogs\\\/item\\\/2562-episode-26-les-accompagnateurs-de-villars#primaryimage\"},\"image\":{\"@id\":\"https:\\\/\\\/ess-villars.ch\\\/fr\\\/blogs\\\/item\\\/2562-episode-26-les-accompagnateurs-de-villars#primaryimage\"},\"thumbnailUrl\":\"https:\\\/\\\/ess-villars.ch\\\/wp-content\\\/uploads\\\/2023\\\/08\\\/20180808_150548-scaled.jpg\",\"datePublished\":\"2023-08-30T14:35:27+00:00\",\"dateModified\":\"2025-09-25T10:22:03+00:00\",\"description\":\"Les accompagnateurs de Villars Suite \u00e0 l\u2019excellente collaboration en place depuis quelques ann\u00e9es entre les deux soci\u00e9t&eac...\",\"breadcrumb\":{\"@id\":\"https:\\\/\\\/ess-villars.ch\\\/fr\\\/blogs\\\/item\\\/2562-episode-26-les-accompagnateurs-de-villars#breadcrumb\"},\"inLanguage\":\"fr-FR\",\"potentialAction\":[{\"@type\":\"ReadAction\",\"target\":[\"https:\\\/\\\/ess-villars.ch\\\/fr\\\/blogs\\\/item\\\/2562-episode-26-les-accompagnateurs-de-villars\"]}]},{\"@type\":\"ImageObject\",\"inLanguage\":\"fr-FR\",\"@id\":\"https:\\\/\\\/ess-villars.ch\\\/fr\\\/blogs\\\/item\\\/2562-episode-26-les-accompagnateurs-de-villars#primaryimage\",\"url\":\"https:\\\/\\\/ess-villars.ch\\\/wp-content\\\/uploads\\\/2023\\\/08\\\/20180808_150548-scaled.jpg\",\"contentUrl\":\"https:\\\/\\\/ess-villars.ch\\\/wp-content\\\/uploads\\\/2023\\\/08\\\/20180808_150548-scaled.jpg\",\"width\":2560,\"height\":1920},{\"@type\":\"BreadcrumbList\",\"@id\":\"https:\\\/\\\/ess-villars.ch\\\/fr\\\/blogs\\\/item\\\/2562-episode-26-les-accompagnateurs-de-villars#breadcrumb\",\"itemListElement\":[{\"@type\":\"ListItem\",\"position\":1,\"name\":\"Home\",\"item\":\"https:\\\/\\\/ess-villars.ch\\\/fr\\\/\"},{\"@type\":\"ListItem\",\"position\":2,\"name\":\"Episode 26: Les accompagnateurs de Villars\"}]},{\"@type\":\"WebSite\",\"@id\":\"https:\\\/\\\/ess-villars.ch\\\/fr\\\/#website\",\"url\":\"https:\\\/\\\/ess-villars.ch\\\/fr\\\/\",\"name\":\"ESS Villars\",\"description\":\"Join the red legend !\",\"publisher\":{\"@id\":\"https:\\\/\\\/ess-villars.ch\\\/fr\\\/#organization\"},\"potentialAction\":[{\"@type\":\"SearchAction\",\"target\":{\"@type\":\"EntryPoint\",\"urlTemplate\":\"https:\\\/\\\/ess-villars.ch\\\/fr\\\/?s={search_term_string}\"},\"query-input\":{\"@type\":\"PropertyValueSpecification\",\"valueRequired\":true,\"valueName\":\"search_term_string\"}}],\"inLanguage\":\"fr-FR\"},{\"@type\":\"Organization\",\"@id\":\"https:\\\/\\\/ess-villars.ch\\\/fr\\\/#organization\",\"name\":\"ESS Villars\",\"url\":\"https:\\\/\\\/ess-villars.ch\\\/fr\\\/\",\"logo\":{\"@type\":\"ImageObject\",\"inLanguage\":\"fr-FR\",\"@id\":\"https:\\\/\\\/ess-villars.ch\\\/fr\\\/#\\\/schema\\\/logo\\\/image\\\/\",\"url\":\"https:\\\/\\\/ess-villars.ch\\\/wp-content\\\/uploads\\\/2023\\\/08\\\/ESS_Villars_logo_png.png\",\"contentUrl\":\"https:\\\/\\\/ess-villars.ch\\\/wp-content\\\/uploads\\\/2023\\\/08\\\/ESS_Villars_logo_png.png\",\"width\":1181,\"height\":1181,\"caption\":\"ESS Villars\"},\"image\":{\"@id\":\"https:\\\/\\\/ess-villars.ch\\\/fr\\\/#\\\/schema\\\/logo\\\/image\\\/\"}},{\"@type\":\"Person\",\"@id\":\"https:\\\/\\\/ess-villars.ch\\\/fr\\\/#\\\/schema\\\/person\\\/0f30ecd734c125feb7718cb834b17b33\",\"name\":\"Admin_ess_1234\",\"image\":{\"@type\":\"ImageObject\",\"inLanguage\":\"fr-FR\",\"@id\":\"https:\\\/\\\/secure.gravatar.com\\\/avatar\\\/5fa0ab8129cd20f0a7834bfabb7e7a1558862e46633c891c431236a50cc39ab9?s=96&d=mm&r=g\",\"url\":\"https:\\\/\\\/secure.gravatar.com\\\/avatar\\\/5fa0ab8129cd20f0a7834bfabb7e7a1558862e46633c891c431236a50cc39ab9?s=96&d=mm&r=g\",\"contentUrl\":\"https:\\\/\\\/secure.gravatar.com\\\/avatar\\\/5fa0ab8129cd20f0a7834bfabb7e7a1558862e46633c891c431236a50cc39ab9?s=96&d=mm&r=g\",\"caption\":\"Admin_ess_1234\"},\"sameAs\":[\"https:\\\/\\\/ess-villars.ch\"]}]}<\/script>\n<!-- \/ Yoast SEO plugin. -->","yoast_head_json":{"title":"Episode 26: Les accompagnateurs de Villars - ESS Villars","description":"Les accompagnateurs de Villars Suite \u00e0 l\u2019excellente collaboration en place depuis quelques ann\u00e9es entre les deux soci\u00e9t&eac...","robots":{"index":"index","follow":"follow","max-snippet":"max-snippet:-1","max-image-preview":"max-image-preview:large","max-video-preview":"max-video-preview:-1"},"canonical":"https:\/\/ess-villars.ch\/fr\/blogs\/item\/2562-episode-26-les-accompagnateurs-de-villars\/","og_locale":"fr_FR","og_type":"article","og_title":"Episode 26: Les accompagnateurs de Villars - ESS Villars","og_description":"Les accompagnateurs de Villars Suite \u00e0 l\u2019excellente collaboration en place depuis quelques ann\u00e9es entre les deux soci\u00e9t&eac...","og_url":"https:\/\/ess-villars.ch\/fr\/blogs\/item\/2562-episode-26-les-accompagnateurs-de-villars","og_site_name":"ESS Villars","article_published_time":"2023-08-30T14:35:27+00:00","article_modified_time":"2025-09-25T10:22:03+00:00","og_image":[{"width":2560,"height":1920,"url":"https:\/\/ess-villars.ch\/wp-content\/uploads\/2023\/08\/20180808_150548-scaled.jpg","type":"image\/jpeg"}],"author":"Admin_ess_1234","twitter_card":"summary_large_image","twitter_misc":{"\u00c9crit par":"Admin_ess_1234","Dur\u00e9e de lecture estim\u00e9e":"2 minutes"},"schema":{"@context":"https:\/\/schema.org","@graph":[{"@type":"Article","@id":"https:\/\/ess-villars.ch\/fr\/blogs\/item\/2562-episode-26-les-accompagnateurs-de-villars#article","isPartOf":{"@id":"https:\/\/ess-villars.ch\/fr\/blogs\/item\/2562-episode-26-les-accompagnateurs-de-villars"},"author":{"name":"Admin_ess_1234","@id":"https:\/\/ess-villars.ch\/fr\/#\/schema\/person\/0f30ecd734c125feb7718cb834b17b33"},"headline":"Episode 26: Les accompagnateurs de Villars","datePublished":"2023-08-30T14:35:27+00:00","dateModified":"2025-09-25T10:22:03+00:00","mainEntityOfPage":{"@id":"https:\/\/ess-villars.ch\/fr\/blogs\/item\/2562-episode-26-les-accompagnateurs-de-villars"},"wordCount":226,"commentCount":0,"publisher":{"@id":"https:\/\/ess-villars.ch\/fr\/#organization"},"image":{"@id":"https:\/\/ess-villars.ch\/fr\/blogs\/item\/2562-episode-26-les-accompagnateurs-de-villars#primaryimage"},"thumbnailUrl":"https:\/\/ess-villars.ch\/wp-content\/uploads\/2023\/08\/20180808_150548-scaled.jpg","articleSection":["Histoire"],"inLanguage":"fr-FR","potentialAction":[{"@type":"CommentAction","name":"Comment","target":["https:\/\/ess-villars.ch\/fr\/blogs\/item\/2562-episode-26-les-accompagnateurs-de-villars#respond"]}]},{"@type":"WebPage","@id":"https:\/\/ess-villars.ch\/fr\/blogs\/item\/2562-episode-26-les-accompagnateurs-de-villars","url":"https:\/\/ess-villars.ch\/fr\/blogs\/item\/2562-episode-26-les-accompagnateurs-de-villars","name":"Episode 26: Les accompagnateurs de Villars - ESS Villars","isPartOf":{"@id":"https:\/\/ess-villars.ch\/fr\/#website"},"primaryImageOfPage":{"@id":"https:\/\/ess-villars.ch\/fr\/blogs\/item\/2562-episode-26-les-accompagnateurs-de-villars#primaryimage"},"image":{"@id":"https:\/\/ess-villars.ch\/fr\/blogs\/item\/2562-episode-26-les-accompagnateurs-de-villars#primaryimage"},"thumbnailUrl":"https:\/\/ess-villars.ch\/wp-content\/uploads\/2023\/08\/20180808_150548-scaled.jpg","datePublished":"2023-08-30T14:35:27+00:00","dateModified":"2025-09-25T10:22:03+00:00","description":"Les accompagnateurs de Villars Suite \u00e0 l\u2019excellente collaboration en place depuis quelques ann\u00e9es entre les deux soci\u00e9t&eac...","breadcrumb":{"@id":"https:\/\/ess-villars.ch\/fr\/blogs\/item\/2562-episode-26-les-accompagnateurs-de-villars#breadcrumb"},"inLanguage":"fr-FR","potentialAction":[{"@type":"ReadAction","target":["https:\/\/ess-villars.ch\/fr\/blogs\/item\/2562-episode-26-les-accompagnateurs-de-villars"]}]},{"@type":"ImageObject","inLanguage":"fr-FR","@id":"https:\/\/ess-villars.ch\/fr\/blogs\/item\/2562-episode-26-les-accompagnateurs-de-villars#primaryimage","url":"https:\/\/ess-villars.ch\/wp-content\/uploads\/2023\/08\/20180808_150548-scaled.jpg","contentUrl":"https:\/\/ess-villars.ch\/wp-content\/uploads\/2023\/08\/20180808_150548-scaled.jpg","width":2560,"height":1920},{"@type":"BreadcrumbList","@id":"https:\/\/ess-villars.ch\/fr\/blogs\/item\/2562-episode-26-les-accompagnateurs-de-villars#breadcrumb","itemListElement":[{"@type":"ListItem","position":1,"name":"Home","item":"https:\/\/ess-villars.ch\/fr\/"},{"@type":"ListItem","position":2,"name":"Episode 26: Les accompagnateurs de Villars"}]},{"@type":"WebSite","@id":"https:\/\/ess-villars.ch\/fr\/#website","url":"https:\/\/ess-villars.ch\/fr\/","name":"ESS Villars","description":"Join the red legend !","publisher":{"@id":"https:\/\/ess-villars.ch\/fr\/#organization"},"potentialAction":[{"@type":"SearchAction","target":{"@type":"EntryPoint","urlTemplate":"https:\/\/ess-villars.ch\/fr\/?s={search_term_string}"},"query-input":{"@type":"PropertyValueSpecification","valueRequired":true,"valueName":"search_term_string"}}],"inLanguage":"fr-FR"},{"@type":"Organization","@id":"https:\/\/ess-villars.ch\/fr\/#organization","name":"ESS Villars","url":"https:\/\/ess-villars.ch\/fr\/","logo":{"@type":"ImageObject","inLanguage":"fr-FR","@id":"https:\/\/ess-villars.ch\/fr\/#\/schema\/logo\/image\/","url":"https:\/\/ess-villars.ch\/wp-content\/uploads\/2023\/08\/ESS_Villars_logo_png.png","contentUrl":"https:\/\/ess-villars.ch\/wp-content\/uploads\/2023\/08\/ESS_Villars_logo_png.png","width":1181,"height":1181,"caption":"ESS Villars"},"image":{"@id":"https:\/\/ess-villars.ch\/fr\/#\/schema\/logo\/image\/"}},{"@type":"Person","@id":"https:\/\/ess-villars.ch\/fr\/#\/schema\/person\/0f30ecd734c125feb7718cb834b17b33","name":"Admin_ess_1234","image":{"@type":"ImageObject","inLanguage":"fr-FR","@id":"https:\/\/secure.gravatar.com\/avatar\/5fa0ab8129cd20f0a7834bfabb7e7a1558862e46633c891c431236a50cc39ab9?s=96&d=mm&r=g","url":"https:\/\/secure.gravatar.com\/avatar\/5fa0ab8129cd20f0a7834bfabb7e7a1558862e46633c891c431236a50cc39ab9?s=96&d=mm&r=g","contentUrl":"https:\/\/secure.gravatar.com\/avatar\/5fa0ab8129cd20f0a7834bfabb7e7a1558862e46633c891c431236a50cc39ab9?s=96&d=mm&r=g","caption":"Admin_ess_1234"},"sameAs":["https:\/\/ess-villars.ch"]}]}},"_links":{"self":[{"href":"https:\/\/ess-villars.ch\/fr\/wp-json\/wp\/v2\/posts\/28965","targetHints":{"allow":["GET"]}}],"collection":[{"href":"https:\/\/ess-villars.ch\/fr\/wp-json\/wp\/v2\/posts"}],"about":[{"href":"https:\/\/ess-villars.ch\/fr\/wp-json\/wp\/v2\/types\/post"}],"author":[{"embeddable":true,"href":"https:\/\/ess-villars.ch\/fr\/wp-json\/wp\/v2\/users\/1"}],"replies":[{"embeddable":true,"href":"https:\/\/ess-villars.ch\/fr\/wp-json\/wp\/v2\/comments?post=28965"}],"version-history":[{"count":2,"href":"https:\/\/ess-villars.ch\/fr\/wp-json\/wp\/v2\/posts\/28965\/revisions"}],"predecessor-version":[{"id":43985,"href":"https:\/\/ess-villars.ch\/fr\/wp-json\/wp\/v2\/posts\/28965\/revisions\/43985"}],"wp:featuredmedia":[{"embeddable":true,"href":"https:\/\/ess-villars.ch\/fr\/wp-json\/wp\/v2\/media\/28966"}],"wp:attachment":[{"href":"https:\/\/ess-villars.ch\/fr\/wp-json\/wp\/v2\/media?parent=28965"}],"wp:term":[{"taxonomy":"category","embeddable":true,"href":"https:\/\/ess-villars.ch\/fr\/wp-json\/wp\/v2\/categories?post=28965"},{"taxonomy":"post_tag","embeddable":true,"href":"https:\/\/ess-villars.ch\/fr\/wp-json\/wp\/v2\/tags?post=28965"}],"curies":[{"name":"wp","href":"https:\/\/api.w.org\/{rel}","templated":true}]}}