{"id":36281,"date":"2023-08-30T16:38:32","date_gmt":"2023-08-30T14:38:32","guid":{"rendered":"https:\/\/hebergement2.ch\/episode-23-the-club-med-years\/"},"modified":"2023-11-24T07:37:10","modified_gmt":"2023-11-24T06:37:10","slug":"episode-23-the-club-med-years","status":"publish","type":"post","link":"https:\/\/ess-villars.ch\/en\/blogs\/item\/2561-episode-23-les-annees-club-med","title":{"rendered":"Episode 23: The Club Med Years"},"content":{"rendered":"<h2>The Club Med Years<\/h2>\n<p>Since establishing itself in Villars in 1968, Club M\u00e9diterran\u00e9e has occasionally used the services of the Swiss Ski School to compensate for injuries or absences of its own instructors.<\/p>\n<p><img fetchpriority=\"high\" decoding=\"async\" class=\"aligncenter size-large wp-image-29548\" src=\"https:\/\/ess-villars.ch\/wp-content\/uploads\/2023\/08\/IMG_0008-4-689x1024.jpg\" alt=\"\" width=\"689\" height=\"1024\" srcset=\"https:\/\/ess-villars.ch\/wp-content\/uploads\/2023\/08\/IMG_0008-4-689x1024.jpg 689w, https:\/\/ess-villars.ch\/wp-content\/uploads\/2023\/08\/IMG_0008-4-202x300.jpg 202w, https:\/\/ess-villars.ch\/wp-content\/uploads\/2023\/08\/IMG_0008-4-768x1142.jpg 768w, https:\/\/ess-villars.ch\/wp-content\/uploads\/2023\/08\/IMG_0008-4-1033x1536.jpg 1033w, https:\/\/ess-villars.ch\/wp-content\/uploads\/2023\/08\/IMG_0008-4-1378x2048.jpg 1378w, https:\/\/ess-villars.ch\/wp-content\/uploads\/2023\/08\/IMG_0008-4.jpg 1496w\" sizes=\"(max-width: 689px) 100vw, 689px\" \/><\/p>\n<p>In 1999, Club Med decided to entrust the Swiss Ski School with teaching skiing to its guests. The transition was gradual, and in winter 99, five Swiss Ski School employees lent a hand to Club M\u00e9diterran\u00e9e&#8217;s French instructors. The following winter, the Swiss Ski School took over the reins, and some twenty instructors from the School began working at the Club. Fr\u00e9d\u00e9ric Lauquin, Club M\u00e9diterran\u00e9e&#8217;s current \u201cChef de Centre\u201d, joins the Swiss Ski School to facilitate a smooth transition. Club Med customers (also known as \u201cGMs\u201d) were immediately delighted with the change.<\/p>\n<div class=\"span6\">\n<p>The Swiss Ski School has grown considerably since the start of its collaboration with Club Med. Until last winter, up to forty instructors supervised the Club&#8217;s ski, snowboard, and snowshoe groups every week. They appreciated the good buffets and friendly atmosphere, of course, but also the slower pace of \u201cweekly\u201d courses.<\/p>\n<p><img decoding=\"async\" class=\"aligncenter size-large wp-image-29549\" src=\"https:\/\/ess-villars.ch\/wp-content\/uploads\/2023\/08\/ESS-46-768x1024.jpg\" alt=\"\" width=\"768\" height=\"1024\" srcset=\"https:\/\/ess-villars.ch\/wp-content\/uploads\/2023\/08\/ESS-46-768x1024.jpg 768w, https:\/\/ess-villars.ch\/wp-content\/uploads\/2023\/08\/ESS-46-225x300.jpg 225w, https:\/\/ess-villars.ch\/wp-content\/uploads\/2023\/08\/ESS-46-1152x1536.jpg 1152w, https:\/\/ess-villars.ch\/wp-content\/uploads\/2023\/08\/ESS-46-1536x2048.jpg 1536w, https:\/\/ess-villars.ch\/wp-content\/uploads\/2023\/08\/ESS-46.jpg 1704w\" sizes=\"(max-width: 768px) 100vw, 768px\" \/><\/p>\n<p>After almost 50 years of loyal service, the Club Med years in Villars have come to an end. The former GMs, who love the beautiful countryside and our instructors :-), have joined our courses, much to their delight!<\/p>\n<p><img decoding=\"async\" class=\"aligncenter size-large wp-image-29550\" src=\"https:\/\/ess-villars.ch\/wp-content\/uploads\/2023\/08\/ESS-114-1024x699.jpg\" alt=\"\" width=\"800\" height=\"546\" srcset=\"https:\/\/ess-villars.ch\/wp-content\/uploads\/2023\/08\/ESS-114-1024x699.jpg 1024w, https:\/\/ess-villars.ch\/wp-content\/uploads\/2023\/08\/ESS-114-300x205.jpg 300w, https:\/\/ess-villars.ch\/wp-content\/uploads\/2023\/08\/ESS-114-768x525.jpg 768w, https:\/\/ess-villars.ch\/wp-content\/uploads\/2023\/08\/ESS-114-1536x1049.jpg 1536w, https:\/\/ess-villars.ch\/wp-content\/uploads\/2023\/08\/ESS-114-2048x1399.jpg 2048w\" sizes=\"(max-width: 800px) 100vw, 800px\" \/><\/p>\n<\/div>\n","protected":false},"excerpt":{"rendered":"<p>The Club Med Years Since establishing itself in Villars in 1968, Club M\u00e9diterran\u00e9e has occasionally used the services of the Swiss Ski School to compensate for injuries or absences of its own instructors. In 1999, Club Med decided to entrust the Swiss Ski School with teaching skiing to its guests. The transition was gradual, and [&hellip;]<\/p>\n","protected":false},"author":1,"featured_media":34513,"comment_status":"open","ping_status":"open","sticky":false,"template":"","format":"standard","meta":{"_acf_changed":false,"footnotes":""},"categories":[84],"tags":[],"class_list":["post-36281","post","type-post","status-publish","format-standard","has-post-thumbnail","hentry","category-history"],"acf":[],"yoast_head":"<!-- This site is optimized with the Yoast SEO plugin v27.5 - https:\/\/yoast.com\/product\/yoast-seo-wordpress\/ -->\n<title>Episode 23: The Club Med Years - ESS Villars<\/title>\n<meta name=\"description\" content=\"The Club Med Years Since establishing itself in Villars in 1968, Club M\u00e9diterran\u00e9e has occasionally used...\" \/>\n<meta name=\"robots\" content=\"index, follow, max-snippet:-1, max-image-preview:large, max-video-preview:-1\" \/>\n<link rel=\"canonical\" href=\"https:\/\/ess-villars.ch\/en\/blogs\/item\/2561-episode-23-les-annees-club-med\/\" \/>\n<meta property=\"og:locale\" content=\"en_US\" \/>\n<meta property=\"og:type\" content=\"article\" \/>\n<meta property=\"og:title\" content=\"Episode 23: The Club Med Years - ESS Villars\" \/>\n<meta property=\"og:description\" content=\"The Club Med Years Since establishing itself in Villars in 1968, Club M\u00e9diterran\u00e9e has occasionally used...\" \/>\n<meta property=\"og:url\" content=\"https:\/\/ess-villars.ch\/en\/blogs\/item\/2561-episode-23-les-annees-club-med\" \/>\n<meta property=\"og:site_name\" content=\"ESS Villars\" \/>\n<meta property=\"article:published_time\" content=\"2023-08-30T14:38:32+00:00\" \/>\n<meta property=\"article:modified_time\" content=\"2023-11-24T06:37:10+00:00\" \/>\n<meta property=\"og:image\" content=\"https:\/\/ess-villars.ch\/wp-content\/uploads\/2023\/08\/ESS-114-scaled.jpg\" \/>\n\t<meta property=\"og:image:width\" content=\"2560\" \/>\n\t<meta property=\"og:image:height\" content=\"1749\" \/>\n\t<meta property=\"og:image:type\" content=\"image\/jpeg\" \/>\n<meta name=\"author\" content=\"Admin_ess_1234\" \/>\n<meta name=\"twitter:card\" content=\"summary_large_image\" \/>\n<meta name=\"twitter:label1\" content=\"Written by\" \/>\n\t<meta name=\"twitter:data1\" content=\"Admin_ess_1234\" \/>\n\t<meta name=\"twitter:label2\" content=\"Est. reading time\" \/>\n\t<meta name=\"twitter:data2\" content=\"1 minute\" \/>\n<script type=\"application\/ld+json\" class=\"yoast-schema-graph\">{\"@context\":\"https:\\\/\\\/schema.org\",\"@graph\":[{\"@type\":\"Article\",\"@id\":\"https:\\\/\\\/ess-villars.ch\\\/en\\\/blogs\\\/item\\\/2561-episode-23-les-annees-club-med#article\",\"isPartOf\":{\"@id\":\"https:\\\/\\\/ess-villars.ch\\\/en\\\/blogs\\\/item\\\/2561-episode-23-les-annees-club-med\"},\"author\":{\"name\":\"Admin_ess_1234\",\"@id\":\"https:\\\/\\\/ess-villars.ch\\\/en\\\/#\\\/schema\\\/person\\\/0f30ecd734c125feb7718cb834b17b33\"},\"headline\":\"Episode 23: The Club Med Years\",\"datePublished\":\"2023-08-30T14:38:32+00:00\",\"dateModified\":\"2023-11-24T06:37:10+00:00\",\"mainEntityOfPage\":{\"@id\":\"https:\\\/\\\/ess-villars.ch\\\/en\\\/blogs\\\/item\\\/2561-episode-23-les-annees-club-med\"},\"wordCount\":226,\"commentCount\":0,\"publisher\":{\"@id\":\"https:\\\/\\\/ess-villars.ch\\\/en\\\/#organization\"},\"image\":{\"@id\":\"https:\\\/\\\/ess-villars.ch\\\/en\\\/blogs\\\/item\\\/2561-episode-23-les-annees-club-med#primaryimage\"},\"thumbnailUrl\":\"https:\\\/\\\/ess-villars.ch\\\/wp-content\\\/uploads\\\/2023\\\/08\\\/ESS-114-scaled.jpg\",\"articleSection\":[\"History\"],\"inLanguage\":\"en-US\",\"potentialAction\":[{\"@type\":\"CommentAction\",\"name\":\"Comment\",\"target\":[\"https:\\\/\\\/ess-villars.ch\\\/en\\\/blogs\\\/item\\\/2561-episode-23-les-annees-club-med#respond\"]}]},{\"@type\":\"WebPage\",\"@id\":\"https:\\\/\\\/ess-villars.ch\\\/en\\\/blogs\\\/item\\\/2561-episode-23-les-annees-club-med\",\"url\":\"https:\\\/\\\/ess-villars.ch\\\/en\\\/blogs\\\/item\\\/2561-episode-23-les-annees-club-med\",\"name\":\"Episode 23: The Club Med Years - ESS Villars\",\"isPartOf\":{\"@id\":\"https:\\\/\\\/ess-villars.ch\\\/en\\\/#website\"},\"primaryImageOfPage\":{\"@id\":\"https:\\\/\\\/ess-villars.ch\\\/en\\\/blogs\\\/item\\\/2561-episode-23-les-annees-club-med#primaryimage\"},\"image\":{\"@id\":\"https:\\\/\\\/ess-villars.ch\\\/en\\\/blogs\\\/item\\\/2561-episode-23-les-annees-club-med#primaryimage\"},\"thumbnailUrl\":\"https:\\\/\\\/ess-villars.ch\\\/wp-content\\\/uploads\\\/2023\\\/08\\\/ESS-114-scaled.jpg\",\"datePublished\":\"2023-08-30T14:38:32+00:00\",\"dateModified\":\"2023-11-24T06:37:10+00:00\",\"description\":\"The Club Med Years Since establishing itself in Villars in 1968, Club M\u00e9diterran\u00e9e has occasionally used...\",\"breadcrumb\":{\"@id\":\"https:\\\/\\\/ess-villars.ch\\\/en\\\/blogs\\\/item\\\/2561-episode-23-les-annees-club-med#breadcrumb\"},\"inLanguage\":\"en-US\",\"potentialAction\":[{\"@type\":\"ReadAction\",\"target\":[\"https:\\\/\\\/ess-villars.ch\\\/en\\\/blogs\\\/item\\\/2561-episode-23-les-annees-club-med\"]}]},{\"@type\":\"ImageObject\",\"inLanguage\":\"en-US\",\"@id\":\"https:\\\/\\\/ess-villars.ch\\\/en\\\/blogs\\\/item\\\/2561-episode-23-les-annees-club-med#primaryimage\",\"url\":\"https:\\\/\\\/ess-villars.ch\\\/wp-content\\\/uploads\\\/2023\\\/08\\\/ESS-114-scaled.jpg\",\"contentUrl\":\"https:\\\/\\\/ess-villars.ch\\\/wp-content\\\/uploads\\\/2023\\\/08\\\/ESS-114-scaled.jpg\",\"width\":2560,\"height\":1749},{\"@type\":\"BreadcrumbList\",\"@id\":\"https:\\\/\\\/ess-villars.ch\\\/en\\\/blogs\\\/item\\\/2561-episode-23-les-annees-club-med#breadcrumb\",\"itemListElement\":[{\"@type\":\"ListItem\",\"position\":1,\"name\":\"Home\",\"item\":\"https:\\\/\\\/ess-villars.ch\\\/en\\\/\"},{\"@type\":\"ListItem\",\"position\":2,\"name\":\"Episode 23: The Club Med Years\"}]},{\"@type\":\"WebSite\",\"@id\":\"https:\\\/\\\/ess-villars.ch\\\/en\\\/#website\",\"url\":\"https:\\\/\\\/ess-villars.ch\\\/en\\\/\",\"name\":\"ESS Villars\",\"description\":\"Join the red legend !\",\"publisher\":{\"@id\":\"https:\\\/\\\/ess-villars.ch\\\/en\\\/#organization\"},\"potentialAction\":[{\"@type\":\"SearchAction\",\"target\":{\"@type\":\"EntryPoint\",\"urlTemplate\":\"https:\\\/\\\/ess-villars.ch\\\/en\\\/?s={search_term_string}\"},\"query-input\":{\"@type\":\"PropertyValueSpecification\",\"valueRequired\":true,\"valueName\":\"search_term_string\"}}],\"inLanguage\":\"en-US\"},{\"@type\":\"Organization\",\"@id\":\"https:\\\/\\\/ess-villars.ch\\\/en\\\/#organization\",\"name\":\"ESS Villars\",\"url\":\"https:\\\/\\\/ess-villars.ch\\\/en\\\/\",\"logo\":{\"@type\":\"ImageObject\",\"inLanguage\":\"en-US\",\"@id\":\"https:\\\/\\\/ess-villars.ch\\\/en\\\/#\\\/schema\\\/logo\\\/image\\\/\",\"url\":\"https:\\\/\\\/ess-villars.ch\\\/wp-content\\\/uploads\\\/2023\\\/08\\\/ESS_Villars_logo_png.png\",\"contentUrl\":\"https:\\\/\\\/ess-villars.ch\\\/wp-content\\\/uploads\\\/2023\\\/08\\\/ESS_Villars_logo_png.png\",\"width\":1181,\"height\":1181,\"caption\":\"ESS Villars\"},\"image\":{\"@id\":\"https:\\\/\\\/ess-villars.ch\\\/en\\\/#\\\/schema\\\/logo\\\/image\\\/\"}},{\"@type\":\"Person\",\"@id\":\"https:\\\/\\\/ess-villars.ch\\\/en\\\/#\\\/schema\\\/person\\\/0f30ecd734c125feb7718cb834b17b33\",\"name\":\"Admin_ess_1234\",\"image\":{\"@type\":\"ImageObject\",\"inLanguage\":\"en-US\",\"@id\":\"https:\\\/\\\/secure.gravatar.com\\\/avatar\\\/5fa0ab8129cd20f0a7834bfabb7e7a1558862e46633c891c431236a50cc39ab9?s=96&d=mm&r=g\",\"url\":\"https:\\\/\\\/secure.gravatar.com\\\/avatar\\\/5fa0ab8129cd20f0a7834bfabb7e7a1558862e46633c891c431236a50cc39ab9?s=96&d=mm&r=g\",\"contentUrl\":\"https:\\\/\\\/secure.gravatar.com\\\/avatar\\\/5fa0ab8129cd20f0a7834bfabb7e7a1558862e46633c891c431236a50cc39ab9?s=96&d=mm&r=g\",\"caption\":\"Admin_ess_1234\"},\"sameAs\":[\"https:\\\/\\\/ess-villars.ch\"]}]}<\/script>\n<!-- \/ Yoast SEO plugin. -->","yoast_head_json":{"title":"Episode 23: The Club Med Years - ESS Villars","description":"The Club Med Years Since establishing itself in Villars in 1968, Club M\u00e9diterran\u00e9e has occasionally used...","robots":{"index":"index","follow":"follow","max-snippet":"max-snippet:-1","max-image-preview":"max-image-preview:large","max-video-preview":"max-video-preview:-1"},"canonical":"https:\/\/ess-villars.ch\/en\/blogs\/item\/2561-episode-23-les-annees-club-med\/","og_locale":"en_US","og_type":"article","og_title":"Episode 23: The Club Med Years - ESS Villars","og_description":"The Club Med Years Since establishing itself in Villars in 1968, Club M\u00e9diterran\u00e9e has occasionally used...","og_url":"https:\/\/ess-villars.ch\/en\/blogs\/item\/2561-episode-23-les-annees-club-med","og_site_name":"ESS Villars","article_published_time":"2023-08-30T14:38:32+00:00","article_modified_time":"2023-11-24T06:37:10+00:00","og_image":[{"width":2560,"height":1749,"url":"https:\/\/ess-villars.ch\/wp-content\/uploads\/2023\/08\/ESS-114-scaled.jpg","type":"image\/jpeg"}],"author":"Admin_ess_1234","twitter_card":"summary_large_image","twitter_misc":{"Written by":"Admin_ess_1234","Est. reading time":"1 minute"},"schema":{"@context":"https:\/\/schema.org","@graph":[{"@type":"Article","@id":"https:\/\/ess-villars.ch\/en\/blogs\/item\/2561-episode-23-les-annees-club-med#article","isPartOf":{"@id":"https:\/\/ess-villars.ch\/en\/blogs\/item\/2561-episode-23-les-annees-club-med"},"author":{"name":"Admin_ess_1234","@id":"https:\/\/ess-villars.ch\/en\/#\/schema\/person\/0f30ecd734c125feb7718cb834b17b33"},"headline":"Episode 23: The Club Med Years","datePublished":"2023-08-30T14:38:32+00:00","dateModified":"2023-11-24T06:37:10+00:00","mainEntityOfPage":{"@id":"https:\/\/ess-villars.ch\/en\/blogs\/item\/2561-episode-23-les-annees-club-med"},"wordCount":226,"commentCount":0,"publisher":{"@id":"https:\/\/ess-villars.ch\/en\/#organization"},"image":{"@id":"https:\/\/ess-villars.ch\/en\/blogs\/item\/2561-episode-23-les-annees-club-med#primaryimage"},"thumbnailUrl":"https:\/\/ess-villars.ch\/wp-content\/uploads\/2023\/08\/ESS-114-scaled.jpg","articleSection":["History"],"inLanguage":"en-US","potentialAction":[{"@type":"CommentAction","name":"Comment","target":["https:\/\/ess-villars.ch\/en\/blogs\/item\/2561-episode-23-les-annees-club-med#respond"]}]},{"@type":"WebPage","@id":"https:\/\/ess-villars.ch\/en\/blogs\/item\/2561-episode-23-les-annees-club-med","url":"https:\/\/ess-villars.ch\/en\/blogs\/item\/2561-episode-23-les-annees-club-med","name":"Episode 23: The Club Med Years - ESS Villars","isPartOf":{"@id":"https:\/\/ess-villars.ch\/en\/#website"},"primaryImageOfPage":{"@id":"https:\/\/ess-villars.ch\/en\/blogs\/item\/2561-episode-23-les-annees-club-med#primaryimage"},"image":{"@id":"https:\/\/ess-villars.ch\/en\/blogs\/item\/2561-episode-23-les-annees-club-med#primaryimage"},"thumbnailUrl":"https:\/\/ess-villars.ch\/wp-content\/uploads\/2023\/08\/ESS-114-scaled.jpg","datePublished":"2023-08-30T14:38:32+00:00","dateModified":"2023-11-24T06:37:10+00:00","description":"The Club Med Years Since establishing itself in Villars in 1968, Club M\u00e9diterran\u00e9e has occasionally used...","breadcrumb":{"@id":"https:\/\/ess-villars.ch\/en\/blogs\/item\/2561-episode-23-les-annees-club-med#breadcrumb"},"inLanguage":"en-US","potentialAction":[{"@type":"ReadAction","target":["https:\/\/ess-villars.ch\/en\/blogs\/item\/2561-episode-23-les-annees-club-med"]}]},{"@type":"ImageObject","inLanguage":"en-US","@id":"https:\/\/ess-villars.ch\/en\/blogs\/item\/2561-episode-23-les-annees-club-med#primaryimage","url":"https:\/\/ess-villars.ch\/wp-content\/uploads\/2023\/08\/ESS-114-scaled.jpg","contentUrl":"https:\/\/ess-villars.ch\/wp-content\/uploads\/2023\/08\/ESS-114-scaled.jpg","width":2560,"height":1749},{"@type":"BreadcrumbList","@id":"https:\/\/ess-villars.ch\/en\/blogs\/item\/2561-episode-23-les-annees-club-med#breadcrumb","itemListElement":[{"@type":"ListItem","position":1,"name":"Home","item":"https:\/\/ess-villars.ch\/en\/"},{"@type":"ListItem","position":2,"name":"Episode 23: The Club Med Years"}]},{"@type":"WebSite","@id":"https:\/\/ess-villars.ch\/en\/#website","url":"https:\/\/ess-villars.ch\/en\/","name":"ESS Villars","description":"Join the red legend !","publisher":{"@id":"https:\/\/ess-villars.ch\/en\/#organization"},"potentialAction":[{"@type":"SearchAction","target":{"@type":"EntryPoint","urlTemplate":"https:\/\/ess-villars.ch\/en\/?s={search_term_string}"},"query-input":{"@type":"PropertyValueSpecification","valueRequired":true,"valueName":"search_term_string"}}],"inLanguage":"en-US"},{"@type":"Organization","@id":"https:\/\/ess-villars.ch\/en\/#organization","name":"ESS Villars","url":"https:\/\/ess-villars.ch\/en\/","logo":{"@type":"ImageObject","inLanguage":"en-US","@id":"https:\/\/ess-villars.ch\/en\/#\/schema\/logo\/image\/","url":"https:\/\/ess-villars.ch\/wp-content\/uploads\/2023\/08\/ESS_Villars_logo_png.png","contentUrl":"https:\/\/ess-villars.ch\/wp-content\/uploads\/2023\/08\/ESS_Villars_logo_png.png","width":1181,"height":1181,"caption":"ESS Villars"},"image":{"@id":"https:\/\/ess-villars.ch\/en\/#\/schema\/logo\/image\/"}},{"@type":"Person","@id":"https:\/\/ess-villars.ch\/en\/#\/schema\/person\/0f30ecd734c125feb7718cb834b17b33","name":"Admin_ess_1234","image":{"@type":"ImageObject","inLanguage":"en-US","@id":"https:\/\/secure.gravatar.com\/avatar\/5fa0ab8129cd20f0a7834bfabb7e7a1558862e46633c891c431236a50cc39ab9?s=96&d=mm&r=g","url":"https:\/\/secure.gravatar.com\/avatar\/5fa0ab8129cd20f0a7834bfabb7e7a1558862e46633c891c431236a50cc39ab9?s=96&d=mm&r=g","contentUrl":"https:\/\/secure.gravatar.com\/avatar\/5fa0ab8129cd20f0a7834bfabb7e7a1558862e46633c891c431236a50cc39ab9?s=96&d=mm&r=g","caption":"Admin_ess_1234"},"sameAs":["https:\/\/ess-villars.ch"]}]}},"_links":{"self":[{"href":"https:\/\/ess-villars.ch\/en\/wp-json\/wp\/v2\/posts\/36281","targetHints":{"allow":["GET"]}}],"collection":[{"href":"https:\/\/ess-villars.ch\/en\/wp-json\/wp\/v2\/posts"}],"about":[{"href":"https:\/\/ess-villars.ch\/en\/wp-json\/wp\/v2\/types\/post"}],"author":[{"embeddable":true,"href":"https:\/\/ess-villars.ch\/en\/wp-json\/wp\/v2\/users\/1"}],"replies":[{"embeddable":true,"href":"https:\/\/ess-villars.ch\/en\/wp-json\/wp\/v2\/comments?post=36281"}],"version-history":[{"count":1,"href":"https:\/\/ess-villars.ch\/en\/wp-json\/wp\/v2\/posts\/36281\/revisions"}],"predecessor-version":[{"id":37330,"href":"https:\/\/ess-villars.ch\/en\/wp-json\/wp\/v2\/posts\/36281\/revisions\/37330"}],"wp:featuredmedia":[{"embeddable":true,"href":"https:\/\/ess-villars.ch\/en\/wp-json\/wp\/v2\/media\/34513"}],"wp:attachment":[{"href":"https:\/\/ess-villars.ch\/en\/wp-json\/wp\/v2\/media?parent=36281"}],"wp:term":[{"taxonomy":"category","embeddable":true,"href":"https:\/\/ess-villars.ch\/en\/wp-json\/wp\/v2\/categories?post=36281"},{"taxonomy":"post_tag","embeddable":true,"href":"https:\/\/ess-villars.ch\/en\/wp-json\/wp\/v2\/tags?post=36281"}],"curies":[{"name":"wp","href":"https:\/\/api.w.org\/{rel}","templated":true}]}}