{"id":36417,"date":"2023-08-30T17:00:30","date_gmt":"2023-08-30T15:00:30","guid":{"rendered":"https:\/\/hebergement2.ch\/episode-1-die-entstehung-der-schweizer-skischule-villars\/"},"modified":"2023-11-24T03:05:30","modified_gmt":"2023-11-24T02:05:30","slug":"episode-1-die-entstehung-der-schweizer-skischule-villars","status":"publish","type":"post","link":"https:\/\/ess-villars.ch\/de\/blogs\/item\/2535-episode-1-la-naissance-de-l-ecole-suisse-de-ski-de-villars","title":{"rendered":"Episode 1: Die Entstehung der Schweizer Skischule Villars"},"content":{"rendered":"<h2>Die Entstehung der Schweizer Skischule Villars<\/h2>\n<p>1936 wurde der erste alpine Ski-Wettbewerb bei den Olympischen Spielen in Garmisch-Partenkirchen mit einer heftigen Kontroverse er\u00f6ffnet: Das IOC verbot Skilehrern, die als Profis galten, an den alpinen Ski-Wettbewerben teilzunehmen, einer Disziplin, die neu in das olympische Programm aufgenommen worden war. Diese Entscheidung erregte den Zorn der Schweizer und \u00f6sterreichischen Skifahrer, die die Wettk\u00e4mpfe boykottierten.<\/p>\n<p>Die grosse Depression der 1930er Jahre schien jedoch die Entwicklung des Skisports im Allgemeinen und die vielen touristischen Aktivit\u00e4ten in Villars im Besonderen nicht zu behindern.<\/p>\n<p>Dieser pl\u00f6tzliche Aufschwung des Skisports in Verbindung mit der starken Entwicklung des Wintertourismus f\u00fchrte zu einem erheblichen Anstieg der Zahl der Skifahrer, und es dauerte nicht lange, bis die Notwendigkeit einer Strukturierung des Skilehrwesens sp\u00fcrbar wurde. Die erste Schweizer Skischule wird 1929 in St. Moritz gegr\u00fcndet und im Winter 1931 heisst Andermatt die ersten Kandidaten f\u00fcr das Schweizer Skilehrerzertifikat willkommen. Aus Villard waren Robert Follin, Hans Flotron, Jean-Louis Chable sowie Reynold und Edmond Dubi mit von der Partie.<\/p>\n<p><img fetchpriority=\"high\" decoding=\"async\" class=\"aligncenter size-large wp-image-29687\" src=\"https:\/\/ess-villars.ch\/wp-content\/uploads\/2023\/08\/Affiche-ESS-30-40-722x1024.jpg\" alt=\"\" width=\"722\" height=\"1024\" srcset=\"https:\/\/ess-villars.ch\/wp-content\/uploads\/2023\/08\/Affiche-ESS-30-40-722x1024.jpg 722w, https:\/\/ess-villars.ch\/wp-content\/uploads\/2023\/08\/Affiche-ESS-30-40-212x300.jpg 212w, https:\/\/ess-villars.ch\/wp-content\/uploads\/2023\/08\/Affiche-ESS-30-40-768x1089.jpg 768w, https:\/\/ess-villars.ch\/wp-content\/uploads\/2023\/08\/Affiche-ESS-30-40-1084x1536.jpg 1084w, https:\/\/ess-villars.ch\/wp-content\/uploads\/2023\/08\/Affiche-ESS-30-40-1445x2048.jpg 1445w, https:\/\/ess-villars.ch\/wp-content\/uploads\/2023\/08\/Affiche-ESS-30-40.jpg 1744w\" sizes=\"(max-width: 722px) 100vw, 722px\" \/><\/p>\n<p>In Villars gr\u00fcndeten im Winter 1933 sieben begeisterte Skifahrer, R. Tissot, A. Bonzon, H. Bohren, R. Ruchet, A. Andenmatten und H. Flotron, unter der Leitung von Otto Schaer die Schweizer Skischule Villars-Bretaye. Die Br\u00fcder Dubi und Jean-Louis Chable schlossen sich ihnen im folgenden Jahr an. Im selben Jahr wurde die Dachorganisation f\u00fcr den Skiunterricht in der Schweiz gegr\u00fcndet: der Interverband f\u00fcr Skilauf (SIVS). 1932 gab es in Bretaye noch keine Aufstiegshilfen und die meisten Unterrichtsstunden fanden auf dem Gel\u00e4nde des alten Golfplatzes hinter dem Palace statt. Die Klassen konnten aus mehr als f\u00fcnfzig Personen bestehen. Manchmal kam es vor, dass die Stunde bereits vorbei war, als der letzte Sch\u00fcler noch seine Skier anzog. Der halbe Tag wurde mit f\u00fcnf Franken pro Person im Gruppenunterricht oder mit f\u00fcnfzehn Franken f\u00fcr eine Woche berechnet. Privatunterricht kostete sechs Franken pro Stunde, was etwa einem Drittel einer \u00dcbernachtung im Palace oder dem anderthalbfachen Preis eines \u201eSporttickets\u201c, einer Tageskarte f\u00fcr den Zug Villars-Les Bouquetins, entsprach. Im Verh\u00e4ltnis haben sich die Tarife also bis heute kaum ver\u00e4ndert.<\/p>\n<p><img decoding=\"async\" class=\"aligncenter size-large wp-image-29686\" src=\"https:\/\/ess-villars.ch\/wp-content\/uploads\/2023\/08\/Classe-nombreuse-1024x711.jpg\" alt=\"\" width=\"800\" height=\"555\" srcset=\"https:\/\/ess-villars.ch\/wp-content\/uploads\/2023\/08\/Classe-nombreuse-1024x711.jpg 1024w, https:\/\/ess-villars.ch\/wp-content\/uploads\/2023\/08\/Classe-nombreuse-300x208.jpg 300w, https:\/\/ess-villars.ch\/wp-content\/uploads\/2023\/08\/Classe-nombreuse-768x533.jpg 768w, https:\/\/ess-villars.ch\/wp-content\/uploads\/2023\/08\/Classe-nombreuse-1536x1067.jpg 1536w, https:\/\/ess-villars.ch\/wp-content\/uploads\/2023\/08\/Classe-nombreuse-2048x1422.jpg 2048w\" sizes=\"(max-width: 800px) 100vw, 800px\" \/><\/p>\n<p>Die Touristen, haupts\u00e4chlich Engl\u00e4nder und Franzosen, wohnten mit ihren Familien in den luxuri\u00f6sen Hotels auf dem Plateau und blieben ein oder zwei Monate, manchmal sogar die ganze Saison &#8230; Es war daher nicht ungew\u00f6hnlich, dass ein Lehrer die ganze Saison bei derselben Familie blieb.<\/p>\n<p>Das ultimative Ziel des Skiunterrichts war der Aufstieg zum Chamossaire von der Endstation des Zuges in Les Bouquetins. \u201eWir fuhren mit Engl\u00e4ndern auf Robbenfellen f\u00fcr 10 Franken pro Aufstieg\u201c, erkl\u00e4rt der Skilehrer Jean-Louis Chable, \u201eDa einige von ihnen nicht gut Ski fahren konnten, liessen wir ihnen die Felle f\u00fcr die Abfahrt. Wenn wir zwei Aufstiege machen konnten, hatten wir den Tag gut verdient.\u201c<\/p>\n<p><img decoding=\"async\" class=\"aligncenter size-large wp-image-29685\" src=\"https:\/\/ess-villars.ch\/wp-content\/uploads\/2023\/08\/ESS-004_01B-1024x620.jpg\" alt=\"\" width=\"800\" height=\"484\" srcset=\"https:\/\/ess-villars.ch\/wp-content\/uploads\/2023\/08\/ESS-004_01B-1024x620.jpg 1024w, https:\/\/ess-villars.ch\/wp-content\/uploads\/2023\/08\/ESS-004_01B-300x182.jpg 300w, https:\/\/ess-villars.ch\/wp-content\/uploads\/2023\/08\/ESS-004_01B-768x465.jpg 768w, https:\/\/ess-villars.ch\/wp-content\/uploads\/2023\/08\/ESS-004_01B-1536x930.jpg 1536w, https:\/\/ess-villars.ch\/wp-content\/uploads\/2023\/08\/ESS-004_01B.jpg 1629w\" sizes=\"(max-width: 800px) 100vw, 800px\" \/><\/p>\n","protected":false},"excerpt":{"rendered":"<p>Die Entstehung der Schweizer Skischule Villars 1936 wurde der erste alpine Ski-Wettbewerb bei den Olympischen Spielen in Garmisch-Partenkirchen mit einer heftigen Kontroverse er\u00f6ffnet: Das IOC verbot Skilehrern, die als Profis galten, an den alpinen Ski-Wettbewerben teilzunehmen, einer Disziplin, die neu in das olympische Programm aufgenommen worden war. Diese Entscheidung erregte den Zorn der Schweizer und [&hellip;]<\/p>\n","protected":false},"author":1,"featured_media":34654,"comment_status":"open","ping_status":"open","sticky":false,"template":"","format":"standard","meta":{"_acf_changed":false,"footnotes":""},"categories":[85],"tags":[],"class_list":["post-36417","post","type-post","status-publish","format-standard","has-post-thumbnail","hentry","category-geschichte"],"acf":[],"yoast_head":"<!-- This site is optimized with the Yoast SEO plugin v27.5 - https:\/\/yoast.com\/product\/yoast-seo-wordpress\/ -->\n<title>Episode 1: Die Entstehung der Schweizer Skischule Villars - ESS Villars<\/title>\n<meta name=\"description\" content=\"Die Entstehung der Schweizer Skischule Villars 1936 wurde der erste alpine Ski-Wettbewerb bei den Olympischen Spielen in Garmisch-Parten...\" \/>\n<meta name=\"robots\" content=\"index, follow, max-snippet:-1, max-image-preview:large, max-video-preview:-1\" \/>\n<link rel=\"canonical\" href=\"https:\/\/ess-villars.ch\/de\/blogs\/item\/2535-episode-1-la-naissance-de-l-ecole-suisse-de-ski-de-villars\/\" \/>\n<meta property=\"og:locale\" content=\"de_DE\" \/>\n<meta property=\"og:type\" content=\"article\" \/>\n<meta property=\"og:title\" content=\"Episode 1: Die Entstehung der Schweizer Skischule Villars - ESS Villars\" \/>\n<meta property=\"og:description\" content=\"Die Entstehung der Schweizer Skischule Villars 1936 wurde der erste alpine Ski-Wettbewerb bei den Olympischen Spielen in Garmisch-Parten...\" \/>\n<meta property=\"og:url\" content=\"https:\/\/ess-villars.ch\/de\/blogs\/item\/2535-episode-1-la-naissance-de-l-ecole-suisse-de-ski-de-villars\" \/>\n<meta property=\"og:site_name\" content=\"ESS Villars\" \/>\n<meta property=\"article:published_time\" content=\"2023-08-30T15:00:30+00:00\" \/>\n<meta property=\"article:modified_time\" content=\"2023-11-24T02:05:30+00:00\" \/>\n<meta property=\"og:image\" content=\"https:\/\/ess-villars.ch\/wp-content\/uploads\/2023\/08\/Classe-nombreuse.jpg\" \/>\n\t<meta property=\"og:image:width\" content=\"2252\" \/>\n\t<meta property=\"og:image:height\" content=\"1564\" \/>\n\t<meta property=\"og:image:type\" content=\"image\/jpeg\" \/>\n<meta name=\"author\" content=\"Admin_ess_1234\" \/>\n<meta name=\"twitter:card\" content=\"summary_large_image\" \/>\n<meta name=\"twitter:label1\" content=\"Verfasst von\" \/>\n\t<meta name=\"twitter:data1\" content=\"Admin_ess_1234\" \/>\n\t<meta name=\"twitter:label2\" content=\"Gesch\u00e4tzte Lesezeit\" \/>\n\t<meta name=\"twitter:data2\" content=\"2\u00a0Minuten\" \/>\n<script type=\"application\/ld+json\" class=\"yoast-schema-graph\">{\"@context\":\"https:\\\/\\\/schema.org\",\"@graph\":[{\"@type\":\"Article\",\"@id\":\"https:\\\/\\\/ess-villars.ch\\\/de\\\/blogs\\\/item\\\/2535-episode-1-la-naissance-de-l-ecole-suisse-de-ski-de-villars#article\",\"isPartOf\":{\"@id\":\"https:\\\/\\\/ess-villars.ch\\\/de\\\/blogs\\\/item\\\/2535-episode-1-la-naissance-de-l-ecole-suisse-de-ski-de-villars\"},\"author\":{\"name\":\"Admin_ess_1234\",\"@id\":\"https:\\\/\\\/ess-villars.ch\\\/de\\\/#\\\/schema\\\/person\\\/0f30ecd734c125feb7718cb834b17b33\"},\"headline\":\"Episode 1: Die Entstehung der Schweizer Skischule Villars\",\"datePublished\":\"2023-08-30T15:00:30+00:00\",\"dateModified\":\"2023-11-24T02:05:30+00:00\",\"mainEntityOfPage\":{\"@id\":\"https:\\\/\\\/ess-villars.ch\\\/de\\\/blogs\\\/item\\\/2535-episode-1-la-naissance-de-l-ecole-suisse-de-ski-de-villars\"},\"wordCount\":473,\"commentCount\":0,\"publisher\":{\"@id\":\"https:\\\/\\\/ess-villars.ch\\\/de\\\/#organization\"},\"image\":{\"@id\":\"https:\\\/\\\/ess-villars.ch\\\/de\\\/blogs\\\/item\\\/2535-episode-1-la-naissance-de-l-ecole-suisse-de-ski-de-villars#primaryimage\"},\"thumbnailUrl\":\"https:\\\/\\\/ess-villars.ch\\\/wp-content\\\/uploads\\\/2023\\\/08\\\/Classe-nombreuse.jpg\",\"articleSection\":[\"Geschichte\"],\"inLanguage\":\"de\",\"potentialAction\":[{\"@type\":\"CommentAction\",\"name\":\"Comment\",\"target\":[\"https:\\\/\\\/ess-villars.ch\\\/de\\\/blogs\\\/item\\\/2535-episode-1-la-naissance-de-l-ecole-suisse-de-ski-de-villars#respond\"]}]},{\"@type\":\"WebPage\",\"@id\":\"https:\\\/\\\/ess-villars.ch\\\/de\\\/blogs\\\/item\\\/2535-episode-1-la-naissance-de-l-ecole-suisse-de-ski-de-villars\",\"url\":\"https:\\\/\\\/ess-villars.ch\\\/de\\\/blogs\\\/item\\\/2535-episode-1-la-naissance-de-l-ecole-suisse-de-ski-de-villars\",\"name\":\"Episode 1: Die Entstehung der Schweizer Skischule Villars - ESS Villars\",\"isPartOf\":{\"@id\":\"https:\\\/\\\/ess-villars.ch\\\/de\\\/#website\"},\"primaryImageOfPage\":{\"@id\":\"https:\\\/\\\/ess-villars.ch\\\/de\\\/blogs\\\/item\\\/2535-episode-1-la-naissance-de-l-ecole-suisse-de-ski-de-villars#primaryimage\"},\"image\":{\"@id\":\"https:\\\/\\\/ess-villars.ch\\\/de\\\/blogs\\\/item\\\/2535-episode-1-la-naissance-de-l-ecole-suisse-de-ski-de-villars#primaryimage\"},\"thumbnailUrl\":\"https:\\\/\\\/ess-villars.ch\\\/wp-content\\\/uploads\\\/2023\\\/08\\\/Classe-nombreuse.jpg\",\"datePublished\":\"2023-08-30T15:00:30+00:00\",\"dateModified\":\"2023-11-24T02:05:30+00:00\",\"description\":\"Die Entstehung der Schweizer Skischule Villars 1936 wurde der erste alpine Ski-Wettbewerb bei den Olympischen Spielen in Garmisch-Parten...\",\"breadcrumb\":{\"@id\":\"https:\\\/\\\/ess-villars.ch\\\/de\\\/blogs\\\/item\\\/2535-episode-1-la-naissance-de-l-ecole-suisse-de-ski-de-villars#breadcrumb\"},\"inLanguage\":\"de\",\"potentialAction\":[{\"@type\":\"ReadAction\",\"target\":[\"https:\\\/\\\/ess-villars.ch\\\/de\\\/blogs\\\/item\\\/2535-episode-1-la-naissance-de-l-ecole-suisse-de-ski-de-villars\"]}]},{\"@type\":\"ImageObject\",\"inLanguage\":\"de\",\"@id\":\"https:\\\/\\\/ess-villars.ch\\\/de\\\/blogs\\\/item\\\/2535-episode-1-la-naissance-de-l-ecole-suisse-de-ski-de-villars#primaryimage\",\"url\":\"https:\\\/\\\/ess-villars.ch\\\/wp-content\\\/uploads\\\/2023\\\/08\\\/Classe-nombreuse.jpg\",\"contentUrl\":\"https:\\\/\\\/ess-villars.ch\\\/wp-content\\\/uploads\\\/2023\\\/08\\\/Classe-nombreuse.jpg\",\"width\":2252,\"height\":1564},{\"@type\":\"BreadcrumbList\",\"@id\":\"https:\\\/\\\/ess-villars.ch\\\/de\\\/blogs\\\/item\\\/2535-episode-1-la-naissance-de-l-ecole-suisse-de-ski-de-villars#breadcrumb\",\"itemListElement\":[{\"@type\":\"ListItem\",\"position\":1,\"name\":\"Home\",\"item\":\"https:\\\/\\\/ess-villars.ch\\\/de\\\/\"},{\"@type\":\"ListItem\",\"position\":2,\"name\":\"Episode 1: Die Entstehung der Schweizer Skischule Villars\"}]},{\"@type\":\"WebSite\",\"@id\":\"https:\\\/\\\/ess-villars.ch\\\/de\\\/#website\",\"url\":\"https:\\\/\\\/ess-villars.ch\\\/de\\\/\",\"name\":\"ESS Villars\",\"description\":\"Join the red legend !\",\"publisher\":{\"@id\":\"https:\\\/\\\/ess-villars.ch\\\/de\\\/#organization\"},\"potentialAction\":[{\"@type\":\"SearchAction\",\"target\":{\"@type\":\"EntryPoint\",\"urlTemplate\":\"https:\\\/\\\/ess-villars.ch\\\/de\\\/?s={search_term_string}\"},\"query-input\":{\"@type\":\"PropertyValueSpecification\",\"valueRequired\":true,\"valueName\":\"search_term_string\"}}],\"inLanguage\":\"de\"},{\"@type\":\"Organization\",\"@id\":\"https:\\\/\\\/ess-villars.ch\\\/de\\\/#organization\",\"name\":\"ESS Villars\",\"url\":\"https:\\\/\\\/ess-villars.ch\\\/de\\\/\",\"logo\":{\"@type\":\"ImageObject\",\"inLanguage\":\"de\",\"@id\":\"https:\\\/\\\/ess-villars.ch\\\/de\\\/#\\\/schema\\\/logo\\\/image\\\/\",\"url\":\"https:\\\/\\\/ess-villars.ch\\\/wp-content\\\/uploads\\\/2023\\\/08\\\/ESS_Villars_logo_png.png\",\"contentUrl\":\"https:\\\/\\\/ess-villars.ch\\\/wp-content\\\/uploads\\\/2023\\\/08\\\/ESS_Villars_logo_png.png\",\"width\":1181,\"height\":1181,\"caption\":\"ESS Villars\"},\"image\":{\"@id\":\"https:\\\/\\\/ess-villars.ch\\\/de\\\/#\\\/schema\\\/logo\\\/image\\\/\"}},{\"@type\":\"Person\",\"@id\":\"https:\\\/\\\/ess-villars.ch\\\/de\\\/#\\\/schema\\\/person\\\/0f30ecd734c125feb7718cb834b17b33\",\"name\":\"Admin_ess_1234\",\"image\":{\"@type\":\"ImageObject\",\"inLanguage\":\"de\",\"@id\":\"https:\\\/\\\/secure.gravatar.com\\\/avatar\\\/5fa0ab8129cd20f0a7834bfabb7e7a1558862e46633c891c431236a50cc39ab9?s=96&d=mm&r=g\",\"url\":\"https:\\\/\\\/secure.gravatar.com\\\/avatar\\\/5fa0ab8129cd20f0a7834bfabb7e7a1558862e46633c891c431236a50cc39ab9?s=96&d=mm&r=g\",\"contentUrl\":\"https:\\\/\\\/secure.gravatar.com\\\/avatar\\\/5fa0ab8129cd20f0a7834bfabb7e7a1558862e46633c891c431236a50cc39ab9?s=96&d=mm&r=g\",\"caption\":\"Admin_ess_1234\"},\"sameAs\":[\"https:\\\/\\\/ess-villars.ch\"]}]}<\/script>\n<!-- \/ Yoast SEO plugin. -->","yoast_head_json":{"title":"Episode 1: Die Entstehung der Schweizer Skischule Villars - ESS Villars","description":"Die Entstehung der Schweizer Skischule Villars 1936 wurde der erste alpine Ski-Wettbewerb bei den Olympischen Spielen in Garmisch-Parten...","robots":{"index":"index","follow":"follow","max-snippet":"max-snippet:-1","max-image-preview":"max-image-preview:large","max-video-preview":"max-video-preview:-1"},"canonical":"https:\/\/ess-villars.ch\/de\/blogs\/item\/2535-episode-1-la-naissance-de-l-ecole-suisse-de-ski-de-villars\/","og_locale":"de_DE","og_type":"article","og_title":"Episode 1: Die Entstehung der Schweizer Skischule Villars - ESS Villars","og_description":"Die Entstehung der Schweizer Skischule Villars 1936 wurde der erste alpine Ski-Wettbewerb bei den Olympischen Spielen in Garmisch-Parten...","og_url":"https:\/\/ess-villars.ch\/de\/blogs\/item\/2535-episode-1-la-naissance-de-l-ecole-suisse-de-ski-de-villars","og_site_name":"ESS Villars","article_published_time":"2023-08-30T15:00:30+00:00","article_modified_time":"2023-11-24T02:05:30+00:00","og_image":[{"width":2252,"height":1564,"url":"https:\/\/ess-villars.ch\/wp-content\/uploads\/2023\/08\/Classe-nombreuse.jpg","type":"image\/jpeg"}],"author":"Admin_ess_1234","twitter_card":"summary_large_image","twitter_misc":{"Verfasst von":"Admin_ess_1234","Gesch\u00e4tzte Lesezeit":"2\u00a0Minuten"},"schema":{"@context":"https:\/\/schema.org","@graph":[{"@type":"Article","@id":"https:\/\/ess-villars.ch\/de\/blogs\/item\/2535-episode-1-la-naissance-de-l-ecole-suisse-de-ski-de-villars#article","isPartOf":{"@id":"https:\/\/ess-villars.ch\/de\/blogs\/item\/2535-episode-1-la-naissance-de-l-ecole-suisse-de-ski-de-villars"},"author":{"name":"Admin_ess_1234","@id":"https:\/\/ess-villars.ch\/de\/#\/schema\/person\/0f30ecd734c125feb7718cb834b17b33"},"headline":"Episode 1: Die Entstehung der Schweizer Skischule Villars","datePublished":"2023-08-30T15:00:30+00:00","dateModified":"2023-11-24T02:05:30+00:00","mainEntityOfPage":{"@id":"https:\/\/ess-villars.ch\/de\/blogs\/item\/2535-episode-1-la-naissance-de-l-ecole-suisse-de-ski-de-villars"},"wordCount":473,"commentCount":0,"publisher":{"@id":"https:\/\/ess-villars.ch\/de\/#organization"},"image":{"@id":"https:\/\/ess-villars.ch\/de\/blogs\/item\/2535-episode-1-la-naissance-de-l-ecole-suisse-de-ski-de-villars#primaryimage"},"thumbnailUrl":"https:\/\/ess-villars.ch\/wp-content\/uploads\/2023\/08\/Classe-nombreuse.jpg","articleSection":["Geschichte"],"inLanguage":"de","potentialAction":[{"@type":"CommentAction","name":"Comment","target":["https:\/\/ess-villars.ch\/de\/blogs\/item\/2535-episode-1-la-naissance-de-l-ecole-suisse-de-ski-de-villars#respond"]}]},{"@type":"WebPage","@id":"https:\/\/ess-villars.ch\/de\/blogs\/item\/2535-episode-1-la-naissance-de-l-ecole-suisse-de-ski-de-villars","url":"https:\/\/ess-villars.ch\/de\/blogs\/item\/2535-episode-1-la-naissance-de-l-ecole-suisse-de-ski-de-villars","name":"Episode 1: Die Entstehung der Schweizer Skischule Villars - ESS Villars","isPartOf":{"@id":"https:\/\/ess-villars.ch\/de\/#website"},"primaryImageOfPage":{"@id":"https:\/\/ess-villars.ch\/de\/blogs\/item\/2535-episode-1-la-naissance-de-l-ecole-suisse-de-ski-de-villars#primaryimage"},"image":{"@id":"https:\/\/ess-villars.ch\/de\/blogs\/item\/2535-episode-1-la-naissance-de-l-ecole-suisse-de-ski-de-villars#primaryimage"},"thumbnailUrl":"https:\/\/ess-villars.ch\/wp-content\/uploads\/2023\/08\/Classe-nombreuse.jpg","datePublished":"2023-08-30T15:00:30+00:00","dateModified":"2023-11-24T02:05:30+00:00","description":"Die Entstehung der Schweizer Skischule Villars 1936 wurde der erste alpine Ski-Wettbewerb bei den Olympischen Spielen in Garmisch-Parten...","breadcrumb":{"@id":"https:\/\/ess-villars.ch\/de\/blogs\/item\/2535-episode-1-la-naissance-de-l-ecole-suisse-de-ski-de-villars#breadcrumb"},"inLanguage":"de","potentialAction":[{"@type":"ReadAction","target":["https:\/\/ess-villars.ch\/de\/blogs\/item\/2535-episode-1-la-naissance-de-l-ecole-suisse-de-ski-de-villars"]}]},{"@type":"ImageObject","inLanguage":"de","@id":"https:\/\/ess-villars.ch\/de\/blogs\/item\/2535-episode-1-la-naissance-de-l-ecole-suisse-de-ski-de-villars#primaryimage","url":"https:\/\/ess-villars.ch\/wp-content\/uploads\/2023\/08\/Classe-nombreuse.jpg","contentUrl":"https:\/\/ess-villars.ch\/wp-content\/uploads\/2023\/08\/Classe-nombreuse.jpg","width":2252,"height":1564},{"@type":"BreadcrumbList","@id":"https:\/\/ess-villars.ch\/de\/blogs\/item\/2535-episode-1-la-naissance-de-l-ecole-suisse-de-ski-de-villars#breadcrumb","itemListElement":[{"@type":"ListItem","position":1,"name":"Home","item":"https:\/\/ess-villars.ch\/de\/"},{"@type":"ListItem","position":2,"name":"Episode 1: Die Entstehung der Schweizer Skischule Villars"}]},{"@type":"WebSite","@id":"https:\/\/ess-villars.ch\/de\/#website","url":"https:\/\/ess-villars.ch\/de\/","name":"ESS Villars","description":"Join the red legend !","publisher":{"@id":"https:\/\/ess-villars.ch\/de\/#organization"},"potentialAction":[{"@type":"SearchAction","target":{"@type":"EntryPoint","urlTemplate":"https:\/\/ess-villars.ch\/de\/?s={search_term_string}"},"query-input":{"@type":"PropertyValueSpecification","valueRequired":true,"valueName":"search_term_string"}}],"inLanguage":"de"},{"@type":"Organization","@id":"https:\/\/ess-villars.ch\/de\/#organization","name":"ESS Villars","url":"https:\/\/ess-villars.ch\/de\/","logo":{"@type":"ImageObject","inLanguage":"de","@id":"https:\/\/ess-villars.ch\/de\/#\/schema\/logo\/image\/","url":"https:\/\/ess-villars.ch\/wp-content\/uploads\/2023\/08\/ESS_Villars_logo_png.png","contentUrl":"https:\/\/ess-villars.ch\/wp-content\/uploads\/2023\/08\/ESS_Villars_logo_png.png","width":1181,"height":1181,"caption":"ESS Villars"},"image":{"@id":"https:\/\/ess-villars.ch\/de\/#\/schema\/logo\/image\/"}},{"@type":"Person","@id":"https:\/\/ess-villars.ch\/de\/#\/schema\/person\/0f30ecd734c125feb7718cb834b17b33","name":"Admin_ess_1234","image":{"@type":"ImageObject","inLanguage":"de","@id":"https:\/\/secure.gravatar.com\/avatar\/5fa0ab8129cd20f0a7834bfabb7e7a1558862e46633c891c431236a50cc39ab9?s=96&d=mm&r=g","url":"https:\/\/secure.gravatar.com\/avatar\/5fa0ab8129cd20f0a7834bfabb7e7a1558862e46633c891c431236a50cc39ab9?s=96&d=mm&r=g","contentUrl":"https:\/\/secure.gravatar.com\/avatar\/5fa0ab8129cd20f0a7834bfabb7e7a1558862e46633c891c431236a50cc39ab9?s=96&d=mm&r=g","caption":"Admin_ess_1234"},"sameAs":["https:\/\/ess-villars.ch"]}]}},"_links":{"self":[{"href":"https:\/\/ess-villars.ch\/de\/wp-json\/wp\/v2\/posts\/36417","targetHints":{"allow":["GET"]}}],"collection":[{"href":"https:\/\/ess-villars.ch\/de\/wp-json\/wp\/v2\/posts"}],"about":[{"href":"https:\/\/ess-villars.ch\/de\/wp-json\/wp\/v2\/types\/post"}],"author":[{"embeddable":true,"href":"https:\/\/ess-villars.ch\/de\/wp-json\/wp\/v2\/users\/1"}],"replies":[{"embeddable":true,"href":"https:\/\/ess-villars.ch\/de\/wp-json\/wp\/v2\/comments?post=36417"}],"version-history":[{"count":2,"href":"https:\/\/ess-villars.ch\/de\/wp-json\/wp\/v2\/posts\/36417\/revisions"}],"predecessor-version":[{"id":37278,"href":"https:\/\/ess-villars.ch\/de\/wp-json\/wp\/v2\/posts\/36417\/revisions\/37278"}],"wp:featuredmedia":[{"embeddable":true,"href":"https:\/\/ess-villars.ch\/de\/wp-json\/wp\/v2\/media\/34654"}],"wp:attachment":[{"href":"https:\/\/ess-villars.ch\/de\/wp-json\/wp\/v2\/media?parent=36417"}],"wp:term":[{"taxonomy":"category","embeddable":true,"href":"https:\/\/ess-villars.ch\/de\/wp-json\/wp\/v2\/categories?post=36417"},{"taxonomy":"post_tag","embeddable":true,"href":"https:\/\/ess-villars.ch\/de\/wp-json\/wp\/v2\/tags?post=36417"}],"curies":[{"name":"wp","href":"https:\/\/api.w.org\/{rel}","templated":true}]}}