{"id":36408,"date":"2023-08-30T16:56:28","date_gmt":"2023-08-30T14:56:28","guid":{"rendered":"https:\/\/hebergement2.ch\/episode-5-die-skischule-in-den-40er-jahren\/"},"modified":"2023-11-24T07:00:19","modified_gmt":"2023-11-24T06:00:19","slug":"episode-5-die-skischule-in-den-40er-jahren","status":"publish","type":"post","link":"https:\/\/ess-villars.ch\/de\/blogs\/item\/2539-episode-5-l-ecole-de-ski-dans-les-annees-40","title":{"rendered":"Episode 5: Die Skischule in den 40er Jahren"},"content":{"rendered":"<h2>Die Skischule in den 40er Jahren<\/h2>\n<div class=\"row-fluid\">\n<div class=\"span6\">\n<p>Beim Ausbruch des Zweiten Weltkriegs wird der Ferienort Villars, der in den 1930er Jahren von den Auswirkungen der grossen Depression verschont geblieben war, unwiederbringlich von der historischen Realit\u00e4t eingeholt. Die Entwicklung des Skigebiets wurde zun\u00e4chst auf Eis gelegt und die Bahnstrecke nach Chamossaire gestoppt\u2026 Aufgrund der geschlossenen Grenzen und der durch den Krieg auferlegten Restriktionen wurden die G\u00e4ste immer weniger und die Hoteliers bezahlten einen bitteren Preis.<\/p>\n<p>Nach der Erfindung der ber\u00fchmten \u201eKandahar\u201c-Bindung entwickeln sich Skier erheblich, insbesondere angeleitet von Abel Rossignol und seiner revolution\u00e4ren Methode der Herstellung von laminierten Skiern (Verbindung von laminierten Holzplatten durch Verklebung von hartem, leichtem und flexiblem Holz). Mit diesen Skiern triumphiert Henri Oreiller bei den Olympischen Spielen in St. Moritz im Jahr 1948 vor Karl Molitor und James Couttet.<\/p>\n<p><img decoding=\"async\" class=\"aligncenter size-full wp-image-29671\" src=\"https:\/\/ess-villars.ch\/wp-content\/uploads\/2023\/08\/page-12.4.jpg\" alt=\"\" width=\"200\" height=\"212\"><\/p>\n<p>Auch die Vorbereitung der Pisten bekommt fortan mehr Aufmerksamkeit. So wird aus dem Begriff \u201eSkifelder\u201c die Bezeichnung \u201eSkipisten\u201c. Die ersten Lawinenschutzw\u00e4nde werden installiert, eine Markierung wird eingerichtet, und der Pistenbetrieb wird entwickelt. Die Vorbereitung ist noch nicht mechanisiert, und die Schneebearbeitung erfolgt durch Stampfen mit den Skiern oder durch Ziehen schwerer Walzen \u00fcber die Schneeoberfl\u00e4che. Es war nicht ungew\u00f6hnlich, zur Vorbereitung eines Wettbewerbs die Piste vom Gipfel des Grand Chamossaire bis nach Villars zu Fuss abzuschreiten. Es versteht sich von selbst, dass die Skischule einen grossen Anteil an diesen Bem\u00fchungen hatte.<\/p>\n<p>W\u00e4hrend die Tourismusaktivit\u00e4ten in den 1940er Jahren deutlich zur\u00fcckgingen, wurde der Skiunterricht in dieser Zeit erheblich gef\u00f6rdert. Das Waadtl\u00e4nder Skilehrergesetz von 1941 schreibt vor, dass Skilehrer eine Erlaubnis besitzen m\u00fcssen, die einer Pr\u00fcfung unterzogen wird. Die Branche ist nun viel besser organisiert, und die technische Lehre ist vereinheitlicht.<\/p>\n<p>Ferdinand Oguey \u00fcbernahm 1941 die Leitung der Schweizer Skischule Villars, um sie bereits 1943 an Jean-Louis Chable weiterzugeben, eine markante Pers\u00f6nlichkeit der Schweizer Skischule, die er meisterhaft 32 Jahre lang leiten w\u00fcrde. Parallel zur Strukturierung des Skilehrerberufs auf kantonaler und nationaler Ebene gelang es Jean-Louis Chable, der Schweizer Skischule Villars mehr Ernsthaftigkeit und Professionalit\u00e4t einzuhauchen.<\/p>\n<p>Die Schweizer Skischule Villars geniesst Ende der 1940er Jahre einen ausgezeichneten Ruf unter ihren Kollegen. Diese Anerkennung zahlt sich 1950 mit der Ausrichtung des zentralen Kurses des Interverbands f\u00fcr Skilauf in Villars aus.<\/p>\n<p><img fetchpriority=\"high\" decoding=\"async\" class=\"aligncenter size-large wp-image-29672\" src=\"https:\/\/ess-villars.ch\/wp-content\/uploads\/2023\/08\/page-12.2-1024x711.jpg\" alt=\"\" width=\"800\" height=\"555\" srcset=\"https:\/\/ess-villars.ch\/wp-content\/uploads\/2023\/08\/page-12.2-1024x711.jpg 1024w, https:\/\/ess-villars.ch\/wp-content\/uploads\/2023\/08\/page-12.2-300x208.jpg 300w, https:\/\/ess-villars.ch\/wp-content\/uploads\/2023\/08\/page-12.2-768x533.jpg 768w, https:\/\/ess-villars.ch\/wp-content\/uploads\/2023\/08\/page-12.2-1536x1066.jpg 1536w, https:\/\/ess-villars.ch\/wp-content\/uploads\/2023\/08\/page-12.2-2048x1421.jpg 2048w\" sizes=\"(max-width: 800px) 100vw, 800px\" \/><\/p>\n<\/div>\n<div class=\"span6\">\n<p><img decoding=\"async\" class=\"aligncenter size-large wp-image-29670\" src=\"https:\/\/ess-villars.ch\/wp-content\/uploads\/2023\/08\/page-12.3-1024x663.jpg\" alt=\"\" width=\"800\" height=\"518\" srcset=\"https:\/\/ess-villars.ch\/wp-content\/uploads\/2023\/08\/page-12.3-1024x663.jpg 1024w, https:\/\/ess-villars.ch\/wp-content\/uploads\/2023\/08\/page-12.3-300x194.jpg 300w, https:\/\/ess-villars.ch\/wp-content\/uploads\/2023\/08\/page-12.3-768x497.jpg 768w, https:\/\/ess-villars.ch\/wp-content\/uploads\/2023\/08\/page-12.3-1536x995.jpg 1536w, https:\/\/ess-villars.ch\/wp-content\/uploads\/2023\/08\/page-12.3.jpg 1668w\" sizes=\"(max-width: 800px) 100vw, 800px\" \/><\/p>\n<div><img loading=\"lazy\" decoding=\"async\" class=\"aligncenter size-large wp-image-29669\" src=\"https:\/\/ess-villars.ch\/wp-content\/uploads\/2023\/08\/page-12-1024x715.jpg\" alt=\"\" width=\"800\" height=\"559\" srcset=\"https:\/\/ess-villars.ch\/wp-content\/uploads\/2023\/08\/page-12-1024x715.jpg 1024w, https:\/\/ess-villars.ch\/wp-content\/uploads\/2023\/08\/page-12-300x209.jpg 300w, https:\/\/ess-villars.ch\/wp-content\/uploads\/2023\/08\/page-12-768x536.jpg 768w, https:\/\/ess-villars.ch\/wp-content\/uploads\/2023\/08\/page-12.jpg 1496w\" sizes=\"(max-width: 800px) 100vw, 800px\" \/><\/div>\n<div><\/div>\n<div><img loading=\"lazy\" decoding=\"async\" class=\"aligncenter size-large wp-image-29668\" src=\"https:\/\/ess-villars.ch\/wp-content\/uploads\/2023\/08\/1946-1024x658.jpg\" alt=\"\" width=\"800\" height=\"514\" srcset=\"https:\/\/ess-villars.ch\/wp-content\/uploads\/2023\/08\/1946-1024x658.jpg 1024w, https:\/\/ess-villars.ch\/wp-content\/uploads\/2023\/08\/1946-300x193.jpg 300w, https:\/\/ess-villars.ch\/wp-content\/uploads\/2023\/08\/1946-768x494.jpg 768w, https:\/\/ess-villars.ch\/wp-content\/uploads\/2023\/08\/1946-1536x987.jpg 1536w, https:\/\/ess-villars.ch\/wp-content\/uploads\/2023\/08\/1946.jpg 1646w\" sizes=\"(max-width: 800px) 100vw, 800px\" \/><\/div>\n<\/div>\n<\/div>\n","protected":false},"excerpt":{"rendered":"<p>Die Skischule in den 40er Jahren Beim Ausbruch des Zweiten Weltkriegs wird der Ferienort Villars, der in den 1930er Jahren von den Auswirkungen der grossen Depression verschont geblieben war, unwiederbringlich von der historischen Realit\u00e4t eingeholt. Die Entwicklung des Skigebiets wurde zun\u00e4chst auf Eis gelegt und die Bahnstrecke nach Chamossaire gestoppt\u2026 Aufgrund der geschlossenen Grenzen und [&hellip;]<\/p>\n","protected":false},"author":1,"featured_media":34634,"comment_status":"open","ping_status":"open","sticky":false,"template":"","format":"standard","meta":{"_acf_changed":false,"footnotes":""},"categories":[85],"tags":[],"class_list":["post-36408","post","type-post","status-publish","format-standard","has-post-thumbnail","hentry","category-geschichte"],"acf":[],"yoast_head":"<!-- This site is optimized with the Yoast SEO plugin v27.5 - https:\/\/yoast.com\/product\/yoast-seo-wordpress\/ -->\n<title>Episode 5: Die Skischule in den 40er Jahren - ESS Villars<\/title>\n<meta name=\"description\" content=\"Die Skischule in den 40er Jahren Beim Ausbruch des Zweiten Weltkriegs wird der Ferienort Villars, der in den...\" \/>\n<meta name=\"robots\" content=\"index, follow, max-snippet:-1, max-image-preview:large, max-video-preview:-1\" \/>\n<link rel=\"canonical\" href=\"https:\/\/ess-villars.ch\/de\/blogs\/item\/2539-episode-5-l-ecole-de-ski-dans-les-annees-40\/\" \/>\n<meta property=\"og:locale\" content=\"de_DE\" \/>\n<meta property=\"og:type\" content=\"article\" \/>\n<meta property=\"og:title\" content=\"Episode 5: Die Skischule in den 40er Jahren - ESS Villars\" \/>\n<meta property=\"og:description\" content=\"Die Skischule in den 40er Jahren Beim Ausbruch des Zweiten Weltkriegs wird der Ferienort Villars, der in den...\" \/>\n<meta property=\"og:url\" content=\"https:\/\/ess-villars.ch\/de\/blogs\/item\/2539-episode-5-l-ecole-de-ski-dans-les-annees-40\" \/>\n<meta property=\"og:site_name\" content=\"ESS Villars\" \/>\n<meta property=\"article:published_time\" content=\"2023-08-30T14:56:28+00:00\" \/>\n<meta property=\"article:modified_time\" content=\"2023-11-24T06:00:19+00:00\" \/>\n<meta property=\"og:image\" content=\"https:\/\/ess-villars.ch\/wp-content\/uploads\/2023\/08\/page-12.3.jpg\" \/>\n\t<meta property=\"og:image:width\" content=\"1668\" \/>\n\t<meta property=\"og:image:height\" content=\"1080\" \/>\n\t<meta property=\"og:image:type\" content=\"image\/jpeg\" \/>\n<meta name=\"author\" content=\"Admin_ess_1234\" \/>\n<meta name=\"twitter:card\" content=\"summary_large_image\" \/>\n<meta name=\"twitter:label1\" content=\"Verfasst von\" \/>\n\t<meta name=\"twitter:data1\" content=\"Admin_ess_1234\" \/>\n\t<meta name=\"twitter:label2\" content=\"Gesch\u00e4tzte Lesezeit\" \/>\n\t<meta name=\"twitter:data2\" content=\"2\u00a0Minuten\" \/>\n<script type=\"application\/ld+json\" class=\"yoast-schema-graph\">{\"@context\":\"https:\\\/\\\/schema.org\",\"@graph\":[{\"@type\":\"Article\",\"@id\":\"https:\\\/\\\/ess-villars.ch\\\/de\\\/blogs\\\/item\\\/2539-episode-5-l-ecole-de-ski-dans-les-annees-40#article\",\"isPartOf\":{\"@id\":\"https:\\\/\\\/ess-villars.ch\\\/de\\\/blogs\\\/item\\\/2539-episode-5-l-ecole-de-ski-dans-les-annees-40\"},\"author\":{\"name\":\"Admin_ess_1234\",\"@id\":\"https:\\\/\\\/ess-villars.ch\\\/de\\\/#\\\/schema\\\/person\\\/0f30ecd734c125feb7718cb834b17b33\"},\"headline\":\"Episode 5: Die Skischule in den 40er Jahren\",\"datePublished\":\"2023-08-30T14:56:28+00:00\",\"dateModified\":\"2023-11-24T06:00:19+00:00\",\"mainEntityOfPage\":{\"@id\":\"https:\\\/\\\/ess-villars.ch\\\/de\\\/blogs\\\/item\\\/2539-episode-5-l-ecole-de-ski-dans-les-annees-40\"},\"wordCount\":380,\"commentCount\":0,\"publisher\":{\"@id\":\"https:\\\/\\\/ess-villars.ch\\\/de\\\/#organization\"},\"image\":{\"@id\":\"https:\\\/\\\/ess-villars.ch\\\/de\\\/blogs\\\/item\\\/2539-episode-5-l-ecole-de-ski-dans-les-annees-40#primaryimage\"},\"thumbnailUrl\":\"https:\\\/\\\/ess-villars.ch\\\/wp-content\\\/uploads\\\/2023\\\/08\\\/page-12.3.jpg\",\"articleSection\":[\"Geschichte\"],\"inLanguage\":\"de\",\"potentialAction\":[{\"@type\":\"CommentAction\",\"name\":\"Comment\",\"target\":[\"https:\\\/\\\/ess-villars.ch\\\/de\\\/blogs\\\/item\\\/2539-episode-5-l-ecole-de-ski-dans-les-annees-40#respond\"]}]},{\"@type\":\"WebPage\",\"@id\":\"https:\\\/\\\/ess-villars.ch\\\/de\\\/blogs\\\/item\\\/2539-episode-5-l-ecole-de-ski-dans-les-annees-40\",\"url\":\"https:\\\/\\\/ess-villars.ch\\\/de\\\/blogs\\\/item\\\/2539-episode-5-l-ecole-de-ski-dans-les-annees-40\",\"name\":\"Episode 5: Die Skischule in den 40er Jahren - ESS Villars\",\"isPartOf\":{\"@id\":\"https:\\\/\\\/ess-villars.ch\\\/de\\\/#website\"},\"primaryImageOfPage\":{\"@id\":\"https:\\\/\\\/ess-villars.ch\\\/de\\\/blogs\\\/item\\\/2539-episode-5-l-ecole-de-ski-dans-les-annees-40#primaryimage\"},\"image\":{\"@id\":\"https:\\\/\\\/ess-villars.ch\\\/de\\\/blogs\\\/item\\\/2539-episode-5-l-ecole-de-ski-dans-les-annees-40#primaryimage\"},\"thumbnailUrl\":\"https:\\\/\\\/ess-villars.ch\\\/wp-content\\\/uploads\\\/2023\\\/08\\\/page-12.3.jpg\",\"datePublished\":\"2023-08-30T14:56:28+00:00\",\"dateModified\":\"2023-11-24T06:00:19+00:00\",\"description\":\"Die Skischule in den 40er Jahren Beim Ausbruch des Zweiten Weltkriegs wird der Ferienort Villars, der in den...\",\"breadcrumb\":{\"@id\":\"https:\\\/\\\/ess-villars.ch\\\/de\\\/blogs\\\/item\\\/2539-episode-5-l-ecole-de-ski-dans-les-annees-40#breadcrumb\"},\"inLanguage\":\"de\",\"potentialAction\":[{\"@type\":\"ReadAction\",\"target\":[\"https:\\\/\\\/ess-villars.ch\\\/de\\\/blogs\\\/item\\\/2539-episode-5-l-ecole-de-ski-dans-les-annees-40\"]}]},{\"@type\":\"ImageObject\",\"inLanguage\":\"de\",\"@id\":\"https:\\\/\\\/ess-villars.ch\\\/de\\\/blogs\\\/item\\\/2539-episode-5-l-ecole-de-ski-dans-les-annees-40#primaryimage\",\"url\":\"https:\\\/\\\/ess-villars.ch\\\/wp-content\\\/uploads\\\/2023\\\/08\\\/page-12.3.jpg\",\"contentUrl\":\"https:\\\/\\\/ess-villars.ch\\\/wp-content\\\/uploads\\\/2023\\\/08\\\/page-12.3.jpg\",\"width\":1668,\"height\":1080},{\"@type\":\"BreadcrumbList\",\"@id\":\"https:\\\/\\\/ess-villars.ch\\\/de\\\/blogs\\\/item\\\/2539-episode-5-l-ecole-de-ski-dans-les-annees-40#breadcrumb\",\"itemListElement\":[{\"@type\":\"ListItem\",\"position\":1,\"name\":\"Home\",\"item\":\"https:\\\/\\\/ess-villars.ch\\\/de\\\/\"},{\"@type\":\"ListItem\",\"position\":2,\"name\":\"Episode 5: Die Skischule in den 40er Jahren\"}]},{\"@type\":\"WebSite\",\"@id\":\"https:\\\/\\\/ess-villars.ch\\\/de\\\/#website\",\"url\":\"https:\\\/\\\/ess-villars.ch\\\/de\\\/\",\"name\":\"ESS Villars\",\"description\":\"Join the red legend !\",\"publisher\":{\"@id\":\"https:\\\/\\\/ess-villars.ch\\\/de\\\/#organization\"},\"potentialAction\":[{\"@type\":\"SearchAction\",\"target\":{\"@type\":\"EntryPoint\",\"urlTemplate\":\"https:\\\/\\\/ess-villars.ch\\\/de\\\/?s={search_term_string}\"},\"query-input\":{\"@type\":\"PropertyValueSpecification\",\"valueRequired\":true,\"valueName\":\"search_term_string\"}}],\"inLanguage\":\"de\"},{\"@type\":\"Organization\",\"@id\":\"https:\\\/\\\/ess-villars.ch\\\/de\\\/#organization\",\"name\":\"ESS Villars\",\"url\":\"https:\\\/\\\/ess-villars.ch\\\/de\\\/\",\"logo\":{\"@type\":\"ImageObject\",\"inLanguage\":\"de\",\"@id\":\"https:\\\/\\\/ess-villars.ch\\\/de\\\/#\\\/schema\\\/logo\\\/image\\\/\",\"url\":\"https:\\\/\\\/ess-villars.ch\\\/wp-content\\\/uploads\\\/2023\\\/08\\\/ESS_Villars_logo_png.png\",\"contentUrl\":\"https:\\\/\\\/ess-villars.ch\\\/wp-content\\\/uploads\\\/2023\\\/08\\\/ESS_Villars_logo_png.png\",\"width\":1181,\"height\":1181,\"caption\":\"ESS Villars\"},\"image\":{\"@id\":\"https:\\\/\\\/ess-villars.ch\\\/de\\\/#\\\/schema\\\/logo\\\/image\\\/\"}},{\"@type\":\"Person\",\"@id\":\"https:\\\/\\\/ess-villars.ch\\\/de\\\/#\\\/schema\\\/person\\\/0f30ecd734c125feb7718cb834b17b33\",\"name\":\"Admin_ess_1234\",\"image\":{\"@type\":\"ImageObject\",\"inLanguage\":\"de\",\"@id\":\"https:\\\/\\\/secure.gravatar.com\\\/avatar\\\/5fa0ab8129cd20f0a7834bfabb7e7a1558862e46633c891c431236a50cc39ab9?s=96&d=mm&r=g\",\"url\":\"https:\\\/\\\/secure.gravatar.com\\\/avatar\\\/5fa0ab8129cd20f0a7834bfabb7e7a1558862e46633c891c431236a50cc39ab9?s=96&d=mm&r=g\",\"contentUrl\":\"https:\\\/\\\/secure.gravatar.com\\\/avatar\\\/5fa0ab8129cd20f0a7834bfabb7e7a1558862e46633c891c431236a50cc39ab9?s=96&d=mm&r=g\",\"caption\":\"Admin_ess_1234\"},\"sameAs\":[\"https:\\\/\\\/ess-villars.ch\"]}]}<\/script>\n<!-- \/ Yoast SEO plugin. -->","yoast_head_json":{"title":"Episode 5: Die Skischule in den 40er Jahren - ESS Villars","description":"Die Skischule in den 40er Jahren Beim Ausbruch des Zweiten Weltkriegs wird der Ferienort Villars, der in den...","robots":{"index":"index","follow":"follow","max-snippet":"max-snippet:-1","max-image-preview":"max-image-preview:large","max-video-preview":"max-video-preview:-1"},"canonical":"https:\/\/ess-villars.ch\/de\/blogs\/item\/2539-episode-5-l-ecole-de-ski-dans-les-annees-40\/","og_locale":"de_DE","og_type":"article","og_title":"Episode 5: Die Skischule in den 40er Jahren - ESS Villars","og_description":"Die Skischule in den 40er Jahren Beim Ausbruch des Zweiten Weltkriegs wird der Ferienort Villars, der in den...","og_url":"https:\/\/ess-villars.ch\/de\/blogs\/item\/2539-episode-5-l-ecole-de-ski-dans-les-annees-40","og_site_name":"ESS Villars","article_published_time":"2023-08-30T14:56:28+00:00","article_modified_time":"2023-11-24T06:00:19+00:00","og_image":[{"width":1668,"height":1080,"url":"https:\/\/ess-villars.ch\/wp-content\/uploads\/2023\/08\/page-12.3.jpg","type":"image\/jpeg"}],"author":"Admin_ess_1234","twitter_card":"summary_large_image","twitter_misc":{"Verfasst von":"Admin_ess_1234","Gesch\u00e4tzte Lesezeit":"2\u00a0Minuten"},"schema":{"@context":"https:\/\/schema.org","@graph":[{"@type":"Article","@id":"https:\/\/ess-villars.ch\/de\/blogs\/item\/2539-episode-5-l-ecole-de-ski-dans-les-annees-40#article","isPartOf":{"@id":"https:\/\/ess-villars.ch\/de\/blogs\/item\/2539-episode-5-l-ecole-de-ski-dans-les-annees-40"},"author":{"name":"Admin_ess_1234","@id":"https:\/\/ess-villars.ch\/de\/#\/schema\/person\/0f30ecd734c125feb7718cb834b17b33"},"headline":"Episode 5: Die Skischule in den 40er Jahren","datePublished":"2023-08-30T14:56:28+00:00","dateModified":"2023-11-24T06:00:19+00:00","mainEntityOfPage":{"@id":"https:\/\/ess-villars.ch\/de\/blogs\/item\/2539-episode-5-l-ecole-de-ski-dans-les-annees-40"},"wordCount":380,"commentCount":0,"publisher":{"@id":"https:\/\/ess-villars.ch\/de\/#organization"},"image":{"@id":"https:\/\/ess-villars.ch\/de\/blogs\/item\/2539-episode-5-l-ecole-de-ski-dans-les-annees-40#primaryimage"},"thumbnailUrl":"https:\/\/ess-villars.ch\/wp-content\/uploads\/2023\/08\/page-12.3.jpg","articleSection":["Geschichte"],"inLanguage":"de","potentialAction":[{"@type":"CommentAction","name":"Comment","target":["https:\/\/ess-villars.ch\/de\/blogs\/item\/2539-episode-5-l-ecole-de-ski-dans-les-annees-40#respond"]}]},{"@type":"WebPage","@id":"https:\/\/ess-villars.ch\/de\/blogs\/item\/2539-episode-5-l-ecole-de-ski-dans-les-annees-40","url":"https:\/\/ess-villars.ch\/de\/blogs\/item\/2539-episode-5-l-ecole-de-ski-dans-les-annees-40","name":"Episode 5: Die Skischule in den 40er Jahren - ESS Villars","isPartOf":{"@id":"https:\/\/ess-villars.ch\/de\/#website"},"primaryImageOfPage":{"@id":"https:\/\/ess-villars.ch\/de\/blogs\/item\/2539-episode-5-l-ecole-de-ski-dans-les-annees-40#primaryimage"},"image":{"@id":"https:\/\/ess-villars.ch\/de\/blogs\/item\/2539-episode-5-l-ecole-de-ski-dans-les-annees-40#primaryimage"},"thumbnailUrl":"https:\/\/ess-villars.ch\/wp-content\/uploads\/2023\/08\/page-12.3.jpg","datePublished":"2023-08-30T14:56:28+00:00","dateModified":"2023-11-24T06:00:19+00:00","description":"Die Skischule in den 40er Jahren Beim Ausbruch des Zweiten Weltkriegs wird der Ferienort Villars, der in den...","breadcrumb":{"@id":"https:\/\/ess-villars.ch\/de\/blogs\/item\/2539-episode-5-l-ecole-de-ski-dans-les-annees-40#breadcrumb"},"inLanguage":"de","potentialAction":[{"@type":"ReadAction","target":["https:\/\/ess-villars.ch\/de\/blogs\/item\/2539-episode-5-l-ecole-de-ski-dans-les-annees-40"]}]},{"@type":"ImageObject","inLanguage":"de","@id":"https:\/\/ess-villars.ch\/de\/blogs\/item\/2539-episode-5-l-ecole-de-ski-dans-les-annees-40#primaryimage","url":"https:\/\/ess-villars.ch\/wp-content\/uploads\/2023\/08\/page-12.3.jpg","contentUrl":"https:\/\/ess-villars.ch\/wp-content\/uploads\/2023\/08\/page-12.3.jpg","width":1668,"height":1080},{"@type":"BreadcrumbList","@id":"https:\/\/ess-villars.ch\/de\/blogs\/item\/2539-episode-5-l-ecole-de-ski-dans-les-annees-40#breadcrumb","itemListElement":[{"@type":"ListItem","position":1,"name":"Home","item":"https:\/\/ess-villars.ch\/de\/"},{"@type":"ListItem","position":2,"name":"Episode 5: Die Skischule in den 40er Jahren"}]},{"@type":"WebSite","@id":"https:\/\/ess-villars.ch\/de\/#website","url":"https:\/\/ess-villars.ch\/de\/","name":"ESS Villars","description":"Join the red legend !","publisher":{"@id":"https:\/\/ess-villars.ch\/de\/#organization"},"potentialAction":[{"@type":"SearchAction","target":{"@type":"EntryPoint","urlTemplate":"https:\/\/ess-villars.ch\/de\/?s={search_term_string}"},"query-input":{"@type":"PropertyValueSpecification","valueRequired":true,"valueName":"search_term_string"}}],"inLanguage":"de"},{"@type":"Organization","@id":"https:\/\/ess-villars.ch\/de\/#organization","name":"ESS Villars","url":"https:\/\/ess-villars.ch\/de\/","logo":{"@type":"ImageObject","inLanguage":"de","@id":"https:\/\/ess-villars.ch\/de\/#\/schema\/logo\/image\/","url":"https:\/\/ess-villars.ch\/wp-content\/uploads\/2023\/08\/ESS_Villars_logo_png.png","contentUrl":"https:\/\/ess-villars.ch\/wp-content\/uploads\/2023\/08\/ESS_Villars_logo_png.png","width":1181,"height":1181,"caption":"ESS Villars"},"image":{"@id":"https:\/\/ess-villars.ch\/de\/#\/schema\/logo\/image\/"}},{"@type":"Person","@id":"https:\/\/ess-villars.ch\/de\/#\/schema\/person\/0f30ecd734c125feb7718cb834b17b33","name":"Admin_ess_1234","image":{"@type":"ImageObject","inLanguage":"de","@id":"https:\/\/secure.gravatar.com\/avatar\/5fa0ab8129cd20f0a7834bfabb7e7a1558862e46633c891c431236a50cc39ab9?s=96&d=mm&r=g","url":"https:\/\/secure.gravatar.com\/avatar\/5fa0ab8129cd20f0a7834bfabb7e7a1558862e46633c891c431236a50cc39ab9?s=96&d=mm&r=g","contentUrl":"https:\/\/secure.gravatar.com\/avatar\/5fa0ab8129cd20f0a7834bfabb7e7a1558862e46633c891c431236a50cc39ab9?s=96&d=mm&r=g","caption":"Admin_ess_1234"},"sameAs":["https:\/\/ess-villars.ch"]}]}},"_links":{"self":[{"href":"https:\/\/ess-villars.ch\/de\/wp-json\/wp\/v2\/posts\/36408","targetHints":{"allow":["GET"]}}],"collection":[{"href":"https:\/\/ess-villars.ch\/de\/wp-json\/wp\/v2\/posts"}],"about":[{"href":"https:\/\/ess-villars.ch\/de\/wp-json\/wp\/v2\/types\/post"}],"author":[{"embeddable":true,"href":"https:\/\/ess-villars.ch\/de\/wp-json\/wp\/v2\/users\/1"}],"replies":[{"embeddable":true,"href":"https:\/\/ess-villars.ch\/de\/wp-json\/wp\/v2\/comments?post=36408"}],"version-history":[{"count":2,"href":"https:\/\/ess-villars.ch\/de\/wp-json\/wp\/v2\/posts\/36408\/revisions"}],"predecessor-version":[{"id":37305,"href":"https:\/\/ess-villars.ch\/de\/wp-json\/wp\/v2\/posts\/36408\/revisions\/37305"}],"wp:featuredmedia":[{"embeddable":true,"href":"https:\/\/ess-villars.ch\/de\/wp-json\/wp\/v2\/media\/34634"}],"wp:attachment":[{"href":"https:\/\/ess-villars.ch\/de\/wp-json\/wp\/v2\/media?parent=36408"}],"wp:term":[{"taxonomy":"category","embeddable":true,"href":"https:\/\/ess-villars.ch\/de\/wp-json\/wp\/v2\/categories?post=36408"},{"taxonomy":"post_tag","embeddable":true,"href":"https:\/\/ess-villars.ch\/de\/wp-json\/wp\/v2\/tags?post=36408"}],"curies":[{"name":"wp","href":"https:\/\/api.w.org\/{rel}","templated":true}]}}