{"id":36389,"date":"2023-08-30T16:49:45","date_gmt":"2023-08-30T14:49:45","guid":{"rendered":"https:\/\/hebergement2.ch\/episode-12-die-70er-jahre\/"},"modified":"2023-11-24T07:00:20","modified_gmt":"2023-11-24T06:00:20","slug":"episode-12-die-70er-jahre","status":"publish","type":"post","link":"https:\/\/ess-villars.ch\/de\/blogs\/item\/2549-episode-12-les-annees-70","title":{"rendered":"Episode 12: Die 70er Jahre"},"content":{"rendered":"<h2>Die 70er Jahre<\/h2>\n<p>In Sapporo gelang Bernhard Russi und Roland Collombin 1972 bei der olympischen Abfahrt ein beeindruckender Doppelsieg. Bei den Weltmeisterschaften 1974 in St. Moritz schm\u00fcckt sich Fabienne Serrat, sp\u00e4teres Mitglied der Schweizer Skischule Villars, zweimal mit Gold.<\/p>\n<p>In Bezug auf die Ausr\u00fcstung ersetzt Kunststoff allm\u00e4hlich Leder in der Herstellung von Skischuhen, und die ersten \u201eStoppers\u201c werden in die Skibindungen integriert. Monoskis kommen auf den Markt und in Kalifornien wird das \u201eSnowboarden\u201c erfunden.<\/p>\n<p>In Villars wird die touristische Entwicklung durch die weltweite \u00d6lkrise etwas gebremst. Der Bau des europ\u00e4ischen Autobahnnetzes, die Entwicklung der Fluggesellschaften und die Einf\u00fchrung von Hochgeschwindigkeitsz\u00fcgen f\u00fchren zu einem tiefgreifenden Wandel in der Welt des Tourismus. Die Dauer der Aufenthalte nimmt ab und beschr\u00e4nkt sich h\u00e4ufig auf Wochenenden oder Schulferienwochen. Die Konkurrenz durch andere Skigebiete w\u00e4chst. Die H\u00e4ndler, Hoteliers und die Schweizer Skischule m\u00fcssen selbstverst\u00e4ndlich reagieren und schliessen sich mit einem starken Tourismusb\u00fcro unter der Leitung von Andr\u00e9 Willi, genannt \u201eder Colonel\u201c, zusammen.<\/p>\n<p>Im selben Jahr 1974 \u00fcbernahm Michel Daetwyler, ein junger Alumnus des cirque blanc, die Leitung der Schweizer Skischule Villars. W\u00e4hrend seiner zw\u00f6lfj\u00e4hrigen Amtszeit wird Michel erfolgreich die neuen Herausforderungen bew\u00e4ltigen, denen die Schweizer Skischule Villars ausgesetzt wird.<\/p>\n<p>Gleich nach seiner Ankunft baut Michel das Angebot an Gruppenkursen aus, insbesondere mit Wettkampfklassen. Er f\u00fcgt drei neue Stufen hinzu, um die veraltete Testpalette zu aktualisieren: den Mini-Test, den Villars-Test und den Parallel-Test. 1975 musste man f\u00fcr einen Vormittag im Gruppenunterricht 10 Franken ausgeben, w\u00e4hrend f\u00fcr eine Stunde Privatunterricht 25 Franken berechnet wurden.<\/p>\n<p>Michel gr\u00fcndet die Association pour l&#8217;entretien des pistes de ski de fond et de randonn\u00e9e, eine Vereinigung zur Pflege von Langlauf- und Wanderskipisten, die eine Maschine zur Pr\u00e4parierung von Langlaufloipen anschafft. Auch die Schweizer Skischule entwickelt diesen Sektor. Eine weitere Neuheit ist das Angebot von \u201ek\u00fcnstlerischen\u201c Skistunden und am Ende des Jahrzehnts wird die Schweizer Skischule Villars Monoski-Kurse anbieten.<\/p>\n<p>Die Idee, in Villars eine Kindertagesst\u00e4tte zu gr\u00fcnden, geh\u00f6rte zu einem der ersten Vorhaben von Michel Daetwylers. Seine Idee wird im Dezember 1977 mit der Einweihung der Kindertagesst\u00e4tte der Schweizer Skischule Villars in den R\u00e4umlichkeiten des Palace-Schwimmbads zur Wirklichkeit. Marlyse Salvoldelli, die zur Leiterin der neuen Einrichtung ernannt wurde, erinnert sich an den sofortigen Erfolg der Kindertagesst\u00e4tte: \u201eWir betreuten bis zu 40 Kinder pro Tag. Da ich selbst nicht Ski fuhr, wurden die Kinder von Lehrerinnen der Schweizer Skischule betreut. Meine gr\u00f6sste Sorge war es, Kinder zu verlieren, da es auf der Piste vor dem Palace sehr voll war und es noch keinen sicheren Schneegarten nur f\u00fcr Kinder gab.<\/p>\n<p>F\u00fcr Unterhaltung sorgten die erwachsenen Anf\u00e4nger des Club M\u00e9diterran\u00e9e, die die \u201eGO Ski\u201c nicht immer unter Kontrolle hatten&#8230;\u201c.<\/p>\n<p><img fetchpriority=\"high\" decoding=\"async\" class=\"aligncenter size-large wp-image-29615\" src=\"https:\/\/ess-villars.ch\/wp-content\/uploads\/2023\/08\/page-32-1024x689.jpg\" alt=\"\" width=\"800\" height=\"538\" srcset=\"https:\/\/ess-villars.ch\/wp-content\/uploads\/2023\/08\/page-32-1024x689.jpg 1024w, https:\/\/ess-villars.ch\/wp-content\/uploads\/2023\/08\/page-32-300x202.jpg 300w, https:\/\/ess-villars.ch\/wp-content\/uploads\/2023\/08\/page-32-768x517.jpg 768w, https:\/\/ess-villars.ch\/wp-content\/uploads\/2023\/08\/page-32-1536x1034.jpg 1536w, https:\/\/ess-villars.ch\/wp-content\/uploads\/2023\/08\/page-32-2048x1379.jpg 2048w\" sizes=\"(max-width: 800px) 100vw, 800px\" \/> <img decoding=\"async\" class=\"aligncenter size-large wp-image-29616\" src=\"https:\/\/ess-villars.ch\/wp-content\/uploads\/2023\/08\/8-1024x685.jpg\" alt=\"\" width=\"800\" height=\"535\" srcset=\"https:\/\/ess-villars.ch\/wp-content\/uploads\/2023\/08\/8-1024x685.jpg 1024w, https:\/\/ess-villars.ch\/wp-content\/uploads\/2023\/08\/8-300x201.jpg 300w, https:\/\/ess-villars.ch\/wp-content\/uploads\/2023\/08\/8-768x513.jpg 768w, https:\/\/ess-villars.ch\/wp-content\/uploads\/2023\/08\/8.jpg 1484w\" sizes=\"(max-width: 800px) 100vw, 800px\" \/> <img decoding=\"async\" class=\"aligncenter size-large wp-image-29617\" src=\"https:\/\/ess-villars.ch\/wp-content\/uploads\/2023\/08\/18-1024x689.jpg\" alt=\"\" width=\"800\" height=\"538\" srcset=\"https:\/\/ess-villars.ch\/wp-content\/uploads\/2023\/08\/18-1024x689.jpg 1024w, https:\/\/ess-villars.ch\/wp-content\/uploads\/2023\/08\/18-300x202.jpg 300w, https:\/\/ess-villars.ch\/wp-content\/uploads\/2023\/08\/18-768x517.jpg 768w, https:\/\/ess-villars.ch\/wp-content\/uploads\/2023\/08\/18.jpg 1528w\" sizes=\"(max-width: 800px) 100vw, 800px\" \/> <img loading=\"lazy\" decoding=\"async\" class=\"aligncenter size-large wp-image-29618\" src=\"https:\/\/ess-villars.ch\/wp-content\/uploads\/2023\/08\/page-31-1024x764.jpg\" alt=\"\" width=\"800\" height=\"597\" srcset=\"https:\/\/ess-villars.ch\/wp-content\/uploads\/2023\/08\/page-31-1024x764.jpg 1024w, https:\/\/ess-villars.ch\/wp-content\/uploads\/2023\/08\/page-31-300x224.jpg 300w, https:\/\/ess-villars.ch\/wp-content\/uploads\/2023\/08\/page-31-768x573.jpg 768w, https:\/\/ess-villars.ch\/wp-content\/uploads\/2023\/08\/page-31-1536x1145.jpg 1536w, https:\/\/ess-villars.ch\/wp-content\/uploads\/2023\/08\/page-31-2048x1527.jpg 2048w\" sizes=\"(max-width: 800px) 100vw, 800px\" \/><\/p>\n","protected":false},"excerpt":{"rendered":"<p>Die 70er Jahre In Sapporo gelang Bernhard Russi und Roland Collombin 1972 bei der olympischen Abfahrt ein beeindruckender Doppelsieg. Bei den Weltmeisterschaften 1974 in St. Moritz schm\u00fcckt sich Fabienne Serrat, sp\u00e4teres Mitglied der Schweizer Skischule Villars, zweimal mit Gold. In Bezug auf die Ausr\u00fcstung ersetzt Kunststoff allm\u00e4hlich Leder in der Herstellung von Skischuhen, und die [&hellip;]<\/p>\n","protected":false},"author":1,"featured_media":34578,"comment_status":"open","ping_status":"open","sticky":false,"template":"","format":"standard","meta":{"_acf_changed":false,"footnotes":""},"categories":[85],"tags":[],"class_list":["post-36389","post","type-post","status-publish","format-standard","has-post-thumbnail","hentry","category-geschichte"],"acf":[],"yoast_head":"<!-- This site is optimized with the Yoast SEO plugin v27.5 - https:\/\/yoast.com\/product\/yoast-seo-wordpress\/ -->\n<title>Episode 12: Die 70er Jahre - ESS Villars<\/title>\n<meta name=\"description\" content=\"Die 70er Jahre In Sapporo gelang Bernhard Russi und Roland Collombin 1972 bei der olympischen Abfahrt...\" \/>\n<meta name=\"robots\" content=\"index, follow, max-snippet:-1, max-image-preview:large, max-video-preview:-1\" \/>\n<link rel=\"canonical\" href=\"https:\/\/ess-villars.ch\/de\/blogs\/item\/2549-episode-12-les-annees-70\/\" \/>\n<meta property=\"og:locale\" content=\"de_DE\" \/>\n<meta property=\"og:type\" content=\"article\" \/>\n<meta property=\"og:title\" content=\"Episode 12: Die 70er Jahre - ESS Villars\" \/>\n<meta property=\"og:description\" content=\"Die 70er Jahre In Sapporo gelang Bernhard Russi und Roland Collombin 1972 bei der olympischen Abfahrt...\" \/>\n<meta property=\"og:url\" content=\"https:\/\/ess-villars.ch\/de\/blogs\/item\/2549-episode-12-les-annees-70\" \/>\n<meta property=\"og:site_name\" content=\"ESS Villars\" \/>\n<meta property=\"article:published_time\" content=\"2023-08-30T14:49:45+00:00\" \/>\n<meta property=\"article:modified_time\" content=\"2023-11-24T06:00:20+00:00\" \/>\n<meta property=\"og:image\" content=\"https:\/\/ess-villars.ch\/wp-content\/uploads\/2023\/08\/page-31-scaled.jpg\" \/>\n\t<meta property=\"og:image:width\" content=\"2560\" \/>\n\t<meta property=\"og:image:height\" content=\"1909\" \/>\n\t<meta property=\"og:image:type\" content=\"image\/jpeg\" \/>\n<meta name=\"author\" content=\"Admin_ess_1234\" \/>\n<meta name=\"twitter:card\" content=\"summary_large_image\" \/>\n<meta name=\"twitter:label1\" content=\"Verfasst von\" \/>\n\t<meta name=\"twitter:data1\" content=\"Admin_ess_1234\" \/>\n\t<meta name=\"twitter:label2\" content=\"Gesch\u00e4tzte Lesezeit\" \/>\n\t<meta name=\"twitter:data2\" content=\"2\u00a0Minuten\" \/>\n<script type=\"application\/ld+json\" class=\"yoast-schema-graph\">{\"@context\":\"https:\\\/\\\/schema.org\",\"@graph\":[{\"@type\":\"Article\",\"@id\":\"https:\\\/\\\/ess-villars.ch\\\/de\\\/blogs\\\/item\\\/2549-episode-12-les-annees-70#article\",\"isPartOf\":{\"@id\":\"https:\\\/\\\/ess-villars.ch\\\/de\\\/blogs\\\/item\\\/2549-episode-12-les-annees-70\"},\"author\":{\"name\":\"Admin_ess_1234\",\"@id\":\"https:\\\/\\\/ess-villars.ch\\\/de\\\/#\\\/schema\\\/person\\\/0f30ecd734c125feb7718cb834b17b33\"},\"headline\":\"Episode 12: Die 70er Jahre\",\"datePublished\":\"2023-08-30T14:49:45+00:00\",\"dateModified\":\"2023-11-24T06:00:20+00:00\",\"mainEntityOfPage\":{\"@id\":\"https:\\\/\\\/ess-villars.ch\\\/de\\\/blogs\\\/item\\\/2549-episode-12-les-annees-70\"},\"wordCount\":469,\"commentCount\":0,\"publisher\":{\"@id\":\"https:\\\/\\\/ess-villars.ch\\\/de\\\/#organization\"},\"image\":{\"@id\":\"https:\\\/\\\/ess-villars.ch\\\/de\\\/blogs\\\/item\\\/2549-episode-12-les-annees-70#primaryimage\"},\"thumbnailUrl\":\"https:\\\/\\\/ess-villars.ch\\\/wp-content\\\/uploads\\\/2023\\\/08\\\/page-31-scaled.jpg\",\"articleSection\":[\"Geschichte\"],\"inLanguage\":\"de\",\"potentialAction\":[{\"@type\":\"CommentAction\",\"name\":\"Comment\",\"target\":[\"https:\\\/\\\/ess-villars.ch\\\/de\\\/blogs\\\/item\\\/2549-episode-12-les-annees-70#respond\"]}]},{\"@type\":\"WebPage\",\"@id\":\"https:\\\/\\\/ess-villars.ch\\\/de\\\/blogs\\\/item\\\/2549-episode-12-les-annees-70\",\"url\":\"https:\\\/\\\/ess-villars.ch\\\/de\\\/blogs\\\/item\\\/2549-episode-12-les-annees-70\",\"name\":\"Episode 12: Die 70er Jahre - ESS Villars\",\"isPartOf\":{\"@id\":\"https:\\\/\\\/ess-villars.ch\\\/de\\\/#website\"},\"primaryImageOfPage\":{\"@id\":\"https:\\\/\\\/ess-villars.ch\\\/de\\\/blogs\\\/item\\\/2549-episode-12-les-annees-70#primaryimage\"},\"image\":{\"@id\":\"https:\\\/\\\/ess-villars.ch\\\/de\\\/blogs\\\/item\\\/2549-episode-12-les-annees-70#primaryimage\"},\"thumbnailUrl\":\"https:\\\/\\\/ess-villars.ch\\\/wp-content\\\/uploads\\\/2023\\\/08\\\/page-31-scaled.jpg\",\"datePublished\":\"2023-08-30T14:49:45+00:00\",\"dateModified\":\"2023-11-24T06:00:20+00:00\",\"description\":\"Die 70er Jahre In Sapporo gelang Bernhard Russi und Roland Collombin 1972 bei der olympischen Abfahrt...\",\"breadcrumb\":{\"@id\":\"https:\\\/\\\/ess-villars.ch\\\/de\\\/blogs\\\/item\\\/2549-episode-12-les-annees-70#breadcrumb\"},\"inLanguage\":\"de\",\"potentialAction\":[{\"@type\":\"ReadAction\",\"target\":[\"https:\\\/\\\/ess-villars.ch\\\/de\\\/blogs\\\/item\\\/2549-episode-12-les-annees-70\"]}]},{\"@type\":\"ImageObject\",\"inLanguage\":\"de\",\"@id\":\"https:\\\/\\\/ess-villars.ch\\\/de\\\/blogs\\\/item\\\/2549-episode-12-les-annees-70#primaryimage\",\"url\":\"https:\\\/\\\/ess-villars.ch\\\/wp-content\\\/uploads\\\/2023\\\/08\\\/page-31-scaled.jpg\",\"contentUrl\":\"https:\\\/\\\/ess-villars.ch\\\/wp-content\\\/uploads\\\/2023\\\/08\\\/page-31-scaled.jpg\",\"width\":2560,\"height\":1909},{\"@type\":\"BreadcrumbList\",\"@id\":\"https:\\\/\\\/ess-villars.ch\\\/de\\\/blogs\\\/item\\\/2549-episode-12-les-annees-70#breadcrumb\",\"itemListElement\":[{\"@type\":\"ListItem\",\"position\":1,\"name\":\"Home\",\"item\":\"https:\\\/\\\/ess-villars.ch\\\/de\\\/\"},{\"@type\":\"ListItem\",\"position\":2,\"name\":\"Episode 12: Die 70er Jahre\"}]},{\"@type\":\"WebSite\",\"@id\":\"https:\\\/\\\/ess-villars.ch\\\/de\\\/#website\",\"url\":\"https:\\\/\\\/ess-villars.ch\\\/de\\\/\",\"name\":\"ESS Villars\",\"description\":\"Join the red legend !\",\"publisher\":{\"@id\":\"https:\\\/\\\/ess-villars.ch\\\/de\\\/#organization\"},\"potentialAction\":[{\"@type\":\"SearchAction\",\"target\":{\"@type\":\"EntryPoint\",\"urlTemplate\":\"https:\\\/\\\/ess-villars.ch\\\/de\\\/?s={search_term_string}\"},\"query-input\":{\"@type\":\"PropertyValueSpecification\",\"valueRequired\":true,\"valueName\":\"search_term_string\"}}],\"inLanguage\":\"de\"},{\"@type\":\"Organization\",\"@id\":\"https:\\\/\\\/ess-villars.ch\\\/de\\\/#organization\",\"name\":\"ESS Villars\",\"url\":\"https:\\\/\\\/ess-villars.ch\\\/de\\\/\",\"logo\":{\"@type\":\"ImageObject\",\"inLanguage\":\"de\",\"@id\":\"https:\\\/\\\/ess-villars.ch\\\/de\\\/#\\\/schema\\\/logo\\\/image\\\/\",\"url\":\"https:\\\/\\\/ess-villars.ch\\\/wp-content\\\/uploads\\\/2023\\\/08\\\/ESS_Villars_logo_png.png\",\"contentUrl\":\"https:\\\/\\\/ess-villars.ch\\\/wp-content\\\/uploads\\\/2023\\\/08\\\/ESS_Villars_logo_png.png\",\"width\":1181,\"height\":1181,\"caption\":\"ESS Villars\"},\"image\":{\"@id\":\"https:\\\/\\\/ess-villars.ch\\\/de\\\/#\\\/schema\\\/logo\\\/image\\\/\"}},{\"@type\":\"Person\",\"@id\":\"https:\\\/\\\/ess-villars.ch\\\/de\\\/#\\\/schema\\\/person\\\/0f30ecd734c125feb7718cb834b17b33\",\"name\":\"Admin_ess_1234\",\"image\":{\"@type\":\"ImageObject\",\"inLanguage\":\"de\",\"@id\":\"https:\\\/\\\/secure.gravatar.com\\\/avatar\\\/5fa0ab8129cd20f0a7834bfabb7e7a1558862e46633c891c431236a50cc39ab9?s=96&d=mm&r=g\",\"url\":\"https:\\\/\\\/secure.gravatar.com\\\/avatar\\\/5fa0ab8129cd20f0a7834bfabb7e7a1558862e46633c891c431236a50cc39ab9?s=96&d=mm&r=g\",\"contentUrl\":\"https:\\\/\\\/secure.gravatar.com\\\/avatar\\\/5fa0ab8129cd20f0a7834bfabb7e7a1558862e46633c891c431236a50cc39ab9?s=96&d=mm&r=g\",\"caption\":\"Admin_ess_1234\"},\"sameAs\":[\"https:\\\/\\\/ess-villars.ch\"]}]}<\/script>\n<!-- \/ Yoast SEO plugin. -->","yoast_head_json":{"title":"Episode 12: Die 70er Jahre - ESS Villars","description":"Die 70er Jahre In Sapporo gelang Bernhard Russi und Roland Collombin 1972 bei der olympischen Abfahrt...","robots":{"index":"index","follow":"follow","max-snippet":"max-snippet:-1","max-image-preview":"max-image-preview:large","max-video-preview":"max-video-preview:-1"},"canonical":"https:\/\/ess-villars.ch\/de\/blogs\/item\/2549-episode-12-les-annees-70\/","og_locale":"de_DE","og_type":"article","og_title":"Episode 12: Die 70er Jahre - ESS Villars","og_description":"Die 70er Jahre In Sapporo gelang Bernhard Russi und Roland Collombin 1972 bei der olympischen Abfahrt...","og_url":"https:\/\/ess-villars.ch\/de\/blogs\/item\/2549-episode-12-les-annees-70","og_site_name":"ESS Villars","article_published_time":"2023-08-30T14:49:45+00:00","article_modified_time":"2023-11-24T06:00:20+00:00","og_image":[{"width":2560,"height":1909,"url":"https:\/\/ess-villars.ch\/wp-content\/uploads\/2023\/08\/page-31-scaled.jpg","type":"image\/jpeg"}],"author":"Admin_ess_1234","twitter_card":"summary_large_image","twitter_misc":{"Verfasst von":"Admin_ess_1234","Gesch\u00e4tzte Lesezeit":"2\u00a0Minuten"},"schema":{"@context":"https:\/\/schema.org","@graph":[{"@type":"Article","@id":"https:\/\/ess-villars.ch\/de\/blogs\/item\/2549-episode-12-les-annees-70#article","isPartOf":{"@id":"https:\/\/ess-villars.ch\/de\/blogs\/item\/2549-episode-12-les-annees-70"},"author":{"name":"Admin_ess_1234","@id":"https:\/\/ess-villars.ch\/de\/#\/schema\/person\/0f30ecd734c125feb7718cb834b17b33"},"headline":"Episode 12: Die 70er Jahre","datePublished":"2023-08-30T14:49:45+00:00","dateModified":"2023-11-24T06:00:20+00:00","mainEntityOfPage":{"@id":"https:\/\/ess-villars.ch\/de\/blogs\/item\/2549-episode-12-les-annees-70"},"wordCount":469,"commentCount":0,"publisher":{"@id":"https:\/\/ess-villars.ch\/de\/#organization"},"image":{"@id":"https:\/\/ess-villars.ch\/de\/blogs\/item\/2549-episode-12-les-annees-70#primaryimage"},"thumbnailUrl":"https:\/\/ess-villars.ch\/wp-content\/uploads\/2023\/08\/page-31-scaled.jpg","articleSection":["Geschichte"],"inLanguage":"de","potentialAction":[{"@type":"CommentAction","name":"Comment","target":["https:\/\/ess-villars.ch\/de\/blogs\/item\/2549-episode-12-les-annees-70#respond"]}]},{"@type":"WebPage","@id":"https:\/\/ess-villars.ch\/de\/blogs\/item\/2549-episode-12-les-annees-70","url":"https:\/\/ess-villars.ch\/de\/blogs\/item\/2549-episode-12-les-annees-70","name":"Episode 12: Die 70er Jahre - ESS Villars","isPartOf":{"@id":"https:\/\/ess-villars.ch\/de\/#website"},"primaryImageOfPage":{"@id":"https:\/\/ess-villars.ch\/de\/blogs\/item\/2549-episode-12-les-annees-70#primaryimage"},"image":{"@id":"https:\/\/ess-villars.ch\/de\/blogs\/item\/2549-episode-12-les-annees-70#primaryimage"},"thumbnailUrl":"https:\/\/ess-villars.ch\/wp-content\/uploads\/2023\/08\/page-31-scaled.jpg","datePublished":"2023-08-30T14:49:45+00:00","dateModified":"2023-11-24T06:00:20+00:00","description":"Die 70er Jahre In Sapporo gelang Bernhard Russi und Roland Collombin 1972 bei der olympischen Abfahrt...","breadcrumb":{"@id":"https:\/\/ess-villars.ch\/de\/blogs\/item\/2549-episode-12-les-annees-70#breadcrumb"},"inLanguage":"de","potentialAction":[{"@type":"ReadAction","target":["https:\/\/ess-villars.ch\/de\/blogs\/item\/2549-episode-12-les-annees-70"]}]},{"@type":"ImageObject","inLanguage":"de","@id":"https:\/\/ess-villars.ch\/de\/blogs\/item\/2549-episode-12-les-annees-70#primaryimage","url":"https:\/\/ess-villars.ch\/wp-content\/uploads\/2023\/08\/page-31-scaled.jpg","contentUrl":"https:\/\/ess-villars.ch\/wp-content\/uploads\/2023\/08\/page-31-scaled.jpg","width":2560,"height":1909},{"@type":"BreadcrumbList","@id":"https:\/\/ess-villars.ch\/de\/blogs\/item\/2549-episode-12-les-annees-70#breadcrumb","itemListElement":[{"@type":"ListItem","position":1,"name":"Home","item":"https:\/\/ess-villars.ch\/de\/"},{"@type":"ListItem","position":2,"name":"Episode 12: Die 70er Jahre"}]},{"@type":"WebSite","@id":"https:\/\/ess-villars.ch\/de\/#website","url":"https:\/\/ess-villars.ch\/de\/","name":"ESS Villars","description":"Join the red legend !","publisher":{"@id":"https:\/\/ess-villars.ch\/de\/#organization"},"potentialAction":[{"@type":"SearchAction","target":{"@type":"EntryPoint","urlTemplate":"https:\/\/ess-villars.ch\/de\/?s={search_term_string}"},"query-input":{"@type":"PropertyValueSpecification","valueRequired":true,"valueName":"search_term_string"}}],"inLanguage":"de"},{"@type":"Organization","@id":"https:\/\/ess-villars.ch\/de\/#organization","name":"ESS Villars","url":"https:\/\/ess-villars.ch\/de\/","logo":{"@type":"ImageObject","inLanguage":"de","@id":"https:\/\/ess-villars.ch\/de\/#\/schema\/logo\/image\/","url":"https:\/\/ess-villars.ch\/wp-content\/uploads\/2023\/08\/ESS_Villars_logo_png.png","contentUrl":"https:\/\/ess-villars.ch\/wp-content\/uploads\/2023\/08\/ESS_Villars_logo_png.png","width":1181,"height":1181,"caption":"ESS Villars"},"image":{"@id":"https:\/\/ess-villars.ch\/de\/#\/schema\/logo\/image\/"}},{"@type":"Person","@id":"https:\/\/ess-villars.ch\/de\/#\/schema\/person\/0f30ecd734c125feb7718cb834b17b33","name":"Admin_ess_1234","image":{"@type":"ImageObject","inLanguage":"de","@id":"https:\/\/secure.gravatar.com\/avatar\/5fa0ab8129cd20f0a7834bfabb7e7a1558862e46633c891c431236a50cc39ab9?s=96&d=mm&r=g","url":"https:\/\/secure.gravatar.com\/avatar\/5fa0ab8129cd20f0a7834bfabb7e7a1558862e46633c891c431236a50cc39ab9?s=96&d=mm&r=g","contentUrl":"https:\/\/secure.gravatar.com\/avatar\/5fa0ab8129cd20f0a7834bfabb7e7a1558862e46633c891c431236a50cc39ab9?s=96&d=mm&r=g","caption":"Admin_ess_1234"},"sameAs":["https:\/\/ess-villars.ch"]}]}},"_links":{"self":[{"href":"https:\/\/ess-villars.ch\/de\/wp-json\/wp\/v2\/posts\/36389","targetHints":{"allow":["GET"]}}],"collection":[{"href":"https:\/\/ess-villars.ch\/de\/wp-json\/wp\/v2\/posts"}],"about":[{"href":"https:\/\/ess-villars.ch\/de\/wp-json\/wp\/v2\/types\/post"}],"author":[{"embeddable":true,"href":"https:\/\/ess-villars.ch\/de\/wp-json\/wp\/v2\/users\/1"}],"replies":[{"embeddable":true,"href":"https:\/\/ess-villars.ch\/de\/wp-json\/wp\/v2\/comments?post=36389"}],"version-history":[{"count":2,"href":"https:\/\/ess-villars.ch\/de\/wp-json\/wp\/v2\/posts\/36389\/revisions"}],"predecessor-version":[{"id":37314,"href":"https:\/\/ess-villars.ch\/de\/wp-json\/wp\/v2\/posts\/36389\/revisions\/37314"}],"wp:featuredmedia":[{"embeddable":true,"href":"https:\/\/ess-villars.ch\/de\/wp-json\/wp\/v2\/media\/34578"}],"wp:attachment":[{"href":"https:\/\/ess-villars.ch\/de\/wp-json\/wp\/v2\/media?parent=36389"}],"wp:term":[{"taxonomy":"category","embeddable":true,"href":"https:\/\/ess-villars.ch\/de\/wp-json\/wp\/v2\/categories?post=36389"},{"taxonomy":"post_tag","embeddable":true,"href":"https:\/\/ess-villars.ch\/de\/wp-json\/wp\/v2\/tags?post=36389"}],"curies":[{"name":"wp","href":"https:\/\/api.w.org\/{rel}","templated":true}]}}