{"id":36379,"date":"2023-08-30T16:46:50","date_gmt":"2023-08-30T14:46:50","guid":{"rendered":"https:\/\/hebergement2.ch\/epiosde-15-die-skishow\/"},"modified":"2023-11-23T11:32:42","modified_gmt":"2023-11-23T10:32:42","slug":"epiosde-15-die-skishow","status":"publish","type":"post","link":"https:\/\/ess-villars.ch\/de\/blogs\/item\/2557-epiosde-15-le-ski-show","title":{"rendered":"Epiosde 15: Die Skishow"},"content":{"rendered":"<h2>Die Ski-Show<\/h2>\n<p><img fetchpriority=\"high\" decoding=\"async\" class=\"aligncenter size-full wp-image-29600\" src=\"https:\/\/ess-villars.ch\/wp-content\/uploads\/2023\/08\/Ski-Show-19.02.2014-9.jpg\" alt=\"\" width=\"667\" height=\"1000\" srcset=\"https:\/\/ess-villars.ch\/wp-content\/uploads\/2023\/08\/Ski-Show-19.02.2014-9.jpg 667w, https:\/\/ess-villars.ch\/wp-content\/uploads\/2023\/08\/Ski-Show-19.02.2014-9-200x300.jpg 200w\" sizes=\"(max-width: 667px) 100vw, 667px\" \/><\/p>\n<p>1995 f\u00fchrte Marc-Henri Duc w\u00e4hrend der Winterferien im Februar eine w\u00f6chentliche Skishow auf der beleuchteten Palace Piste ein.<\/p>\n<p>Diese Show f\u00fchrt durch die Entwicklung des Ski- und Schneesports im Laufe des Jahrhunderts. Im Laufe der Jahre hat sich die Show vergr\u00f6ssert. Heute sind es nicht weniger als 100 Lehrer, die an dieser kostenlosen Animation im Herzen des Ortes am Mittwoch teilnehmen!<\/p>\n<p>Wir treffen uns um 18:30 Uhr auf der Palace Piste hinter dem Bahnhof!<\/p>\n<p><img decoding=\"async\" class=\"aligncenter size-full wp-image-29599\" src=\"https:\/\/ess-villars.ch\/wp-content\/uploads\/2023\/08\/ski_vaud.jpg\" alt=\"\" width=\"811\" height=\"540\" srcset=\"https:\/\/ess-villars.ch\/wp-content\/uploads\/2023\/08\/ski_vaud.jpg 811w, https:\/\/ess-villars.ch\/wp-content\/uploads\/2023\/08\/ski_vaud-300x200.jpg 300w, https:\/\/ess-villars.ch\/wp-content\/uploads\/2023\/08\/ski_vaud-768x511.jpg 768w\" sizes=\"(max-width: 811px) 100vw, 811px\" \/><\/p>\n","protected":false},"excerpt":{"rendered":"<p>Die Ski-Show 1995 f\u00fchrte Marc-Henri Duc w\u00e4hrend der Winterferien im Februar eine w\u00f6chentliche Skishow auf der beleuchteten Palace Piste ein. Diese Show f\u00fchrt durch die Entwicklung des Ski- und Schneesports im Laufe des Jahrhunderts. Im Laufe der Jahre hat sich die Show vergr\u00f6ssert. Heute sind es nicht weniger als 100 Lehrer, die an dieser kostenlosen [&hellip;]<\/p>\n","protected":false},"author":1,"featured_media":34556,"comment_status":"open","ping_status":"open","sticky":false,"template":"","format":"standard","meta":{"_acf_changed":false,"footnotes":""},"categories":[85],"tags":[],"class_list":["post-36379","post","type-post","status-publish","format-standard","has-post-thumbnail","hentry","category-geschichte"],"acf":[],"yoast_head":"<!-- This site is optimized with the Yoast SEO plugin v27.5 - https:\/\/yoast.com\/product\/yoast-seo-wordpress\/ -->\n<title>Epiosde 15: Die Skishow - ESS Villars<\/title>\n<meta name=\"description\" content=\"Die Skishow 1995 f\u00fchrte Marc-Henri Duc w\u00e4hrend der Winterferien im Februar eine w\u00f6chentliche Skishow auf der beleuchteten Piste ...\" \/>\n<meta name=\"robots\" content=\"index, follow, max-snippet:-1, max-image-preview:large, max-video-preview:-1\" \/>\n<link rel=\"canonical\" href=\"https:\/\/ess-villars.ch\/de\/blogs\/item\/2557-epiosde-15-le-ski-show\/\" \/>\n<meta property=\"og:locale\" content=\"de_DE\" \/>\n<meta property=\"og:type\" content=\"article\" \/>\n<meta property=\"og:title\" content=\"Epiosde 15: Die Skishow - ESS Villars\" \/>\n<meta property=\"og:description\" content=\"Die Skishow 1995 f\u00fchrte Marc-Henri Duc w\u00e4hrend der Winterferien im Februar eine w\u00f6chentliche Skishow auf der beleuchteten Piste ...\" \/>\n<meta property=\"og:url\" content=\"https:\/\/ess-villars.ch\/de\/blogs\/item\/2557-epiosde-15-le-ski-show\" \/>\n<meta property=\"og:site_name\" content=\"ESS Villars\" \/>\n<meta property=\"article:published_time\" content=\"2023-08-30T14:46:50+00:00\" \/>\n<meta property=\"article:modified_time\" content=\"2023-11-23T10:32:42+00:00\" \/>\n<meta property=\"og:image\" content=\"https:\/\/ess-villars.ch\/wp-content\/uploads\/2023\/08\/ski_vaud.jpg\" \/>\n\t<meta property=\"og:image:width\" content=\"811\" \/>\n\t<meta property=\"og:image:height\" content=\"540\" \/>\n\t<meta property=\"og:image:type\" content=\"image\/jpeg\" \/>\n<meta name=\"author\" content=\"Admin_ess_1234\" \/>\n<meta name=\"twitter:card\" content=\"summary_large_image\" \/>\n<meta name=\"twitter:label1\" content=\"Verfasst von\" \/>\n\t<meta name=\"twitter:data1\" content=\"Admin_ess_1234\" \/>\n<script type=\"application\/ld+json\" class=\"yoast-schema-graph\">{\"@context\":\"https:\\\/\\\/schema.org\",\"@graph\":[{\"@type\":\"Article\",\"@id\":\"https:\\\/\\\/ess-villars.ch\\\/de\\\/blogs\\\/item\\\/2557-epiosde-15-le-ski-show#article\",\"isPartOf\":{\"@id\":\"https:\\\/\\\/ess-villars.ch\\\/de\\\/blogs\\\/item\\\/2557-epiosde-15-le-ski-show\"},\"author\":{\"name\":\"Admin_ess_1234\",\"@id\":\"https:\\\/\\\/ess-villars.ch\\\/de\\\/#\\\/schema\\\/person\\\/0f30ecd734c125feb7718cb834b17b33\"},\"headline\":\"Epiosde 15: Die Skishow\",\"datePublished\":\"2023-08-30T14:46:50+00:00\",\"dateModified\":\"2023-11-23T10:32:42+00:00\",\"mainEntityOfPage\":{\"@id\":\"https:\\\/\\\/ess-villars.ch\\\/de\\\/blogs\\\/item\\\/2557-epiosde-15-le-ski-show\"},\"wordCount\":81,\"commentCount\":0,\"publisher\":{\"@id\":\"https:\\\/\\\/ess-villars.ch\\\/de\\\/#organization\"},\"image\":{\"@id\":\"https:\\\/\\\/ess-villars.ch\\\/de\\\/blogs\\\/item\\\/2557-epiosde-15-le-ski-show#primaryimage\"},\"thumbnailUrl\":\"https:\\\/\\\/ess-villars.ch\\\/wp-content\\\/uploads\\\/2023\\\/08\\\/ski_vaud.jpg\",\"articleSection\":[\"Geschichte\"],\"inLanguage\":\"de\",\"potentialAction\":[{\"@type\":\"CommentAction\",\"name\":\"Comment\",\"target\":[\"https:\\\/\\\/ess-villars.ch\\\/de\\\/blogs\\\/item\\\/2557-epiosde-15-le-ski-show#respond\"]}]},{\"@type\":\"WebPage\",\"@id\":\"https:\\\/\\\/ess-villars.ch\\\/de\\\/blogs\\\/item\\\/2557-epiosde-15-le-ski-show\",\"url\":\"https:\\\/\\\/ess-villars.ch\\\/de\\\/blogs\\\/item\\\/2557-epiosde-15-le-ski-show\",\"name\":\"Epiosde 15: Die Skishow - ESS Villars\",\"isPartOf\":{\"@id\":\"https:\\\/\\\/ess-villars.ch\\\/de\\\/#website\"},\"primaryImageOfPage\":{\"@id\":\"https:\\\/\\\/ess-villars.ch\\\/de\\\/blogs\\\/item\\\/2557-epiosde-15-le-ski-show#primaryimage\"},\"image\":{\"@id\":\"https:\\\/\\\/ess-villars.ch\\\/de\\\/blogs\\\/item\\\/2557-epiosde-15-le-ski-show#primaryimage\"},\"thumbnailUrl\":\"https:\\\/\\\/ess-villars.ch\\\/wp-content\\\/uploads\\\/2023\\\/08\\\/ski_vaud.jpg\",\"datePublished\":\"2023-08-30T14:46:50+00:00\",\"dateModified\":\"2023-11-23T10:32:42+00:00\",\"description\":\"Die Skishow 1995 f\u00fchrte Marc-Henri Duc w\u00e4hrend der Winterferien im Februar eine w\u00f6chentliche Skishow auf der beleuchteten Piste ...\",\"breadcrumb\":{\"@id\":\"https:\\\/\\\/ess-villars.ch\\\/de\\\/blogs\\\/item\\\/2557-epiosde-15-le-ski-show#breadcrumb\"},\"inLanguage\":\"de\",\"potentialAction\":[{\"@type\":\"ReadAction\",\"target\":[\"https:\\\/\\\/ess-villars.ch\\\/de\\\/blogs\\\/item\\\/2557-epiosde-15-le-ski-show\"]}]},{\"@type\":\"ImageObject\",\"inLanguage\":\"de\",\"@id\":\"https:\\\/\\\/ess-villars.ch\\\/de\\\/blogs\\\/item\\\/2557-epiosde-15-le-ski-show#primaryimage\",\"url\":\"https:\\\/\\\/ess-villars.ch\\\/wp-content\\\/uploads\\\/2023\\\/08\\\/ski_vaud.jpg\",\"contentUrl\":\"https:\\\/\\\/ess-villars.ch\\\/wp-content\\\/uploads\\\/2023\\\/08\\\/ski_vaud.jpg\",\"width\":811,\"height\":540},{\"@type\":\"BreadcrumbList\",\"@id\":\"https:\\\/\\\/ess-villars.ch\\\/de\\\/blogs\\\/item\\\/2557-epiosde-15-le-ski-show#breadcrumb\",\"itemListElement\":[{\"@type\":\"ListItem\",\"position\":1,\"name\":\"Home\",\"item\":\"https:\\\/\\\/ess-villars.ch\\\/de\\\/\"},{\"@type\":\"ListItem\",\"position\":2,\"name\":\"Epiosde 15: Die Skishow\"}]},{\"@type\":\"WebSite\",\"@id\":\"https:\\\/\\\/ess-villars.ch\\\/de\\\/#website\",\"url\":\"https:\\\/\\\/ess-villars.ch\\\/de\\\/\",\"name\":\"ESS Villars\",\"description\":\"Join the red legend !\",\"publisher\":{\"@id\":\"https:\\\/\\\/ess-villars.ch\\\/de\\\/#organization\"},\"potentialAction\":[{\"@type\":\"SearchAction\",\"target\":{\"@type\":\"EntryPoint\",\"urlTemplate\":\"https:\\\/\\\/ess-villars.ch\\\/de\\\/?s={search_term_string}\"},\"query-input\":{\"@type\":\"PropertyValueSpecification\",\"valueRequired\":true,\"valueName\":\"search_term_string\"}}],\"inLanguage\":\"de\"},{\"@type\":\"Organization\",\"@id\":\"https:\\\/\\\/ess-villars.ch\\\/de\\\/#organization\",\"name\":\"ESS Villars\",\"url\":\"https:\\\/\\\/ess-villars.ch\\\/de\\\/\",\"logo\":{\"@type\":\"ImageObject\",\"inLanguage\":\"de\",\"@id\":\"https:\\\/\\\/ess-villars.ch\\\/de\\\/#\\\/schema\\\/logo\\\/image\\\/\",\"url\":\"https:\\\/\\\/ess-villars.ch\\\/wp-content\\\/uploads\\\/2023\\\/08\\\/ESS_Villars_logo_png.png\",\"contentUrl\":\"https:\\\/\\\/ess-villars.ch\\\/wp-content\\\/uploads\\\/2023\\\/08\\\/ESS_Villars_logo_png.png\",\"width\":1181,\"height\":1181,\"caption\":\"ESS Villars\"},\"image\":{\"@id\":\"https:\\\/\\\/ess-villars.ch\\\/de\\\/#\\\/schema\\\/logo\\\/image\\\/\"}},{\"@type\":\"Person\",\"@id\":\"https:\\\/\\\/ess-villars.ch\\\/de\\\/#\\\/schema\\\/person\\\/0f30ecd734c125feb7718cb834b17b33\",\"name\":\"Admin_ess_1234\",\"image\":{\"@type\":\"ImageObject\",\"inLanguage\":\"de\",\"@id\":\"https:\\\/\\\/secure.gravatar.com\\\/avatar\\\/5fa0ab8129cd20f0a7834bfabb7e7a1558862e46633c891c431236a50cc39ab9?s=96&d=mm&r=g\",\"url\":\"https:\\\/\\\/secure.gravatar.com\\\/avatar\\\/5fa0ab8129cd20f0a7834bfabb7e7a1558862e46633c891c431236a50cc39ab9?s=96&d=mm&r=g\",\"contentUrl\":\"https:\\\/\\\/secure.gravatar.com\\\/avatar\\\/5fa0ab8129cd20f0a7834bfabb7e7a1558862e46633c891c431236a50cc39ab9?s=96&d=mm&r=g\",\"caption\":\"Admin_ess_1234\"},\"sameAs\":[\"https:\\\/\\\/ess-villars.ch\"]}]}<\/script>\n<!-- \/ Yoast SEO plugin. -->","yoast_head_json":{"title":"Epiosde 15: Die Skishow - ESS Villars","description":"Die Skishow 1995 f\u00fchrte Marc-Henri Duc w\u00e4hrend der Winterferien im Februar eine w\u00f6chentliche Skishow auf der beleuchteten Piste ...","robots":{"index":"index","follow":"follow","max-snippet":"max-snippet:-1","max-image-preview":"max-image-preview:large","max-video-preview":"max-video-preview:-1"},"canonical":"https:\/\/ess-villars.ch\/de\/blogs\/item\/2557-epiosde-15-le-ski-show\/","og_locale":"de_DE","og_type":"article","og_title":"Epiosde 15: Die Skishow - ESS Villars","og_description":"Die Skishow 1995 f\u00fchrte Marc-Henri Duc w\u00e4hrend der Winterferien im Februar eine w\u00f6chentliche Skishow auf der beleuchteten Piste ...","og_url":"https:\/\/ess-villars.ch\/de\/blogs\/item\/2557-epiosde-15-le-ski-show","og_site_name":"ESS Villars","article_published_time":"2023-08-30T14:46:50+00:00","article_modified_time":"2023-11-23T10:32:42+00:00","og_image":[{"width":811,"height":540,"url":"https:\/\/ess-villars.ch\/wp-content\/uploads\/2023\/08\/ski_vaud.jpg","type":"image\/jpeg"}],"author":"Admin_ess_1234","twitter_card":"summary_large_image","twitter_misc":{"Verfasst von":"Admin_ess_1234"},"schema":{"@context":"https:\/\/schema.org","@graph":[{"@type":"Article","@id":"https:\/\/ess-villars.ch\/de\/blogs\/item\/2557-epiosde-15-le-ski-show#article","isPartOf":{"@id":"https:\/\/ess-villars.ch\/de\/blogs\/item\/2557-epiosde-15-le-ski-show"},"author":{"name":"Admin_ess_1234","@id":"https:\/\/ess-villars.ch\/de\/#\/schema\/person\/0f30ecd734c125feb7718cb834b17b33"},"headline":"Epiosde 15: Die Skishow","datePublished":"2023-08-30T14:46:50+00:00","dateModified":"2023-11-23T10:32:42+00:00","mainEntityOfPage":{"@id":"https:\/\/ess-villars.ch\/de\/blogs\/item\/2557-epiosde-15-le-ski-show"},"wordCount":81,"commentCount":0,"publisher":{"@id":"https:\/\/ess-villars.ch\/de\/#organization"},"image":{"@id":"https:\/\/ess-villars.ch\/de\/blogs\/item\/2557-epiosde-15-le-ski-show#primaryimage"},"thumbnailUrl":"https:\/\/ess-villars.ch\/wp-content\/uploads\/2023\/08\/ski_vaud.jpg","articleSection":["Geschichte"],"inLanguage":"de","potentialAction":[{"@type":"CommentAction","name":"Comment","target":["https:\/\/ess-villars.ch\/de\/blogs\/item\/2557-epiosde-15-le-ski-show#respond"]}]},{"@type":"WebPage","@id":"https:\/\/ess-villars.ch\/de\/blogs\/item\/2557-epiosde-15-le-ski-show","url":"https:\/\/ess-villars.ch\/de\/blogs\/item\/2557-epiosde-15-le-ski-show","name":"Epiosde 15: Die Skishow - ESS Villars","isPartOf":{"@id":"https:\/\/ess-villars.ch\/de\/#website"},"primaryImageOfPage":{"@id":"https:\/\/ess-villars.ch\/de\/blogs\/item\/2557-epiosde-15-le-ski-show#primaryimage"},"image":{"@id":"https:\/\/ess-villars.ch\/de\/blogs\/item\/2557-epiosde-15-le-ski-show#primaryimage"},"thumbnailUrl":"https:\/\/ess-villars.ch\/wp-content\/uploads\/2023\/08\/ski_vaud.jpg","datePublished":"2023-08-30T14:46:50+00:00","dateModified":"2023-11-23T10:32:42+00:00","description":"Die Skishow 1995 f\u00fchrte Marc-Henri Duc w\u00e4hrend der Winterferien im Februar eine w\u00f6chentliche Skishow auf der beleuchteten Piste ...","breadcrumb":{"@id":"https:\/\/ess-villars.ch\/de\/blogs\/item\/2557-epiosde-15-le-ski-show#breadcrumb"},"inLanguage":"de","potentialAction":[{"@type":"ReadAction","target":["https:\/\/ess-villars.ch\/de\/blogs\/item\/2557-epiosde-15-le-ski-show"]}]},{"@type":"ImageObject","inLanguage":"de","@id":"https:\/\/ess-villars.ch\/de\/blogs\/item\/2557-epiosde-15-le-ski-show#primaryimage","url":"https:\/\/ess-villars.ch\/wp-content\/uploads\/2023\/08\/ski_vaud.jpg","contentUrl":"https:\/\/ess-villars.ch\/wp-content\/uploads\/2023\/08\/ski_vaud.jpg","width":811,"height":540},{"@type":"BreadcrumbList","@id":"https:\/\/ess-villars.ch\/de\/blogs\/item\/2557-epiosde-15-le-ski-show#breadcrumb","itemListElement":[{"@type":"ListItem","position":1,"name":"Home","item":"https:\/\/ess-villars.ch\/de\/"},{"@type":"ListItem","position":2,"name":"Epiosde 15: Die Skishow"}]},{"@type":"WebSite","@id":"https:\/\/ess-villars.ch\/de\/#website","url":"https:\/\/ess-villars.ch\/de\/","name":"ESS Villars","description":"Join the red legend !","publisher":{"@id":"https:\/\/ess-villars.ch\/de\/#organization"},"potentialAction":[{"@type":"SearchAction","target":{"@type":"EntryPoint","urlTemplate":"https:\/\/ess-villars.ch\/de\/?s={search_term_string}"},"query-input":{"@type":"PropertyValueSpecification","valueRequired":true,"valueName":"search_term_string"}}],"inLanguage":"de"},{"@type":"Organization","@id":"https:\/\/ess-villars.ch\/de\/#organization","name":"ESS Villars","url":"https:\/\/ess-villars.ch\/de\/","logo":{"@type":"ImageObject","inLanguage":"de","@id":"https:\/\/ess-villars.ch\/de\/#\/schema\/logo\/image\/","url":"https:\/\/ess-villars.ch\/wp-content\/uploads\/2023\/08\/ESS_Villars_logo_png.png","contentUrl":"https:\/\/ess-villars.ch\/wp-content\/uploads\/2023\/08\/ESS_Villars_logo_png.png","width":1181,"height":1181,"caption":"ESS Villars"},"image":{"@id":"https:\/\/ess-villars.ch\/de\/#\/schema\/logo\/image\/"}},{"@type":"Person","@id":"https:\/\/ess-villars.ch\/de\/#\/schema\/person\/0f30ecd734c125feb7718cb834b17b33","name":"Admin_ess_1234","image":{"@type":"ImageObject","inLanguage":"de","@id":"https:\/\/secure.gravatar.com\/avatar\/5fa0ab8129cd20f0a7834bfabb7e7a1558862e46633c891c431236a50cc39ab9?s=96&d=mm&r=g","url":"https:\/\/secure.gravatar.com\/avatar\/5fa0ab8129cd20f0a7834bfabb7e7a1558862e46633c891c431236a50cc39ab9?s=96&d=mm&r=g","contentUrl":"https:\/\/secure.gravatar.com\/avatar\/5fa0ab8129cd20f0a7834bfabb7e7a1558862e46633c891c431236a50cc39ab9?s=96&d=mm&r=g","caption":"Admin_ess_1234"},"sameAs":["https:\/\/ess-villars.ch"]}]}},"_links":{"self":[{"href":"https:\/\/ess-villars.ch\/de\/wp-json\/wp\/v2\/posts\/36379","targetHints":{"allow":["GET"]}}],"collection":[{"href":"https:\/\/ess-villars.ch\/de\/wp-json\/wp\/v2\/posts"}],"about":[{"href":"https:\/\/ess-villars.ch\/de\/wp-json\/wp\/v2\/types\/post"}],"author":[{"embeddable":true,"href":"https:\/\/ess-villars.ch\/de\/wp-json\/wp\/v2\/users\/1"}],"replies":[{"embeddable":true,"href":"https:\/\/ess-villars.ch\/de\/wp-json\/wp\/v2\/comments?post=36379"}],"version-history":[{"count":1,"href":"https:\/\/ess-villars.ch\/de\/wp-json\/wp\/v2\/posts\/36379\/revisions"}],"predecessor-version":[{"id":37267,"href":"https:\/\/ess-villars.ch\/de\/wp-json\/wp\/v2\/posts\/36379\/revisions\/37267"}],"wp:featuredmedia":[{"embeddable":true,"href":"https:\/\/ess-villars.ch\/de\/wp-json\/wp\/v2\/media\/34556"}],"wp:attachment":[{"href":"https:\/\/ess-villars.ch\/de\/wp-json\/wp\/v2\/media?parent=36379"}],"wp:term":[{"taxonomy":"category","embeddable":true,"href":"https:\/\/ess-villars.ch\/de\/wp-json\/wp\/v2\/categories?post=36379"},{"taxonomy":"post_tag","embeddable":true,"href":"https:\/\/ess-villars.ch\/de\/wp-json\/wp\/v2\/tags?post=36379"}],"curies":[{"name":"wp","href":"https:\/\/api.w.org\/{rel}","templated":true}]}}