{"id":36376,"date":"2023-08-30T16:48:49","date_gmt":"2023-08-30T14:48:49","guid":{"rendered":"https:\/\/hebergement2.ch\/episode-13-die-institute-und-schulen\/"},"modified":"2023-11-24T07:00:19","modified_gmt":"2023-11-24T06:00:19","slug":"episode-13-die-institute-und-schulen","status":"publish","type":"post","link":"https:\/\/ess-villars.ch\/de\/blogs\/item\/2551-episode-13-les-instituts-et-ecoles","title":{"rendered":"Episode 13: Institute und Schulen"},"content":{"rendered":"<h2>Institute und Schulen<\/h2>\n<p>Seit jeher konnte die Schweizer Skischule auf die Zusammenarbeit mit den verschiedenen Landschulheimen und Schulen f\u00fcr Kinder auf dem Plateau von Villars z\u00e4hlen.<\/p>\n<p>In der Anfangsphase verf\u00fcgten die Schulen meist \u00fcber eigene Lehrkr\u00e4fte und nahmen die Dienste der Schweizer Skischule nur punktuell in Anspruch, etwa f\u00fcr Vertretungen oder Einzelunterricht. Sie alle kamen jedoch am Ende der Saison zur Schweizer Skischule Villars, um die Pr\u00fcfungen der Sch\u00fcler durchzuf\u00fchren.<\/p>\n<p>In den 1960er Jahren setzten einige Institute wie \u201eLa Printani\u00e8re\u201c, \u201eLes Mioches\u201c oder \u201eLa Harpe\u201c vermehrt auf Betreuer der Schweizer Skischule.<\/p>\n<p>Die meisten \u201eKinder\u201c aus Villars-Chesi\u00e8res kannten \u201eLe Nid\u201c von Mademoiselle Georgette. Diese nahm sie mit zu Skikursen in Les Renardeaux oder Le Palace, unter anderem mit Jeannette Roud und Lucette Ravel.<\/p>\n<p><img fetchpriority=\"high\" decoding=\"async\" class=\"aligncenter size-large wp-image-29610\" src=\"https:\/\/ess-villars.ch\/wp-content\/uploads\/2023\/08\/IMG-4-1024x736.jpg\" alt=\"\" width=\"800\" height=\"575\" srcset=\"https:\/\/ess-villars.ch\/wp-content\/uploads\/2023\/08\/IMG-4-1024x736.jpg 1024w, https:\/\/ess-villars.ch\/wp-content\/uploads\/2023\/08\/IMG-4-300x216.jpg 300w, https:\/\/ess-villars.ch\/wp-content\/uploads\/2023\/08\/IMG-4-768x552.jpg 768w, https:\/\/ess-villars.ch\/wp-content\/uploads\/2023\/08\/IMG-4-1536x1105.jpg 1536w, https:\/\/ess-villars.ch\/wp-content\/uploads\/2023\/08\/IMG-4.jpg 1602w\" sizes=\"(max-width: 800px) 100vw, 800px\" \/><\/p>\n<p>Bereits in den 1960er Jahren griff \u201eAiglon Coll\u00e8ge\u201c auf Skilehrer zur\u00fcck, um sein Wettkampfteam zu betreuen. Andere Internate kommen aus Montreux, Lausanne oder La C\u00f4te, um Unterricht zu nehmen.<\/p>\n<p><img decoding=\"async\" class=\"aligncenter size-full wp-image-29611\" src=\"https:\/\/ess-villars.ch\/wp-content\/uploads\/2023\/08\/page-34.2.jpg\" alt=\"\" width=\"888\" height=\"648\" srcset=\"https:\/\/ess-villars.ch\/wp-content\/uploads\/2023\/08\/page-34.2.jpg 888w, https:\/\/ess-villars.ch\/wp-content\/uploads\/2023\/08\/page-34.2-300x219.jpg 300w, https:\/\/ess-villars.ch\/wp-content\/uploads\/2023\/08\/page-34.2-768x560.jpg 768w\" sizes=\"(max-width: 888px) 100vw, 888px\" \/><\/p>\n<p>In den 2000er Jahren sind \u201eAiglon Coll\u00e8ge\u201c, \u201eBeau Soleil\u201c und \u201eLa Garenne\u201c wichtige und treue Partner der Schweizer Skischule. Vom Anf\u00e4nger bis zum Wettk\u00e4mpfer werden die jungen Skifahrer, Snowboarder und Freestyler von den Lehrern der Schweizer Skischule betreut. Diese Institute besch\u00e4ftigen jeden Winter ein Dutzend Lehrerinnen und Lehrer sowie Bergf\u00fchrer, die sie in Robbenhaut auf die Gipfel bringen.<\/p>\n<p>In j\u00fcngster Zeit sind es die \u00f6ffentlichen Schulen von Aigle, Ollon de Villars und die internationale Schule von Pr\u00e9 Fleuri, die der Schweizer Skischule Villars vertrauen.<\/p>\n<p><img decoding=\"async\" class=\"aligncenter size-large wp-image-29609\" src=\"https:\/\/ess-villars.ch\/wp-content\/uploads\/2023\/08\/IMG_0048-1-1-1024x726.jpg\" alt=\"\" width=\"800\" height=\"567\" srcset=\"https:\/\/ess-villars.ch\/wp-content\/uploads\/2023\/08\/IMG_0048-1-1-1024x726.jpg 1024w, https:\/\/ess-villars.ch\/wp-content\/uploads\/2023\/08\/IMG_0048-1-1-300x213.jpg 300w, https:\/\/ess-villars.ch\/wp-content\/uploads\/2023\/08\/IMG_0048-1-1-768x545.jpg 768w, https:\/\/ess-villars.ch\/wp-content\/uploads\/2023\/08\/IMG_0048-1-1-1536x1089.jpg 1536w, https:\/\/ess-villars.ch\/wp-content\/uploads\/2023\/08\/IMG_0048-1-1-2048x1452.jpg 2048w\" sizes=\"(max-width: 800px) 100vw, 800px\" \/><\/p>\n","protected":false},"excerpt":{"rendered":"<p>Institute und Schulen Seit jeher konnte die Schweizer Skischule auf die Zusammenarbeit mit den verschiedenen Landschulheimen und Schulen f\u00fcr Kinder auf dem Plateau von Villars z\u00e4hlen. In der Anfangsphase verf\u00fcgten die Schulen meist \u00fcber eigene Lehrkr\u00e4fte und nahmen die Dienste der Schweizer Skischule nur punktuell in Anspruch, etwa f\u00fcr Vertretungen oder Einzelunterricht. Sie alle kamen [&hellip;]<\/p>\n","protected":false},"author":1,"featured_media":34570,"comment_status":"open","ping_status":"open","sticky":false,"template":"","format":"standard","meta":{"_acf_changed":false,"footnotes":""},"categories":[85],"tags":[],"class_list":["post-36376","post","type-post","status-publish","format-standard","has-post-thumbnail","hentry","category-geschichte"],"acf":[],"yoast_head":"<!-- This site is optimized with the Yoast SEO plugin v27.5 - https:\/\/yoast.com\/product\/yoast-seo-wordpress\/ -->\n<title>Episode 13: Institute und Schulen - ESS Villars<\/title>\n<meta name=\"description\" content=\"Institute und Schulen Seit jeher konnte die Schweizer Skischule auf die Zusammenarbeit mit den verschiedenen Landschulheimen und Schulen z\u00e4hlen.\" \/>\n<meta name=\"robots\" content=\"index, follow, max-snippet:-1, max-image-preview:large, max-video-preview:-1\" \/>\n<link rel=\"canonical\" href=\"https:\/\/ess-villars.ch\/de\/blogs\/item\/2551-episode-13-les-instituts-et-ecoles\/\" \/>\n<meta property=\"og:locale\" content=\"de_DE\" \/>\n<meta property=\"og:type\" content=\"article\" \/>\n<meta property=\"og:title\" content=\"Episode 13: Institute und Schulen - ESS Villars\" \/>\n<meta property=\"og:description\" content=\"Institute und Schulen Seit jeher konnte die Schweizer Skischule auf die Zusammenarbeit mit den verschiedenen Landschulheimen und Schulen z\u00e4hlen.\" \/>\n<meta property=\"og:url\" content=\"https:\/\/ess-villars.ch\/de\/blogs\/item\/2551-episode-13-les-instituts-et-ecoles\" \/>\n<meta property=\"og:site_name\" content=\"ESS Villars\" \/>\n<meta property=\"article:published_time\" content=\"2023-08-30T14:48:49+00:00\" \/>\n<meta property=\"article:modified_time\" content=\"2023-11-24T06:00:19+00:00\" \/>\n<meta property=\"og:image\" content=\"https:\/\/ess-villars.ch\/wp-content\/uploads\/2023\/08\/page-34.2.jpg\" \/>\n\t<meta property=\"og:image:width\" content=\"888\" \/>\n\t<meta property=\"og:image:height\" content=\"648\" \/>\n\t<meta property=\"og:image:type\" content=\"image\/jpeg\" \/>\n<meta name=\"author\" content=\"Admin_ess_1234\" \/>\n<meta name=\"twitter:card\" content=\"summary_large_image\" \/>\n<meta name=\"twitter:label1\" content=\"Verfasst von\" \/>\n\t<meta name=\"twitter:data1\" content=\"Admin_ess_1234\" \/>\n\t<meta name=\"twitter:label2\" content=\"Gesch\u00e4tzte Lesezeit\" \/>\n\t<meta name=\"twitter:data2\" content=\"1\u00a0Minute\" \/>\n<script type=\"application\/ld+json\" class=\"yoast-schema-graph\">{\"@context\":\"https:\\\/\\\/schema.org\",\"@graph\":[{\"@type\":\"Article\",\"@id\":\"https:\\\/\\\/ess-villars.ch\\\/de\\\/blogs\\\/item\\\/2551-episode-13-les-instituts-et-ecoles#article\",\"isPartOf\":{\"@id\":\"https:\\\/\\\/ess-villars.ch\\\/de\\\/blogs\\\/item\\\/2551-episode-13-les-instituts-et-ecoles\"},\"author\":{\"name\":\"Admin_ess_1234\",\"@id\":\"https:\\\/\\\/ess-villars.ch\\\/de\\\/#\\\/schema\\\/person\\\/0f30ecd734c125feb7718cb834b17b33\"},\"headline\":\"Episode 13: Institute und Schulen\",\"datePublished\":\"2023-08-30T14:48:49+00:00\",\"dateModified\":\"2023-11-24T06:00:19+00:00\",\"mainEntityOfPage\":{\"@id\":\"https:\\\/\\\/ess-villars.ch\\\/de\\\/blogs\\\/item\\\/2551-episode-13-les-instituts-et-ecoles\"},\"wordCount\":258,\"commentCount\":0,\"publisher\":{\"@id\":\"https:\\\/\\\/ess-villars.ch\\\/de\\\/#organization\"},\"image\":{\"@id\":\"https:\\\/\\\/ess-villars.ch\\\/de\\\/blogs\\\/item\\\/2551-episode-13-les-instituts-et-ecoles#primaryimage\"},\"thumbnailUrl\":\"https:\\\/\\\/ess-villars.ch\\\/wp-content\\\/uploads\\\/2023\\\/08\\\/page-34.2.jpg\",\"articleSection\":[\"Geschichte\"],\"inLanguage\":\"de\",\"potentialAction\":[{\"@type\":\"CommentAction\",\"name\":\"Comment\",\"target\":[\"https:\\\/\\\/ess-villars.ch\\\/de\\\/blogs\\\/item\\\/2551-episode-13-les-instituts-et-ecoles#respond\"]}]},{\"@type\":\"WebPage\",\"@id\":\"https:\\\/\\\/ess-villars.ch\\\/de\\\/blogs\\\/item\\\/2551-episode-13-les-instituts-et-ecoles\",\"url\":\"https:\\\/\\\/ess-villars.ch\\\/de\\\/blogs\\\/item\\\/2551-episode-13-les-instituts-et-ecoles\",\"name\":\"Episode 13: Institute und Schulen - ESS Villars\",\"isPartOf\":{\"@id\":\"https:\\\/\\\/ess-villars.ch\\\/de\\\/#website\"},\"primaryImageOfPage\":{\"@id\":\"https:\\\/\\\/ess-villars.ch\\\/de\\\/blogs\\\/item\\\/2551-episode-13-les-instituts-et-ecoles#primaryimage\"},\"image\":{\"@id\":\"https:\\\/\\\/ess-villars.ch\\\/de\\\/blogs\\\/item\\\/2551-episode-13-les-instituts-et-ecoles#primaryimage\"},\"thumbnailUrl\":\"https:\\\/\\\/ess-villars.ch\\\/wp-content\\\/uploads\\\/2023\\\/08\\\/page-34.2.jpg\",\"datePublished\":\"2023-08-30T14:48:49+00:00\",\"dateModified\":\"2023-11-24T06:00:19+00:00\",\"description\":\"Institute und Schulen Seit jeher konnte die Schweizer Skischule auf die Zusammenarbeit mit den verschiedenen Landschulheimen und Schulen z\u00e4hlen.\",\"breadcrumb\":{\"@id\":\"https:\\\/\\\/ess-villars.ch\\\/de\\\/blogs\\\/item\\\/2551-episode-13-les-instituts-et-ecoles#breadcrumb\"},\"inLanguage\":\"de\",\"potentialAction\":[{\"@type\":\"ReadAction\",\"target\":[\"https:\\\/\\\/ess-villars.ch\\\/de\\\/blogs\\\/item\\\/2551-episode-13-les-instituts-et-ecoles\"]}]},{\"@type\":\"ImageObject\",\"inLanguage\":\"de\",\"@id\":\"https:\\\/\\\/ess-villars.ch\\\/de\\\/blogs\\\/item\\\/2551-episode-13-les-instituts-et-ecoles#primaryimage\",\"url\":\"https:\\\/\\\/ess-villars.ch\\\/wp-content\\\/uploads\\\/2023\\\/08\\\/page-34.2.jpg\",\"contentUrl\":\"https:\\\/\\\/ess-villars.ch\\\/wp-content\\\/uploads\\\/2023\\\/08\\\/page-34.2.jpg\",\"width\":888,\"height\":648},{\"@type\":\"BreadcrumbList\",\"@id\":\"https:\\\/\\\/ess-villars.ch\\\/de\\\/blogs\\\/item\\\/2551-episode-13-les-instituts-et-ecoles#breadcrumb\",\"itemListElement\":[{\"@type\":\"ListItem\",\"position\":1,\"name\":\"Home\",\"item\":\"https:\\\/\\\/ess-villars.ch\\\/de\\\/\"},{\"@type\":\"ListItem\",\"position\":2,\"name\":\"Episode 13: Institute und Schulen\"}]},{\"@type\":\"WebSite\",\"@id\":\"https:\\\/\\\/ess-villars.ch\\\/de\\\/#website\",\"url\":\"https:\\\/\\\/ess-villars.ch\\\/de\\\/\",\"name\":\"ESS Villars\",\"description\":\"Join the red legend !\",\"publisher\":{\"@id\":\"https:\\\/\\\/ess-villars.ch\\\/de\\\/#organization\"},\"potentialAction\":[{\"@type\":\"SearchAction\",\"target\":{\"@type\":\"EntryPoint\",\"urlTemplate\":\"https:\\\/\\\/ess-villars.ch\\\/de\\\/?s={search_term_string}\"},\"query-input\":{\"@type\":\"PropertyValueSpecification\",\"valueRequired\":true,\"valueName\":\"search_term_string\"}}],\"inLanguage\":\"de\"},{\"@type\":\"Organization\",\"@id\":\"https:\\\/\\\/ess-villars.ch\\\/de\\\/#organization\",\"name\":\"ESS Villars\",\"url\":\"https:\\\/\\\/ess-villars.ch\\\/de\\\/\",\"logo\":{\"@type\":\"ImageObject\",\"inLanguage\":\"de\",\"@id\":\"https:\\\/\\\/ess-villars.ch\\\/de\\\/#\\\/schema\\\/logo\\\/image\\\/\",\"url\":\"https:\\\/\\\/ess-villars.ch\\\/wp-content\\\/uploads\\\/2023\\\/08\\\/ESS_Villars_logo_png.png\",\"contentUrl\":\"https:\\\/\\\/ess-villars.ch\\\/wp-content\\\/uploads\\\/2023\\\/08\\\/ESS_Villars_logo_png.png\",\"width\":1181,\"height\":1181,\"caption\":\"ESS Villars\"},\"image\":{\"@id\":\"https:\\\/\\\/ess-villars.ch\\\/de\\\/#\\\/schema\\\/logo\\\/image\\\/\"}},{\"@type\":\"Person\",\"@id\":\"https:\\\/\\\/ess-villars.ch\\\/de\\\/#\\\/schema\\\/person\\\/0f30ecd734c125feb7718cb834b17b33\",\"name\":\"Admin_ess_1234\",\"image\":{\"@type\":\"ImageObject\",\"inLanguage\":\"de\",\"@id\":\"https:\\\/\\\/secure.gravatar.com\\\/avatar\\\/5fa0ab8129cd20f0a7834bfabb7e7a1558862e46633c891c431236a50cc39ab9?s=96&d=mm&r=g\",\"url\":\"https:\\\/\\\/secure.gravatar.com\\\/avatar\\\/5fa0ab8129cd20f0a7834bfabb7e7a1558862e46633c891c431236a50cc39ab9?s=96&d=mm&r=g\",\"contentUrl\":\"https:\\\/\\\/secure.gravatar.com\\\/avatar\\\/5fa0ab8129cd20f0a7834bfabb7e7a1558862e46633c891c431236a50cc39ab9?s=96&d=mm&r=g\",\"caption\":\"Admin_ess_1234\"},\"sameAs\":[\"https:\\\/\\\/ess-villars.ch\"]}]}<\/script>\n<!-- \/ Yoast SEO plugin. -->","yoast_head_json":{"title":"Episode 13: Institute und Schulen - ESS Villars","description":"Institute und Schulen Seit jeher konnte die Schweizer Skischule auf die Zusammenarbeit mit den verschiedenen Landschulheimen und Schulen z\u00e4hlen.","robots":{"index":"index","follow":"follow","max-snippet":"max-snippet:-1","max-image-preview":"max-image-preview:large","max-video-preview":"max-video-preview:-1"},"canonical":"https:\/\/ess-villars.ch\/de\/blogs\/item\/2551-episode-13-les-instituts-et-ecoles\/","og_locale":"de_DE","og_type":"article","og_title":"Episode 13: Institute und Schulen - ESS Villars","og_description":"Institute und Schulen Seit jeher konnte die Schweizer Skischule auf die Zusammenarbeit mit den verschiedenen Landschulheimen und Schulen z\u00e4hlen.","og_url":"https:\/\/ess-villars.ch\/de\/blogs\/item\/2551-episode-13-les-instituts-et-ecoles","og_site_name":"ESS Villars","article_published_time":"2023-08-30T14:48:49+00:00","article_modified_time":"2023-11-24T06:00:19+00:00","og_image":[{"width":888,"height":648,"url":"https:\/\/ess-villars.ch\/wp-content\/uploads\/2023\/08\/page-34.2.jpg","type":"image\/jpeg"}],"author":"Admin_ess_1234","twitter_card":"summary_large_image","twitter_misc":{"Verfasst von":"Admin_ess_1234","Gesch\u00e4tzte Lesezeit":"1\u00a0Minute"},"schema":{"@context":"https:\/\/schema.org","@graph":[{"@type":"Article","@id":"https:\/\/ess-villars.ch\/de\/blogs\/item\/2551-episode-13-les-instituts-et-ecoles#article","isPartOf":{"@id":"https:\/\/ess-villars.ch\/de\/blogs\/item\/2551-episode-13-les-instituts-et-ecoles"},"author":{"name":"Admin_ess_1234","@id":"https:\/\/ess-villars.ch\/de\/#\/schema\/person\/0f30ecd734c125feb7718cb834b17b33"},"headline":"Episode 13: Institute und Schulen","datePublished":"2023-08-30T14:48:49+00:00","dateModified":"2023-11-24T06:00:19+00:00","mainEntityOfPage":{"@id":"https:\/\/ess-villars.ch\/de\/blogs\/item\/2551-episode-13-les-instituts-et-ecoles"},"wordCount":258,"commentCount":0,"publisher":{"@id":"https:\/\/ess-villars.ch\/de\/#organization"},"image":{"@id":"https:\/\/ess-villars.ch\/de\/blogs\/item\/2551-episode-13-les-instituts-et-ecoles#primaryimage"},"thumbnailUrl":"https:\/\/ess-villars.ch\/wp-content\/uploads\/2023\/08\/page-34.2.jpg","articleSection":["Geschichte"],"inLanguage":"de","potentialAction":[{"@type":"CommentAction","name":"Comment","target":["https:\/\/ess-villars.ch\/de\/blogs\/item\/2551-episode-13-les-instituts-et-ecoles#respond"]}]},{"@type":"WebPage","@id":"https:\/\/ess-villars.ch\/de\/blogs\/item\/2551-episode-13-les-instituts-et-ecoles","url":"https:\/\/ess-villars.ch\/de\/blogs\/item\/2551-episode-13-les-instituts-et-ecoles","name":"Episode 13: Institute und Schulen - ESS Villars","isPartOf":{"@id":"https:\/\/ess-villars.ch\/de\/#website"},"primaryImageOfPage":{"@id":"https:\/\/ess-villars.ch\/de\/blogs\/item\/2551-episode-13-les-instituts-et-ecoles#primaryimage"},"image":{"@id":"https:\/\/ess-villars.ch\/de\/blogs\/item\/2551-episode-13-les-instituts-et-ecoles#primaryimage"},"thumbnailUrl":"https:\/\/ess-villars.ch\/wp-content\/uploads\/2023\/08\/page-34.2.jpg","datePublished":"2023-08-30T14:48:49+00:00","dateModified":"2023-11-24T06:00:19+00:00","description":"Institute und Schulen Seit jeher konnte die Schweizer Skischule auf die Zusammenarbeit mit den verschiedenen Landschulheimen und Schulen z\u00e4hlen.","breadcrumb":{"@id":"https:\/\/ess-villars.ch\/de\/blogs\/item\/2551-episode-13-les-instituts-et-ecoles#breadcrumb"},"inLanguage":"de","potentialAction":[{"@type":"ReadAction","target":["https:\/\/ess-villars.ch\/de\/blogs\/item\/2551-episode-13-les-instituts-et-ecoles"]}]},{"@type":"ImageObject","inLanguage":"de","@id":"https:\/\/ess-villars.ch\/de\/blogs\/item\/2551-episode-13-les-instituts-et-ecoles#primaryimage","url":"https:\/\/ess-villars.ch\/wp-content\/uploads\/2023\/08\/page-34.2.jpg","contentUrl":"https:\/\/ess-villars.ch\/wp-content\/uploads\/2023\/08\/page-34.2.jpg","width":888,"height":648},{"@type":"BreadcrumbList","@id":"https:\/\/ess-villars.ch\/de\/blogs\/item\/2551-episode-13-les-instituts-et-ecoles#breadcrumb","itemListElement":[{"@type":"ListItem","position":1,"name":"Home","item":"https:\/\/ess-villars.ch\/de\/"},{"@type":"ListItem","position":2,"name":"Episode 13: Institute und Schulen"}]},{"@type":"WebSite","@id":"https:\/\/ess-villars.ch\/de\/#website","url":"https:\/\/ess-villars.ch\/de\/","name":"ESS Villars","description":"Join the red legend !","publisher":{"@id":"https:\/\/ess-villars.ch\/de\/#organization"},"potentialAction":[{"@type":"SearchAction","target":{"@type":"EntryPoint","urlTemplate":"https:\/\/ess-villars.ch\/de\/?s={search_term_string}"},"query-input":{"@type":"PropertyValueSpecification","valueRequired":true,"valueName":"search_term_string"}}],"inLanguage":"de"},{"@type":"Organization","@id":"https:\/\/ess-villars.ch\/de\/#organization","name":"ESS Villars","url":"https:\/\/ess-villars.ch\/de\/","logo":{"@type":"ImageObject","inLanguage":"de","@id":"https:\/\/ess-villars.ch\/de\/#\/schema\/logo\/image\/","url":"https:\/\/ess-villars.ch\/wp-content\/uploads\/2023\/08\/ESS_Villars_logo_png.png","contentUrl":"https:\/\/ess-villars.ch\/wp-content\/uploads\/2023\/08\/ESS_Villars_logo_png.png","width":1181,"height":1181,"caption":"ESS Villars"},"image":{"@id":"https:\/\/ess-villars.ch\/de\/#\/schema\/logo\/image\/"}},{"@type":"Person","@id":"https:\/\/ess-villars.ch\/de\/#\/schema\/person\/0f30ecd734c125feb7718cb834b17b33","name":"Admin_ess_1234","image":{"@type":"ImageObject","inLanguage":"de","@id":"https:\/\/secure.gravatar.com\/avatar\/5fa0ab8129cd20f0a7834bfabb7e7a1558862e46633c891c431236a50cc39ab9?s=96&d=mm&r=g","url":"https:\/\/secure.gravatar.com\/avatar\/5fa0ab8129cd20f0a7834bfabb7e7a1558862e46633c891c431236a50cc39ab9?s=96&d=mm&r=g","contentUrl":"https:\/\/secure.gravatar.com\/avatar\/5fa0ab8129cd20f0a7834bfabb7e7a1558862e46633c891c431236a50cc39ab9?s=96&d=mm&r=g","caption":"Admin_ess_1234"},"sameAs":["https:\/\/ess-villars.ch"]}]}},"_links":{"self":[{"href":"https:\/\/ess-villars.ch\/de\/wp-json\/wp\/v2\/posts\/36376","targetHints":{"allow":["GET"]}}],"collection":[{"href":"https:\/\/ess-villars.ch\/de\/wp-json\/wp\/v2\/posts"}],"about":[{"href":"https:\/\/ess-villars.ch\/de\/wp-json\/wp\/v2\/types\/post"}],"author":[{"embeddable":true,"href":"https:\/\/ess-villars.ch\/de\/wp-json\/wp\/v2\/users\/1"}],"replies":[{"embeddable":true,"href":"https:\/\/ess-villars.ch\/de\/wp-json\/wp\/v2\/comments?post=36376"}],"version-history":[{"count":2,"href":"https:\/\/ess-villars.ch\/de\/wp-json\/wp\/v2\/posts\/36376\/revisions"}],"predecessor-version":[{"id":37301,"href":"https:\/\/ess-villars.ch\/de\/wp-json\/wp\/v2\/posts\/36376\/revisions\/37301"}],"wp:featuredmedia":[{"embeddable":true,"href":"https:\/\/ess-villars.ch\/de\/wp-json\/wp\/v2\/media\/34570"}],"wp:attachment":[{"href":"https:\/\/ess-villars.ch\/de\/wp-json\/wp\/v2\/media?parent=36376"}],"wp:term":[{"taxonomy":"category","embeddable":true,"href":"https:\/\/ess-villars.ch\/de\/wp-json\/wp\/v2\/categories?post=36376"},{"taxonomy":"post_tag","embeddable":true,"href":"https:\/\/ess-villars.ch\/de\/wp-json\/wp\/v2\/tags?post=36376"}],"curies":[{"name":"wp","href":"https:\/\/api.w.org\/{rel}","templated":true}]}}