{"id":36292,"date":"2023-08-30T16:42:24","date_gmt":"2023-08-30T14:42:24","guid":{"rendered":"https:\/\/hebergement2.ch\/episode-19-die-90er-jahre\/"},"modified":"2023-11-24T07:00:19","modified_gmt":"2023-11-24T06:00:19","slug":"episode-19-die-90er-jahre","status":"publish","type":"post","link":"https:\/\/ess-villars.ch\/de\/blogs\/item\/2555-episode-19-les-annees-90","title":{"rendered":"Episode 19: Die 90er Jahre"},"content":{"rendered":"<h2>Die 90er Jahre<\/h2>\n<p>Im Skibereich ver\u00e4ndert die Einf\u00fchrung der ersten Carving-Skier die technischen M\u00f6glichkeiten erheblich.<\/p>\n<p>1992 nimmt Annick Bonzon an den Olympischen Spielen in Albertville teil, w\u00e4hrend C\u00e9line Daetwyler in Maribor ihren zweiten Weltmeisterschaftstitel bei den Juniorinnen gewinnt.<\/p>\n<p>In den 1990er Jahren gewinnt das Snowboard weiter an Bedeutung. Auf den Skipisten hat sich das Snowboarden in nur 20 Jahren von einem unbeliebten Gast zu einem unverzichtbaren Schneesport entwickelt.<\/p>\n<p><img fetchpriority=\"high\" decoding=\"async\" class=\"aligncenter size-large wp-image-29578\" src=\"https:\/\/ess-villars.ch\/wp-content\/uploads\/2023\/08\/ESS-90-00-32-1024x739.jpg\" alt=\"\" width=\"800\" height=\"577\" srcset=\"https:\/\/ess-villars.ch\/wp-content\/uploads\/2023\/08\/ESS-90-00-32-1024x739.jpg 1024w, https:\/\/ess-villars.ch\/wp-content\/uploads\/2023\/08\/ESS-90-00-32-300x216.jpg 300w, https:\/\/ess-villars.ch\/wp-content\/uploads\/2023\/08\/ESS-90-00-32-768x554.jpg 768w, https:\/\/ess-villars.ch\/wp-content\/uploads\/2023\/08\/ESS-90-00-32-1536x1108.jpg 1536w, https:\/\/ess-villars.ch\/wp-content\/uploads\/2023\/08\/ESS-90-00-32-2048x1477.jpg 2048w\" sizes=\"(max-width: 800px) 100vw, 800px\" \/><\/p>\n<p>Mit der Entwicklung der Fluggesellschaften und der Zunahme von Charterfl\u00fcgen bekommen die Skigebiete zunehmend Konkurrenz von den Badeorten. In Villars erwerben immer mehr Menschen einen Zweitwohnsitz. Immer mehr internationale G\u00e4ste besuchen den Ort, insbesondere ein starker Anstieg der englischen, holl\u00e4ndischen und italienischen G\u00e4ste ist zu vermerken.<\/p>\n<p>F\u00fcr die Skipisten ist insbesondere die Verbesserung der Verbindungen nach Gryon und Les Diablerets von Bedeutung. Der Skilift \u201eLa Gryonne\u201c wird ersetzt und die Sessellifts \u201e Sodoleuvre-La Croix des Chaux\u201c und \u201eConche-Perche\u201c gebaut. Ausserdem werden die Sessellifte Lac Noir und Grand Chamossaire durch zwei top moderne Anlagen ersetzt.<\/p>\n<p>Die Leitung der Schweizer Skischule Villars \u00fcbernimmt 1989 Michel Martin. Gleich nach seiner Ankunft sieht sich Michel mit einer der schnee\u00e4rmsten Jahreszeiten des Jahrhunderts konfrontiert: An Weihnachten ist nur der Skilift am Roc d&#8217;Orsay in Betrieb.<\/p>\n<p><img decoding=\"async\" class=\"aligncenter size-large wp-image-29579\" src=\"https:\/\/ess-villars.ch\/wp-content\/uploads\/2023\/08\/groupe-1024x692.jpg\" alt=\"\" width=\"800\" height=\"541\" srcset=\"https:\/\/ess-villars.ch\/wp-content\/uploads\/2023\/08\/groupe-1024x692.jpg 1024w, https:\/\/ess-villars.ch\/wp-content\/uploads\/2023\/08\/groupe-300x203.jpg 300w, https:\/\/ess-villars.ch\/wp-content\/uploads\/2023\/08\/groupe-768x519.jpg 768w, https:\/\/ess-villars.ch\/wp-content\/uploads\/2023\/08\/groupe-1536x1038.jpg 1536w, https:\/\/ess-villars.ch\/wp-content\/uploads\/2023\/08\/groupe-2048x1384.jpg 2048w\" sizes=\"(max-width: 800px) 100vw, 800px\" \/><\/p>\n<p>Gleichzeitig ruft Michel Martin die Pre-OJ ins Leben, um die Schliessung von \u201eMlle Georgettes Nest\u201c auszugleichen. Marc-Henri Duc f\u00fchrt die Juniorenkurse Ski ein und in Bretaye und Villars werden sichere Schneekinderg\u00e4rten, die Jardin des Neiges, eingerichtet, in denen Kindern das Skifahren beigebracht wird.<\/p>\n<p><img decoding=\"async\" class=\"aligncenter size-large wp-image-29572\" src=\"https:\/\/ess-villars.ch\/wp-content\/uploads\/2023\/08\/IMG_0008-groupe-ESS-1024x470.jpg\" alt=\"\" width=\"800\" height=\"367\" srcset=\"https:\/\/ess-villars.ch\/wp-content\/uploads\/2023\/08\/IMG_0008-groupe-ESS-1024x470.jpg 1024w, https:\/\/ess-villars.ch\/wp-content\/uploads\/2023\/08\/IMG_0008-groupe-ESS-300x138.jpg 300w, https:\/\/ess-villars.ch\/wp-content\/uploads\/2023\/08\/IMG_0008-groupe-ESS-768x353.jpg 768w, https:\/\/ess-villars.ch\/wp-content\/uploads\/2023\/08\/IMG_0008-groupe-ESS-1536x706.jpg 1536w, https:\/\/ess-villars.ch\/wp-content\/uploads\/2023\/08\/IMG_0008-groupe-ESS-2048x941.jpg 2048w\" sizes=\"(max-width: 800px) 100vw, 800px\" \/><\/p>\n","protected":false},"excerpt":{"rendered":"<p>Die 90er Jahre Im Skibereich ver\u00e4ndert die Einf\u00fchrung der ersten Carving-Skier die technischen M\u00f6glichkeiten erheblich. 1992 nimmt Annick Bonzon an den Olympischen Spielen in Albertville teil, w\u00e4hrend C\u00e9line Daetwyler in Maribor ihren zweiten Weltmeisterschaftstitel bei den Juniorinnen gewinnt. In den 1990er Jahren gewinnt das Snowboard weiter an Bedeutung. Auf den Skipisten hat sich das Snowboarden [&hellip;]<\/p>\n","protected":false},"author":1,"featured_media":34536,"comment_status":"open","ping_status":"open","sticky":false,"template":"","format":"standard","meta":{"_acf_changed":false,"footnotes":""},"categories":[85],"tags":[],"class_list":["post-36292","post","type-post","status-publish","format-standard","has-post-thumbnail","hentry","category-geschichte"],"acf":[],"yoast_head":"<!-- This site is optimized with the Yoast SEO plugin v27.5 - https:\/\/yoast.com\/product\/yoast-seo-wordpress\/ -->\n<title>Episode 19: Die 90er Jahre - ESS Villars<\/title>\n<meta name=\"description\" content=\"Die 90er Jahre Im Skibereich ver\u00e4ndert die Einf\u00fchrung der ersten Carving-Skier die technischen M\u00f6glichkeiten erheblich. ...\" \/>\n<meta name=\"robots\" content=\"index, follow, max-snippet:-1, max-image-preview:large, max-video-preview:-1\" \/>\n<link rel=\"canonical\" href=\"https:\/\/ess-villars.ch\/de\/blogs\/item\/2555-episode-19-les-annees-90\/\" \/>\n<meta property=\"og:locale\" content=\"de_DE\" \/>\n<meta property=\"og:type\" content=\"article\" \/>\n<meta property=\"og:title\" content=\"Episode 19: Die 90er Jahre - ESS Villars\" \/>\n<meta property=\"og:description\" content=\"Die 90er Jahre Im Skibereich ver\u00e4ndert die Einf\u00fchrung der ersten Carving-Skier die technischen M\u00f6glichkeiten erheblich. ...\" \/>\n<meta property=\"og:url\" content=\"https:\/\/ess-villars.ch\/de\/blogs\/item\/2555-episode-19-les-annees-90\" \/>\n<meta property=\"og:site_name\" content=\"ESS Villars\" \/>\n<meta property=\"article:published_time\" content=\"2023-08-30T14:42:24+00:00\" \/>\n<meta property=\"article:modified_time\" content=\"2023-11-24T06:00:19+00:00\" \/>\n<meta property=\"og:image\" content=\"https:\/\/ess-villars.ch\/wp-content\/uploads\/2023\/08\/groupe.jpg\" \/>\n\t<meta property=\"og:image:width\" content=\"2208\" \/>\n\t<meta property=\"og:image:height\" content=\"1492\" \/>\n\t<meta property=\"og:image:type\" content=\"image\/jpeg\" \/>\n<meta name=\"author\" content=\"Admin_ess_1234\" \/>\n<meta name=\"twitter:card\" content=\"summary_large_image\" \/>\n<meta name=\"twitter:label1\" content=\"Verfasst von\" \/>\n\t<meta name=\"twitter:data1\" content=\"Admin_ess_1234\" \/>\n\t<meta name=\"twitter:label2\" content=\"Gesch\u00e4tzte Lesezeit\" \/>\n\t<meta name=\"twitter:data2\" content=\"1\u00a0Minute\" \/>\n<script type=\"application\/ld+json\" class=\"yoast-schema-graph\">{\"@context\":\"https:\\\/\\\/schema.org\",\"@graph\":[{\"@type\":\"Article\",\"@id\":\"https:\\\/\\\/ess-villars.ch\\\/de\\\/blogs\\\/item\\\/2555-episode-19-les-annees-90#article\",\"isPartOf\":{\"@id\":\"https:\\\/\\\/ess-villars.ch\\\/de\\\/blogs\\\/item\\\/2555-episode-19-les-annees-90\"},\"author\":{\"name\":\"Admin_ess_1234\",\"@id\":\"https:\\\/\\\/ess-villars.ch\\\/de\\\/#\\\/schema\\\/person\\\/0f30ecd734c125feb7718cb834b17b33\"},\"headline\":\"Episode 19: Die 90er Jahre\",\"datePublished\":\"2023-08-30T14:42:24+00:00\",\"dateModified\":\"2023-11-24T06:00:19+00:00\",\"mainEntityOfPage\":{\"@id\":\"https:\\\/\\\/ess-villars.ch\\\/de\\\/blogs\\\/item\\\/2555-episode-19-les-annees-90\"},\"wordCount\":255,\"commentCount\":0,\"publisher\":{\"@id\":\"https:\\\/\\\/ess-villars.ch\\\/de\\\/#organization\"},\"image\":{\"@id\":\"https:\\\/\\\/ess-villars.ch\\\/de\\\/blogs\\\/item\\\/2555-episode-19-les-annees-90#primaryimage\"},\"thumbnailUrl\":\"https:\\\/\\\/ess-villars.ch\\\/wp-content\\\/uploads\\\/2023\\\/08\\\/groupe.jpg\",\"articleSection\":[\"Geschichte\"],\"inLanguage\":\"de\",\"potentialAction\":[{\"@type\":\"CommentAction\",\"name\":\"Comment\",\"target\":[\"https:\\\/\\\/ess-villars.ch\\\/de\\\/blogs\\\/item\\\/2555-episode-19-les-annees-90#respond\"]}]},{\"@type\":\"WebPage\",\"@id\":\"https:\\\/\\\/ess-villars.ch\\\/de\\\/blogs\\\/item\\\/2555-episode-19-les-annees-90\",\"url\":\"https:\\\/\\\/ess-villars.ch\\\/de\\\/blogs\\\/item\\\/2555-episode-19-les-annees-90\",\"name\":\"Episode 19: Die 90er Jahre - ESS Villars\",\"isPartOf\":{\"@id\":\"https:\\\/\\\/ess-villars.ch\\\/de\\\/#website\"},\"primaryImageOfPage\":{\"@id\":\"https:\\\/\\\/ess-villars.ch\\\/de\\\/blogs\\\/item\\\/2555-episode-19-les-annees-90#primaryimage\"},\"image\":{\"@id\":\"https:\\\/\\\/ess-villars.ch\\\/de\\\/blogs\\\/item\\\/2555-episode-19-les-annees-90#primaryimage\"},\"thumbnailUrl\":\"https:\\\/\\\/ess-villars.ch\\\/wp-content\\\/uploads\\\/2023\\\/08\\\/groupe.jpg\",\"datePublished\":\"2023-08-30T14:42:24+00:00\",\"dateModified\":\"2023-11-24T06:00:19+00:00\",\"description\":\"Die 90er Jahre Im Skibereich ver\u00e4ndert die Einf\u00fchrung der ersten Carving-Skier die technischen M\u00f6glichkeiten erheblich. ...\",\"breadcrumb\":{\"@id\":\"https:\\\/\\\/ess-villars.ch\\\/de\\\/blogs\\\/item\\\/2555-episode-19-les-annees-90#breadcrumb\"},\"inLanguage\":\"de\",\"potentialAction\":[{\"@type\":\"ReadAction\",\"target\":[\"https:\\\/\\\/ess-villars.ch\\\/de\\\/blogs\\\/item\\\/2555-episode-19-les-annees-90\"]}]},{\"@type\":\"ImageObject\",\"inLanguage\":\"de\",\"@id\":\"https:\\\/\\\/ess-villars.ch\\\/de\\\/blogs\\\/item\\\/2555-episode-19-les-annees-90#primaryimage\",\"url\":\"https:\\\/\\\/ess-villars.ch\\\/wp-content\\\/uploads\\\/2023\\\/08\\\/groupe.jpg\",\"contentUrl\":\"https:\\\/\\\/ess-villars.ch\\\/wp-content\\\/uploads\\\/2023\\\/08\\\/groupe.jpg\",\"width\":2208,\"height\":1492},{\"@type\":\"BreadcrumbList\",\"@id\":\"https:\\\/\\\/ess-villars.ch\\\/de\\\/blogs\\\/item\\\/2555-episode-19-les-annees-90#breadcrumb\",\"itemListElement\":[{\"@type\":\"ListItem\",\"position\":1,\"name\":\"Home\",\"item\":\"https:\\\/\\\/ess-villars.ch\\\/de\\\/\"},{\"@type\":\"ListItem\",\"position\":2,\"name\":\"Episode 19: Die 90er Jahre\"}]},{\"@type\":\"WebSite\",\"@id\":\"https:\\\/\\\/ess-villars.ch\\\/de\\\/#website\",\"url\":\"https:\\\/\\\/ess-villars.ch\\\/de\\\/\",\"name\":\"ESS Villars\",\"description\":\"Join the red legend !\",\"publisher\":{\"@id\":\"https:\\\/\\\/ess-villars.ch\\\/de\\\/#organization\"},\"potentialAction\":[{\"@type\":\"SearchAction\",\"target\":{\"@type\":\"EntryPoint\",\"urlTemplate\":\"https:\\\/\\\/ess-villars.ch\\\/de\\\/?s={search_term_string}\"},\"query-input\":{\"@type\":\"PropertyValueSpecification\",\"valueRequired\":true,\"valueName\":\"search_term_string\"}}],\"inLanguage\":\"de\"},{\"@type\":\"Organization\",\"@id\":\"https:\\\/\\\/ess-villars.ch\\\/de\\\/#organization\",\"name\":\"ESS Villars\",\"url\":\"https:\\\/\\\/ess-villars.ch\\\/de\\\/\",\"logo\":{\"@type\":\"ImageObject\",\"inLanguage\":\"de\",\"@id\":\"https:\\\/\\\/ess-villars.ch\\\/de\\\/#\\\/schema\\\/logo\\\/image\\\/\",\"url\":\"https:\\\/\\\/ess-villars.ch\\\/wp-content\\\/uploads\\\/2023\\\/08\\\/ESS_Villars_logo_png.png\",\"contentUrl\":\"https:\\\/\\\/ess-villars.ch\\\/wp-content\\\/uploads\\\/2023\\\/08\\\/ESS_Villars_logo_png.png\",\"width\":1181,\"height\":1181,\"caption\":\"ESS Villars\"},\"image\":{\"@id\":\"https:\\\/\\\/ess-villars.ch\\\/de\\\/#\\\/schema\\\/logo\\\/image\\\/\"}},{\"@type\":\"Person\",\"@id\":\"https:\\\/\\\/ess-villars.ch\\\/de\\\/#\\\/schema\\\/person\\\/0f30ecd734c125feb7718cb834b17b33\",\"name\":\"Admin_ess_1234\",\"image\":{\"@type\":\"ImageObject\",\"inLanguage\":\"de\",\"@id\":\"https:\\\/\\\/secure.gravatar.com\\\/avatar\\\/5fa0ab8129cd20f0a7834bfabb7e7a1558862e46633c891c431236a50cc39ab9?s=96&d=mm&r=g\",\"url\":\"https:\\\/\\\/secure.gravatar.com\\\/avatar\\\/5fa0ab8129cd20f0a7834bfabb7e7a1558862e46633c891c431236a50cc39ab9?s=96&d=mm&r=g\",\"contentUrl\":\"https:\\\/\\\/secure.gravatar.com\\\/avatar\\\/5fa0ab8129cd20f0a7834bfabb7e7a1558862e46633c891c431236a50cc39ab9?s=96&d=mm&r=g\",\"caption\":\"Admin_ess_1234\"},\"sameAs\":[\"https:\\\/\\\/ess-villars.ch\"]}]}<\/script>\n<!-- \/ Yoast SEO plugin. -->","yoast_head_json":{"title":"Episode 19: Die 90er Jahre - ESS Villars","description":"Die 90er Jahre Im Skibereich ver\u00e4ndert die Einf\u00fchrung der ersten Carving-Skier die technischen M\u00f6glichkeiten erheblich. ...","robots":{"index":"index","follow":"follow","max-snippet":"max-snippet:-1","max-image-preview":"max-image-preview:large","max-video-preview":"max-video-preview:-1"},"canonical":"https:\/\/ess-villars.ch\/de\/blogs\/item\/2555-episode-19-les-annees-90\/","og_locale":"de_DE","og_type":"article","og_title":"Episode 19: Die 90er Jahre - ESS Villars","og_description":"Die 90er Jahre Im Skibereich ver\u00e4ndert die Einf\u00fchrung der ersten Carving-Skier die technischen M\u00f6glichkeiten erheblich. ...","og_url":"https:\/\/ess-villars.ch\/de\/blogs\/item\/2555-episode-19-les-annees-90","og_site_name":"ESS Villars","article_published_time":"2023-08-30T14:42:24+00:00","article_modified_time":"2023-11-24T06:00:19+00:00","og_image":[{"width":2208,"height":1492,"url":"https:\/\/ess-villars.ch\/wp-content\/uploads\/2023\/08\/groupe.jpg","type":"image\/jpeg"}],"author":"Admin_ess_1234","twitter_card":"summary_large_image","twitter_misc":{"Verfasst von":"Admin_ess_1234","Gesch\u00e4tzte Lesezeit":"1\u00a0Minute"},"schema":{"@context":"https:\/\/schema.org","@graph":[{"@type":"Article","@id":"https:\/\/ess-villars.ch\/de\/blogs\/item\/2555-episode-19-les-annees-90#article","isPartOf":{"@id":"https:\/\/ess-villars.ch\/de\/blogs\/item\/2555-episode-19-les-annees-90"},"author":{"name":"Admin_ess_1234","@id":"https:\/\/ess-villars.ch\/de\/#\/schema\/person\/0f30ecd734c125feb7718cb834b17b33"},"headline":"Episode 19: Die 90er Jahre","datePublished":"2023-08-30T14:42:24+00:00","dateModified":"2023-11-24T06:00:19+00:00","mainEntityOfPage":{"@id":"https:\/\/ess-villars.ch\/de\/blogs\/item\/2555-episode-19-les-annees-90"},"wordCount":255,"commentCount":0,"publisher":{"@id":"https:\/\/ess-villars.ch\/de\/#organization"},"image":{"@id":"https:\/\/ess-villars.ch\/de\/blogs\/item\/2555-episode-19-les-annees-90#primaryimage"},"thumbnailUrl":"https:\/\/ess-villars.ch\/wp-content\/uploads\/2023\/08\/groupe.jpg","articleSection":["Geschichte"],"inLanguage":"de","potentialAction":[{"@type":"CommentAction","name":"Comment","target":["https:\/\/ess-villars.ch\/de\/blogs\/item\/2555-episode-19-les-annees-90#respond"]}]},{"@type":"WebPage","@id":"https:\/\/ess-villars.ch\/de\/blogs\/item\/2555-episode-19-les-annees-90","url":"https:\/\/ess-villars.ch\/de\/blogs\/item\/2555-episode-19-les-annees-90","name":"Episode 19: Die 90er Jahre - ESS Villars","isPartOf":{"@id":"https:\/\/ess-villars.ch\/de\/#website"},"primaryImageOfPage":{"@id":"https:\/\/ess-villars.ch\/de\/blogs\/item\/2555-episode-19-les-annees-90#primaryimage"},"image":{"@id":"https:\/\/ess-villars.ch\/de\/blogs\/item\/2555-episode-19-les-annees-90#primaryimage"},"thumbnailUrl":"https:\/\/ess-villars.ch\/wp-content\/uploads\/2023\/08\/groupe.jpg","datePublished":"2023-08-30T14:42:24+00:00","dateModified":"2023-11-24T06:00:19+00:00","description":"Die 90er Jahre Im Skibereich ver\u00e4ndert die Einf\u00fchrung der ersten Carving-Skier die technischen M\u00f6glichkeiten erheblich. ...","breadcrumb":{"@id":"https:\/\/ess-villars.ch\/de\/blogs\/item\/2555-episode-19-les-annees-90#breadcrumb"},"inLanguage":"de","potentialAction":[{"@type":"ReadAction","target":["https:\/\/ess-villars.ch\/de\/blogs\/item\/2555-episode-19-les-annees-90"]}]},{"@type":"ImageObject","inLanguage":"de","@id":"https:\/\/ess-villars.ch\/de\/blogs\/item\/2555-episode-19-les-annees-90#primaryimage","url":"https:\/\/ess-villars.ch\/wp-content\/uploads\/2023\/08\/groupe.jpg","contentUrl":"https:\/\/ess-villars.ch\/wp-content\/uploads\/2023\/08\/groupe.jpg","width":2208,"height":1492},{"@type":"BreadcrumbList","@id":"https:\/\/ess-villars.ch\/de\/blogs\/item\/2555-episode-19-les-annees-90#breadcrumb","itemListElement":[{"@type":"ListItem","position":1,"name":"Home","item":"https:\/\/ess-villars.ch\/de\/"},{"@type":"ListItem","position":2,"name":"Episode 19: Die 90er Jahre"}]},{"@type":"WebSite","@id":"https:\/\/ess-villars.ch\/de\/#website","url":"https:\/\/ess-villars.ch\/de\/","name":"ESS Villars","description":"Join the red legend !","publisher":{"@id":"https:\/\/ess-villars.ch\/de\/#organization"},"potentialAction":[{"@type":"SearchAction","target":{"@type":"EntryPoint","urlTemplate":"https:\/\/ess-villars.ch\/de\/?s={search_term_string}"},"query-input":{"@type":"PropertyValueSpecification","valueRequired":true,"valueName":"search_term_string"}}],"inLanguage":"de"},{"@type":"Organization","@id":"https:\/\/ess-villars.ch\/de\/#organization","name":"ESS Villars","url":"https:\/\/ess-villars.ch\/de\/","logo":{"@type":"ImageObject","inLanguage":"de","@id":"https:\/\/ess-villars.ch\/de\/#\/schema\/logo\/image\/","url":"https:\/\/ess-villars.ch\/wp-content\/uploads\/2023\/08\/ESS_Villars_logo_png.png","contentUrl":"https:\/\/ess-villars.ch\/wp-content\/uploads\/2023\/08\/ESS_Villars_logo_png.png","width":1181,"height":1181,"caption":"ESS Villars"},"image":{"@id":"https:\/\/ess-villars.ch\/de\/#\/schema\/logo\/image\/"}},{"@type":"Person","@id":"https:\/\/ess-villars.ch\/de\/#\/schema\/person\/0f30ecd734c125feb7718cb834b17b33","name":"Admin_ess_1234","image":{"@type":"ImageObject","inLanguage":"de","@id":"https:\/\/secure.gravatar.com\/avatar\/5fa0ab8129cd20f0a7834bfabb7e7a1558862e46633c891c431236a50cc39ab9?s=96&d=mm&r=g","url":"https:\/\/secure.gravatar.com\/avatar\/5fa0ab8129cd20f0a7834bfabb7e7a1558862e46633c891c431236a50cc39ab9?s=96&d=mm&r=g","contentUrl":"https:\/\/secure.gravatar.com\/avatar\/5fa0ab8129cd20f0a7834bfabb7e7a1558862e46633c891c431236a50cc39ab9?s=96&d=mm&r=g","caption":"Admin_ess_1234"},"sameAs":["https:\/\/ess-villars.ch"]}]}},"_links":{"self":[{"href":"https:\/\/ess-villars.ch\/de\/wp-json\/wp\/v2\/posts\/36292","targetHints":{"allow":["GET"]}}],"collection":[{"href":"https:\/\/ess-villars.ch\/de\/wp-json\/wp\/v2\/posts"}],"about":[{"href":"https:\/\/ess-villars.ch\/de\/wp-json\/wp\/v2\/types\/post"}],"author":[{"embeddable":true,"href":"https:\/\/ess-villars.ch\/de\/wp-json\/wp\/v2\/users\/1"}],"replies":[{"embeddable":true,"href":"https:\/\/ess-villars.ch\/de\/wp-json\/wp\/v2\/comments?post=36292"}],"version-history":[{"count":1,"href":"https:\/\/ess-villars.ch\/de\/wp-json\/wp\/v2\/posts\/36292\/revisions"}],"predecessor-version":[{"id":37303,"href":"https:\/\/ess-villars.ch\/de\/wp-json\/wp\/v2\/posts\/36292\/revisions\/37303"}],"wp:featuredmedia":[{"embeddable":true,"href":"https:\/\/ess-villars.ch\/de\/wp-json\/wp\/v2\/media\/34536"}],"wp:attachment":[{"href":"https:\/\/ess-villars.ch\/de\/wp-json\/wp\/v2\/media?parent=36292"}],"wp:term":[{"taxonomy":"category","embeddable":true,"href":"https:\/\/ess-villars.ch\/de\/wp-json\/wp\/v2\/categories?post=36292"},{"taxonomy":"post_tag","embeddable":true,"href":"https:\/\/ess-villars.ch\/de\/wp-json\/wp\/v2\/tags?post=36292"}],"curies":[{"name":"wp","href":"https:\/\/api.w.org\/{rel}","templated":true}]}}