{"id":36286,"date":"2023-08-30T16:39:23","date_gmt":"2023-08-30T14:39:23","guid":{"rendered":"https:\/\/hebergement2.ch\/episode-22-das-neue-jahrtausend\/"},"modified":"2023-11-24T07:00:18","modified_gmt":"2023-11-24T06:00:18","slug":"episode-22-das-neue-jahrtausend","status":"publish","type":"post","link":"https:\/\/ess-villars.ch\/de\/blogs\/item\/2560-episode-22-le-nouveau-millenaire","title":{"rendered":"Episode 22: Das neue Jahrtausend"},"content":{"rendered":"<h2>Das neue Jahrtausend<\/h2>\n<p>In Villars wird das neue Jahrtausend mit einem pr\u00e4chtigen Feuerwerk eingel\u00e4utet. Die Ankunft von \u201eEasyjet\u201c am Genfer Airport und ein starkes britisches Pfund f\u00fchren zu einer Verdoppelung der Zahl englischer Besucher. Die Einf\u00fchrung des Euro f\u00fchrt zu einer deutlichen Steigerung der Attraktivit\u00e4t des Tourismusstandorts Schweiz und tr\u00e4gt zu einem gewaltigen Immobilienboom bei. Im Wintertourismus w\u00e4chst das Interesse an \u201eNatursportarten\u201c, insbesondere am Schneeschuhwandern, w\u00e4hrend die \u201eFree-Access\u201c-Karte zu einer R\u00fcckkehr des Sommertourismus f\u00fchrt.<\/p>\n<p>Der Klimawandel ist in aller Munde, aber dank der unerm\u00fcdlichen Arbeit der Skilifte und des &#8211; wenn auch noch begrenzten &#8211; Einsatzes von Schneekanonen k\u00f6nnen die manchmal launischen Schneeverh\u00e4ltnisse ausgeglichen werden. Das Skigebiet setzt seine Verj\u00fcngungskur mit der Renovierung der Anlagen des Glacier 3000 fort, vor allem aber mit dem neuen Sessellift \u201ela Rasse-Chaux Ronde\u201c und der Einweihung der neuen Seilbahn Roc d&#8216; Orsay im Dezember 2006.<\/p>\n<p><img fetchpriority=\"high\" decoding=\"async\" class=\"aligncenter size-large wp-image-29555\" src=\"https:\/\/ess-villars.ch\/wp-content\/uploads\/2023\/08\/prof-groupe-1024x690.jpg\" alt=\"\" width=\"800\" height=\"539\" srcset=\"https:\/\/ess-villars.ch\/wp-content\/uploads\/2023\/08\/prof-groupe-1024x690.jpg 1024w, https:\/\/ess-villars.ch\/wp-content\/uploads\/2023\/08\/prof-groupe-300x202.jpg 300w, https:\/\/ess-villars.ch\/wp-content\/uploads\/2023\/08\/prof-groupe-768x518.jpg 768w, https:\/\/ess-villars.ch\/wp-content\/uploads\/2023\/08\/prof-groupe-1536x1035.jpg 1536w, https:\/\/ess-villars.ch\/wp-content\/uploads\/2023\/08\/prof-groupe-2048x1380.jpg 2048w\" sizes=\"(max-width: 800px) 100vw, 800px\" \/><\/p>\n<p>Die Carving-Skier verleihen der Skiwelt neue Dynamik. Skifahrer treffen in den \u201eSnow-Parks\u201c vermehrt auf Snowboarder und die Entwicklung von \u201eFreeride\u201c-Skiern macht das Skifahren abseits der Pisten f\u00fcr alle zug\u00e4nglich.<\/p>\n<p>F\u00fcr die Schweizer Skischule Villars liegt die Herausforderung in der st\u00e4ndigen Anpassung an die neuen Moden und Gewohnheiten der G\u00e4ste des Skigebiets. Zwar ist die durchschnittliche Aufenthaltsdauer auf vier Tage gesunken, aber die Kurse werden zunehmend ganzt\u00e4gig gebucht. Die ungebremste Entwicklung neuer Kommunikationstechnologien bringt die Schweizer Skischule auf die ersten Spuren der Digitalisierung. 2001 verzeichnet die Skischule ihre ersten Buchungen \u00fcber das Internet. Dies ist nur ein erster Schritt: Im selben Winter 2008 pr\u00e4sentiert die Schweizer Skischule ein in Europa einzigartiges computergest\u00fctztes Buchungs- und Verwaltungssystem.<\/p>\n<p><img decoding=\"async\" class=\"aligncenter size-large wp-image-29553\" src=\"https:\/\/ess-villars.ch\/wp-content\/uploads\/2023\/08\/villars-101-1024x768.jpeg\" alt=\"\" width=\"800\" height=\"600\" srcset=\"https:\/\/ess-villars.ch\/wp-content\/uploads\/2023\/08\/villars-101-1024x768.jpeg 1024w, https:\/\/ess-villars.ch\/wp-content\/uploads\/2023\/08\/villars-101-300x225.jpeg 300w, https:\/\/ess-villars.ch\/wp-content\/uploads\/2023\/08\/villars-101-768x576.jpeg 768w, https:\/\/ess-villars.ch\/wp-content\/uploads\/2023\/08\/villars-101-1536x1152.jpeg 1536w, https:\/\/ess-villars.ch\/wp-content\/uploads\/2023\/08\/villars-101-2048x1536.jpeg 2048w\" sizes=\"(max-width: 800px) 100vw, 800px\" \/><\/p>\n<p>Um die Jahrhundertwende erlebt die Schweizer Skischule mit der \u00dcbernahme des Skiunterrichts f\u00fcr den Club M\u00e9diterran\u00e9e eine sehr wichtige Entwicklung. Die ganze Saison \u00fcber betreuen hier zwanzig bis vierzig Lehrer Ski-, Snowboard- und Schneeschuhgruppen.<\/p>\n<p>Der Skiunterricht f\u00fcr Kinder erf\u00e4hrt einen rasanten Boom. Die Schweizer Skischule investiert in verschiedene aufblasbare Strukturen f\u00fcr ihre Schneeg\u00e4rten. W\u00e4hrend der Schulzeit werden im \u201eJunior Ski\u201c bis zu 150 Kinder ganzt\u00e4gig betreut und in den Gruppenkursen am Vormittag nehmen bis zu 600 junge Sch\u00fcler teil. Der Kinderhort wird vollst\u00e4ndig renoviert und die Skischule installiert in Zusammenarbeit mit den Skiliften F\u00f6rderb\u00e4nder in ihren Schneeg\u00e4rten.<\/p>\n<p><img decoding=\"async\" class=\"aligncenter size-large wp-image-29554\" src=\"https:\/\/ess-villars.ch\/wp-content\/uploads\/2023\/08\/IMG-789-1024x723.jpg\" alt=\"\" width=\"800\" height=\"565\" srcset=\"https:\/\/ess-villars.ch\/wp-content\/uploads\/2023\/08\/IMG-789-1024x723.jpg 1024w, https:\/\/ess-villars.ch\/wp-content\/uploads\/2023\/08\/IMG-789-300x212.jpg 300w, https:\/\/ess-villars.ch\/wp-content\/uploads\/2023\/08\/IMG-789-768x542.jpg 768w, https:\/\/ess-villars.ch\/wp-content\/uploads\/2023\/08\/IMG-789-1536x1084.jpg 1536w, https:\/\/ess-villars.ch\/wp-content\/uploads\/2023\/08\/IMG-789-2048x1445.jpg 2048w\" sizes=\"(max-width: 800px) 100vw, 800px\" \/><\/p>\n<p>Auf struktureller Ebene setzt die Schweizer Skischule Villars ihre Entwicklung fort. W\u00e4hrend der Saison werden f\u00fcnf Sekret\u00e4rinnen und eine Kinderg\u00e4rtnerin eingestellt, w\u00e4hrend zwei Animateure zwei \u201eSchneeg\u00e4rten\u201c und einen \u201eMagic Park\u201c f\u00fcr die \u00e4lteren Kinder betreuen. Marc-Henri Duc holt sich mit Pascal Brunner einen Vizedirektor, der sich bereits im Club M\u00e9diterran\u00e9e um das Skifahren k\u00fcmmert.<\/p>\n<p>Er delegiert die gesamte Skilehrerausbildung an Annick Bonzon, die im Jahr 2000 zur technischen Leiterin ernannt wurde. Andr\u00e9as Geissberger ist f\u00fcr die Ausbildung der Snowboarder zust\u00e4ndig. Schnell entwickelt sich die Schweizer Skischule Villars zu einer der gr\u00f6ssten ausbildenden Schulen der Schweiz. Die Qualit\u00e4t ihrer Ausbildung ist im ganzen Land anerkannt.<\/p>\n<p>In den letzten Jahren hat sich die Schweizer Skischule Villars unter den Top 3 der gr\u00f6ssten Skischulen des Landes etabliert. Sch\u00e4tzungsweise 25 000 Personen nehmen jeden Winter die Dienste der 300 Skilehrer in Anspruch.<\/p>\n<p>2003 gewinnt die Schweizer Skischule Villars zum zweiten Mal die B\u00fcndnismeisterschaften der Schweizer Skischulen. J\u00f6rg Roten ist bei den Weltmeisterschaften der Skilehrer erfolgreich.<\/p>\n","protected":false},"excerpt":{"rendered":"<p>Das neue Jahrtausend In Villars wird das neue Jahrtausend mit einem pr\u00e4chtigen Feuerwerk eingel\u00e4utet. Die Ankunft von \u201eEasyjet\u201c am Genfer Airport und ein starkes britisches Pfund f\u00fchren zu einer Verdoppelung der Zahl englischer Besucher. Die Einf\u00fchrung des Euro f\u00fchrt zu einer deutlichen Steigerung der Attraktivit\u00e4t des Tourismusstandorts Schweiz und tr\u00e4gt zu einem gewaltigen Immobilienboom bei. [&hellip;]<\/p>\n","protected":false},"author":1,"featured_media":34518,"comment_status":"open","ping_status":"open","sticky":false,"template":"","format":"standard","meta":{"_acf_changed":false,"footnotes":""},"categories":[85],"tags":[],"class_list":["post-36286","post","type-post","status-publish","format-standard","has-post-thumbnail","hentry","category-geschichte"],"acf":[],"yoast_head":"<!-- This site is optimized with the Yoast SEO plugin v27.5 - https:\/\/yoast.com\/product\/yoast-seo-wordpress\/ -->\n<title>Episode 22: Das neue Jahrtausend - ESS Villars<\/title>\n<meta name=\"description\" content=\"Das neue Jahrtausend In Villars wird das neue Jahrtausend mit einem pr\u00e4chtigen Feuerwerk eingel\u00e4utet. Die Ankunft...\" \/>\n<meta name=\"robots\" content=\"index, follow, max-snippet:-1, max-image-preview:large, max-video-preview:-1\" \/>\n<link rel=\"canonical\" href=\"https:\/\/ess-villars.ch\/de\/blogs\/item\/2560-episode-22-le-nouveau-millenaire\/\" \/>\n<meta property=\"og:locale\" content=\"de_DE\" \/>\n<meta property=\"og:type\" content=\"article\" \/>\n<meta property=\"og:title\" content=\"Episode 22: Das neue Jahrtausend - ESS Villars\" \/>\n<meta property=\"og:description\" content=\"Das neue Jahrtausend In Villars wird das neue Jahrtausend mit einem pr\u00e4chtigen Feuerwerk eingel\u00e4utet. Die Ankunft...\" \/>\n<meta property=\"og:url\" content=\"https:\/\/ess-villars.ch\/de\/blogs\/item\/2560-episode-22-le-nouveau-millenaire\" \/>\n<meta property=\"og:site_name\" content=\"ESS Villars\" \/>\n<meta property=\"article:published_time\" content=\"2023-08-30T14:39:23+00:00\" \/>\n<meta property=\"article:modified_time\" content=\"2023-11-24T06:00:18+00:00\" \/>\n<meta property=\"og:image\" content=\"https:\/\/ess-villars.ch\/wp-content\/uploads\/2023\/08\/IMG-789.jpg\" \/>\n\t<meta property=\"og:image:width\" content=\"2556\" \/>\n\t<meta property=\"og:image:height\" content=\"1804\" \/>\n\t<meta property=\"og:image:type\" content=\"image\/jpeg\" \/>\n<meta name=\"author\" content=\"Admin_ess_1234\" \/>\n<meta name=\"twitter:card\" content=\"summary_large_image\" \/>\n<meta name=\"twitter:label1\" content=\"Verfasst von\" \/>\n\t<meta name=\"twitter:data1\" content=\"Admin_ess_1234\" \/>\n\t<meta name=\"twitter:label2\" content=\"Gesch\u00e4tzte Lesezeit\" \/>\n\t<meta name=\"twitter:data2\" content=\"3\u00a0Minuten\" \/>\n<script type=\"application\/ld+json\" class=\"yoast-schema-graph\">{\"@context\":\"https:\\\/\\\/schema.org\",\"@graph\":[{\"@type\":\"Article\",\"@id\":\"https:\\\/\\\/ess-villars.ch\\\/de\\\/blogs\\\/item\\\/2560-episode-22-le-nouveau-millenaire#article\",\"isPartOf\":{\"@id\":\"https:\\\/\\\/ess-villars.ch\\\/de\\\/blogs\\\/item\\\/2560-episode-22-le-nouveau-millenaire\"},\"author\":{\"name\":\"Admin_ess_1234\",\"@id\":\"https:\\\/\\\/ess-villars.ch\\\/de\\\/#\\\/schema\\\/person\\\/0f30ecd734c125feb7718cb834b17b33\"},\"headline\":\"Episode 22: Das neue Jahrtausend\",\"datePublished\":\"2023-08-30T14:39:23+00:00\",\"dateModified\":\"2023-11-24T06:00:18+00:00\",\"mainEntityOfPage\":{\"@id\":\"https:\\\/\\\/ess-villars.ch\\\/de\\\/blogs\\\/item\\\/2560-episode-22-le-nouveau-millenaire\"},\"wordCount\":563,\"commentCount\":0,\"publisher\":{\"@id\":\"https:\\\/\\\/ess-villars.ch\\\/de\\\/#organization\"},\"image\":{\"@id\":\"https:\\\/\\\/ess-villars.ch\\\/de\\\/blogs\\\/item\\\/2560-episode-22-le-nouveau-millenaire#primaryimage\"},\"thumbnailUrl\":\"https:\\\/\\\/ess-villars.ch\\\/wp-content\\\/uploads\\\/2023\\\/08\\\/IMG-789.jpg\",\"articleSection\":[\"Geschichte\"],\"inLanguage\":\"de\",\"potentialAction\":[{\"@type\":\"CommentAction\",\"name\":\"Comment\",\"target\":[\"https:\\\/\\\/ess-villars.ch\\\/de\\\/blogs\\\/item\\\/2560-episode-22-le-nouveau-millenaire#respond\"]}]},{\"@type\":\"WebPage\",\"@id\":\"https:\\\/\\\/ess-villars.ch\\\/de\\\/blogs\\\/item\\\/2560-episode-22-le-nouveau-millenaire\",\"url\":\"https:\\\/\\\/ess-villars.ch\\\/de\\\/blogs\\\/item\\\/2560-episode-22-le-nouveau-millenaire\",\"name\":\"Episode 22: Das neue Jahrtausend - ESS Villars\",\"isPartOf\":{\"@id\":\"https:\\\/\\\/ess-villars.ch\\\/de\\\/#website\"},\"primaryImageOfPage\":{\"@id\":\"https:\\\/\\\/ess-villars.ch\\\/de\\\/blogs\\\/item\\\/2560-episode-22-le-nouveau-millenaire#primaryimage\"},\"image\":{\"@id\":\"https:\\\/\\\/ess-villars.ch\\\/de\\\/blogs\\\/item\\\/2560-episode-22-le-nouveau-millenaire#primaryimage\"},\"thumbnailUrl\":\"https:\\\/\\\/ess-villars.ch\\\/wp-content\\\/uploads\\\/2023\\\/08\\\/IMG-789.jpg\",\"datePublished\":\"2023-08-30T14:39:23+00:00\",\"dateModified\":\"2023-11-24T06:00:18+00:00\",\"description\":\"Das neue Jahrtausend In Villars wird das neue Jahrtausend mit einem pr\u00e4chtigen Feuerwerk eingel\u00e4utet. Die Ankunft...\",\"breadcrumb\":{\"@id\":\"https:\\\/\\\/ess-villars.ch\\\/de\\\/blogs\\\/item\\\/2560-episode-22-le-nouveau-millenaire#breadcrumb\"},\"inLanguage\":\"de\",\"potentialAction\":[{\"@type\":\"ReadAction\",\"target\":[\"https:\\\/\\\/ess-villars.ch\\\/de\\\/blogs\\\/item\\\/2560-episode-22-le-nouveau-millenaire\"]}]},{\"@type\":\"ImageObject\",\"inLanguage\":\"de\",\"@id\":\"https:\\\/\\\/ess-villars.ch\\\/de\\\/blogs\\\/item\\\/2560-episode-22-le-nouveau-millenaire#primaryimage\",\"url\":\"https:\\\/\\\/ess-villars.ch\\\/wp-content\\\/uploads\\\/2023\\\/08\\\/IMG-789.jpg\",\"contentUrl\":\"https:\\\/\\\/ess-villars.ch\\\/wp-content\\\/uploads\\\/2023\\\/08\\\/IMG-789.jpg\",\"width\":2556,\"height\":1804},{\"@type\":\"BreadcrumbList\",\"@id\":\"https:\\\/\\\/ess-villars.ch\\\/de\\\/blogs\\\/item\\\/2560-episode-22-le-nouveau-millenaire#breadcrumb\",\"itemListElement\":[{\"@type\":\"ListItem\",\"position\":1,\"name\":\"Home\",\"item\":\"https:\\\/\\\/ess-villars.ch\\\/de\\\/\"},{\"@type\":\"ListItem\",\"position\":2,\"name\":\"Episode 22: Das neue Jahrtausend\"}]},{\"@type\":\"WebSite\",\"@id\":\"https:\\\/\\\/ess-villars.ch\\\/de\\\/#website\",\"url\":\"https:\\\/\\\/ess-villars.ch\\\/de\\\/\",\"name\":\"ESS Villars\",\"description\":\"Join the red legend !\",\"publisher\":{\"@id\":\"https:\\\/\\\/ess-villars.ch\\\/de\\\/#organization\"},\"potentialAction\":[{\"@type\":\"SearchAction\",\"target\":{\"@type\":\"EntryPoint\",\"urlTemplate\":\"https:\\\/\\\/ess-villars.ch\\\/de\\\/?s={search_term_string}\"},\"query-input\":{\"@type\":\"PropertyValueSpecification\",\"valueRequired\":true,\"valueName\":\"search_term_string\"}}],\"inLanguage\":\"de\"},{\"@type\":\"Organization\",\"@id\":\"https:\\\/\\\/ess-villars.ch\\\/de\\\/#organization\",\"name\":\"ESS Villars\",\"url\":\"https:\\\/\\\/ess-villars.ch\\\/de\\\/\",\"logo\":{\"@type\":\"ImageObject\",\"inLanguage\":\"de\",\"@id\":\"https:\\\/\\\/ess-villars.ch\\\/de\\\/#\\\/schema\\\/logo\\\/image\\\/\",\"url\":\"https:\\\/\\\/ess-villars.ch\\\/wp-content\\\/uploads\\\/2023\\\/08\\\/ESS_Villars_logo_png.png\",\"contentUrl\":\"https:\\\/\\\/ess-villars.ch\\\/wp-content\\\/uploads\\\/2023\\\/08\\\/ESS_Villars_logo_png.png\",\"width\":1181,\"height\":1181,\"caption\":\"ESS Villars\"},\"image\":{\"@id\":\"https:\\\/\\\/ess-villars.ch\\\/de\\\/#\\\/schema\\\/logo\\\/image\\\/\"}},{\"@type\":\"Person\",\"@id\":\"https:\\\/\\\/ess-villars.ch\\\/de\\\/#\\\/schema\\\/person\\\/0f30ecd734c125feb7718cb834b17b33\",\"name\":\"Admin_ess_1234\",\"image\":{\"@type\":\"ImageObject\",\"inLanguage\":\"de\",\"@id\":\"https:\\\/\\\/secure.gravatar.com\\\/avatar\\\/5fa0ab8129cd20f0a7834bfabb7e7a1558862e46633c891c431236a50cc39ab9?s=96&d=mm&r=g\",\"url\":\"https:\\\/\\\/secure.gravatar.com\\\/avatar\\\/5fa0ab8129cd20f0a7834bfabb7e7a1558862e46633c891c431236a50cc39ab9?s=96&d=mm&r=g\",\"contentUrl\":\"https:\\\/\\\/secure.gravatar.com\\\/avatar\\\/5fa0ab8129cd20f0a7834bfabb7e7a1558862e46633c891c431236a50cc39ab9?s=96&d=mm&r=g\",\"caption\":\"Admin_ess_1234\"},\"sameAs\":[\"https:\\\/\\\/ess-villars.ch\"]}]}<\/script>\n<!-- \/ Yoast SEO plugin. -->","yoast_head_json":{"title":"Episode 22: Das neue Jahrtausend - ESS Villars","description":"Das neue Jahrtausend In Villars wird das neue Jahrtausend mit einem pr\u00e4chtigen Feuerwerk eingel\u00e4utet. Die Ankunft...","robots":{"index":"index","follow":"follow","max-snippet":"max-snippet:-1","max-image-preview":"max-image-preview:large","max-video-preview":"max-video-preview:-1"},"canonical":"https:\/\/ess-villars.ch\/de\/blogs\/item\/2560-episode-22-le-nouveau-millenaire\/","og_locale":"de_DE","og_type":"article","og_title":"Episode 22: Das neue Jahrtausend - ESS Villars","og_description":"Das neue Jahrtausend In Villars wird das neue Jahrtausend mit einem pr\u00e4chtigen Feuerwerk eingel\u00e4utet. Die Ankunft...","og_url":"https:\/\/ess-villars.ch\/de\/blogs\/item\/2560-episode-22-le-nouveau-millenaire","og_site_name":"ESS Villars","article_published_time":"2023-08-30T14:39:23+00:00","article_modified_time":"2023-11-24T06:00:18+00:00","og_image":[{"width":2556,"height":1804,"url":"https:\/\/ess-villars.ch\/wp-content\/uploads\/2023\/08\/IMG-789.jpg","type":"image\/jpeg"}],"author":"Admin_ess_1234","twitter_card":"summary_large_image","twitter_misc":{"Verfasst von":"Admin_ess_1234","Gesch\u00e4tzte Lesezeit":"3\u00a0Minuten"},"schema":{"@context":"https:\/\/schema.org","@graph":[{"@type":"Article","@id":"https:\/\/ess-villars.ch\/de\/blogs\/item\/2560-episode-22-le-nouveau-millenaire#article","isPartOf":{"@id":"https:\/\/ess-villars.ch\/de\/blogs\/item\/2560-episode-22-le-nouveau-millenaire"},"author":{"name":"Admin_ess_1234","@id":"https:\/\/ess-villars.ch\/de\/#\/schema\/person\/0f30ecd734c125feb7718cb834b17b33"},"headline":"Episode 22: Das neue Jahrtausend","datePublished":"2023-08-30T14:39:23+00:00","dateModified":"2023-11-24T06:00:18+00:00","mainEntityOfPage":{"@id":"https:\/\/ess-villars.ch\/de\/blogs\/item\/2560-episode-22-le-nouveau-millenaire"},"wordCount":563,"commentCount":0,"publisher":{"@id":"https:\/\/ess-villars.ch\/de\/#organization"},"image":{"@id":"https:\/\/ess-villars.ch\/de\/blogs\/item\/2560-episode-22-le-nouveau-millenaire#primaryimage"},"thumbnailUrl":"https:\/\/ess-villars.ch\/wp-content\/uploads\/2023\/08\/IMG-789.jpg","articleSection":["Geschichte"],"inLanguage":"de","potentialAction":[{"@type":"CommentAction","name":"Comment","target":["https:\/\/ess-villars.ch\/de\/blogs\/item\/2560-episode-22-le-nouveau-millenaire#respond"]}]},{"@type":"WebPage","@id":"https:\/\/ess-villars.ch\/de\/blogs\/item\/2560-episode-22-le-nouveau-millenaire","url":"https:\/\/ess-villars.ch\/de\/blogs\/item\/2560-episode-22-le-nouveau-millenaire","name":"Episode 22: Das neue Jahrtausend - ESS Villars","isPartOf":{"@id":"https:\/\/ess-villars.ch\/de\/#website"},"primaryImageOfPage":{"@id":"https:\/\/ess-villars.ch\/de\/blogs\/item\/2560-episode-22-le-nouveau-millenaire#primaryimage"},"image":{"@id":"https:\/\/ess-villars.ch\/de\/blogs\/item\/2560-episode-22-le-nouveau-millenaire#primaryimage"},"thumbnailUrl":"https:\/\/ess-villars.ch\/wp-content\/uploads\/2023\/08\/IMG-789.jpg","datePublished":"2023-08-30T14:39:23+00:00","dateModified":"2023-11-24T06:00:18+00:00","description":"Das neue Jahrtausend In Villars wird das neue Jahrtausend mit einem pr\u00e4chtigen Feuerwerk eingel\u00e4utet. Die Ankunft...","breadcrumb":{"@id":"https:\/\/ess-villars.ch\/de\/blogs\/item\/2560-episode-22-le-nouveau-millenaire#breadcrumb"},"inLanguage":"de","potentialAction":[{"@type":"ReadAction","target":["https:\/\/ess-villars.ch\/de\/blogs\/item\/2560-episode-22-le-nouveau-millenaire"]}]},{"@type":"ImageObject","inLanguage":"de","@id":"https:\/\/ess-villars.ch\/de\/blogs\/item\/2560-episode-22-le-nouveau-millenaire#primaryimage","url":"https:\/\/ess-villars.ch\/wp-content\/uploads\/2023\/08\/IMG-789.jpg","contentUrl":"https:\/\/ess-villars.ch\/wp-content\/uploads\/2023\/08\/IMG-789.jpg","width":2556,"height":1804},{"@type":"BreadcrumbList","@id":"https:\/\/ess-villars.ch\/de\/blogs\/item\/2560-episode-22-le-nouveau-millenaire#breadcrumb","itemListElement":[{"@type":"ListItem","position":1,"name":"Home","item":"https:\/\/ess-villars.ch\/de\/"},{"@type":"ListItem","position":2,"name":"Episode 22: Das neue Jahrtausend"}]},{"@type":"WebSite","@id":"https:\/\/ess-villars.ch\/de\/#website","url":"https:\/\/ess-villars.ch\/de\/","name":"ESS Villars","description":"Join the red legend !","publisher":{"@id":"https:\/\/ess-villars.ch\/de\/#organization"},"potentialAction":[{"@type":"SearchAction","target":{"@type":"EntryPoint","urlTemplate":"https:\/\/ess-villars.ch\/de\/?s={search_term_string}"},"query-input":{"@type":"PropertyValueSpecification","valueRequired":true,"valueName":"search_term_string"}}],"inLanguage":"de"},{"@type":"Organization","@id":"https:\/\/ess-villars.ch\/de\/#organization","name":"ESS Villars","url":"https:\/\/ess-villars.ch\/de\/","logo":{"@type":"ImageObject","inLanguage":"de","@id":"https:\/\/ess-villars.ch\/de\/#\/schema\/logo\/image\/","url":"https:\/\/ess-villars.ch\/wp-content\/uploads\/2023\/08\/ESS_Villars_logo_png.png","contentUrl":"https:\/\/ess-villars.ch\/wp-content\/uploads\/2023\/08\/ESS_Villars_logo_png.png","width":1181,"height":1181,"caption":"ESS Villars"},"image":{"@id":"https:\/\/ess-villars.ch\/de\/#\/schema\/logo\/image\/"}},{"@type":"Person","@id":"https:\/\/ess-villars.ch\/de\/#\/schema\/person\/0f30ecd734c125feb7718cb834b17b33","name":"Admin_ess_1234","image":{"@type":"ImageObject","inLanguage":"de","@id":"https:\/\/secure.gravatar.com\/avatar\/5fa0ab8129cd20f0a7834bfabb7e7a1558862e46633c891c431236a50cc39ab9?s=96&d=mm&r=g","url":"https:\/\/secure.gravatar.com\/avatar\/5fa0ab8129cd20f0a7834bfabb7e7a1558862e46633c891c431236a50cc39ab9?s=96&d=mm&r=g","contentUrl":"https:\/\/secure.gravatar.com\/avatar\/5fa0ab8129cd20f0a7834bfabb7e7a1558862e46633c891c431236a50cc39ab9?s=96&d=mm&r=g","caption":"Admin_ess_1234"},"sameAs":["https:\/\/ess-villars.ch"]}]}},"_links":{"self":[{"href":"https:\/\/ess-villars.ch\/de\/wp-json\/wp\/v2\/posts\/36286","targetHints":{"allow":["GET"]}}],"collection":[{"href":"https:\/\/ess-villars.ch\/de\/wp-json\/wp\/v2\/posts"}],"about":[{"href":"https:\/\/ess-villars.ch\/de\/wp-json\/wp\/v2\/types\/post"}],"author":[{"embeddable":true,"href":"https:\/\/ess-villars.ch\/de\/wp-json\/wp\/v2\/users\/1"}],"replies":[{"embeddable":true,"href":"https:\/\/ess-villars.ch\/de\/wp-json\/wp\/v2\/comments?post=36286"}],"version-history":[{"count":1,"href":"https:\/\/ess-villars.ch\/de\/wp-json\/wp\/v2\/posts\/36286\/revisions"}],"predecessor-version":[{"id":37293,"href":"https:\/\/ess-villars.ch\/de\/wp-json\/wp\/v2\/posts\/36286\/revisions\/37293"}],"wp:featuredmedia":[{"embeddable":true,"href":"https:\/\/ess-villars.ch\/de\/wp-json\/wp\/v2\/media\/34518"}],"wp:attachment":[{"href":"https:\/\/ess-villars.ch\/de\/wp-json\/wp\/v2\/media?parent=36286"}],"wp:term":[{"taxonomy":"category","embeddable":true,"href":"https:\/\/ess-villars.ch\/de\/wp-json\/wp\/v2\/categories?post=36286"},{"taxonomy":"post_tag","embeddable":true,"href":"https:\/\/ess-villars.ch\/de\/wp-json\/wp\/v2\/tags?post=36286"}],"curies":[{"name":"wp","href":"https:\/\/api.w.org\/{rel}","templated":true}]}}